
			
				
				
					
				

			
		{"items":"\n\t\t\t\t\t\t\t\t\t\t\t\n<article id=\"post-38842\" class=\"blog-design-masonry blog-post-loop blog-style-bg wd-add-shadow  col-lg-4 col-md-4 col-sm-6 col-12 post-38842 post type-post status-publish format-standard has-post-thumbnail hentry category-dieta\">\n\t<div class=\"article-inner\">\n\t\t\t\t\t<header class=\"entry-header\">\n\t\t\t\t\t\t\t\t\t\n\t\t\t\t\t<figure id=\"carousel-442\" class=\"entry-thumbnail\" data-owl-carousel data-hide_pagination_control=\"yes\" data-desktop=\"1\" data-tablet=\"1\" data-tablet_landscape=\"1\" data-mobile=\"1\">\n\t\t\t\t\t\t\n\t\t\t\t\t\t\t<div class=\"post-img-wrapp\">\n\t\t\t\t\t\t\t\t<a href=\"https:\/\/almafitness.com.br\/desinchar-barriga-rapido\/\">\n\t\t\t\t\t\t\t\t\t<img width=\"1024\" height=\"576\" src=\"https:\/\/almafitness.com.br\/wp-content\/uploads\/2023\/10\/desinchar-barriga-rapido-1024x576.webp\" class=\"attachment-large size-large\" alt=\"desinchar barriga r\u00e1pido\" decoding=\"async\" srcset=\"\/\/almafitness.com.br\/wp-content\/uploads\/2023\/10\/desinchar-barriga-rapido-1024x576.webp 1024w, \/\/almafitness.com.br\/wp-content\/uploads\/2023\/10\/desinchar-barriga-rapido-150x84.webp 150w, \/\/almafitness.com.br\/wp-content\/uploads\/2023\/10\/desinchar-barriga-rapido-300x169.webp 300w, \/\/almafitness.com.br\/wp-content\/uploads\/2023\/10\/desinchar-barriga-rapido-768x432.webp 768w, \/\/almafitness.com.br\/wp-content\/uploads\/2023\/10\/desinchar-barriga-rapido.webp 1120w\" sizes=\"(max-width: 1024px) 100vw, 1024px\" \/>\t\t\t\t\t\t\t\t<\/a>\n\t\t\t\t\t\t\t<\/div>\n\t\t\t\t\t\t\t<div class=\"post-image-mask\">\n\t\t\t\t\t\t\t\t<span><\/span>\n\t\t\t\t\t\t\t<\/div>\n\n\t\t\t\t\t\t\n\t\t\t\t\t<\/figure>\n\t\t\t\t\n\t\t\t\t\t\t\t\t\t\t\t\t<div class=\"post-date wd-post-date wd-style-with-bg\" onclick=\"\">\n\t\t\t\t<span class=\"post-date-day\">\n\t\t\t\t\t02\t\t\t\t<\/span>\n\t\t\t\t<span class=\"post-date-month\">\n\t\t\t\t\tset\t\t\t\t<\/span>\n\t\t\t<\/div>\n\t\t\t\t\t\t\n\t\t\t<\/header><!-- .entry-header -->\n\n\t\t<div class=\"article-body-container\">\n\t\t\t\n\t\t\t\t\n\t\t\t\t\t\t\t\t\t<h3 class=\"wd-entities-title title post-title\">\n\t\t\t\t\t\t<a href=\"https:\/\/almafitness.com.br\/desinchar-barriga-rapido\/\" rel=\"bookmark\">7 dicas para desinchar a barriga r\u00e1pido: elimine o incha\u00e7o em poucos dias<\/a>\n\t\t\t\t\t<\/h3>\n\t\t\t\t\n\t\t\t\t\t\t\t\n\t\t\t\t\t\t\t\n\t\t\t\t                    <div class=\"entry-content wd-entry-content\">\n\t\t\t\t\t\t<p>Descubra como eliminar incha\u00e7o abdominal de maneira r\u00e1pida e eficaz com essas dicas infal\u00edveis.<\/p>\n\n\t\t\t\t\t\t\t\t\t\t\t<\/div><!-- .entry-content -->\n\t\t\t\t\n\t\t\t\t\t\t\t\t\t\t\t\t\t\t<p class=\"read-more-section\">\n\t\t\t\t\t\t<a class=\"btn-read-more more-link\" href=\"https:\/\/almafitness.com.br\/desinchar-barriga-rapido\/\">Continue lendo<\/a>\t\t\t\t\t<\/p>\n\t\t\t\t\t\t\t\t\t\t\t\n\t\t\t\n\t\t\t\t\t<\/div>\n\t<\/div>\n<\/article><!-- #post -->\n\n\n\t\t\t\t\t\t\t\t\t\t\t\n<article id=\"post-38828\" class=\"blog-design-masonry blog-post-loop blog-style-bg wd-add-shadow  col-lg-4 col-md-4 col-sm-6 col-12 first  post-38828 post type-post status-publish format-standard has-post-thumbnail hentry category-dieta\">\n\t<div class=\"article-inner\">\n\t\t\t\t\t<header class=\"entry-header\">\n\t\t\t\t\t\t\t\t\t\n\t\t\t\t\t<figure id=\"carousel-235\" class=\"entry-thumbnail\" data-owl-carousel data-hide_pagination_control=\"yes\" data-desktop=\"1\" data-tablet=\"1\" data-tablet_landscape=\"1\" data-mobile=\"1\">\n\t\t\t\t\t\t\n\t\t\t\t\t\t\t<div class=\"post-img-wrapp\">\n\t\t\t\t\t\t\t\t<a href=\"https:\/\/almafitness.com.br\/como-emagrecer-comendo\/\">\n\t\t\t\t\t\t\t\t\t<img width=\"945\" height=\"630\" src=\"https:\/\/almafitness.com.br\/wp-content\/uploads\/2023\/10\/como-emagrecer-comendo.webp\" class=\"attachment-large size-large\" alt=\"como emagrecer comendo\" decoding=\"async\" srcset=\"\/\/almafitness.com.br\/wp-content\/uploads\/2023\/10\/como-emagrecer-comendo.webp 945w, \/\/almafitness.com.br\/wp-content\/uploads\/2023\/10\/como-emagrecer-comendo-150x100.webp 150w, \/\/almafitness.com.br\/wp-content\/uploads\/2023\/10\/como-emagrecer-comendo-300x200.webp 300w, \/\/almafitness.com.br\/wp-content\/uploads\/2023\/10\/como-emagrecer-comendo-768x512.webp 768w\" sizes=\"(max-width: 945px) 100vw, 945px\" \/>\t\t\t\t\t\t\t\t<\/a>\n\t\t\t\t\t\t\t<\/div>\n\t\t\t\t\t\t\t<div class=\"post-image-mask\">\n\t\t\t\t\t\t\t\t<span><\/span>\n\t\t\t\t\t\t\t<\/div>\n\n\t\t\t\t\t\t\n\t\t\t\t\t<\/figure>\n\t\t\t\t\n\t\t\t\t\t\t\t\t\t\t\t\t<div class=\"post-date wd-post-date wd-style-with-bg\" onclick=\"\">\n\t\t\t\t<span class=\"post-date-day\">\n\t\t\t\t\t01\t\t\t\t<\/span>\n\t\t\t\t<span class=\"post-date-month\">\n\t\t\t\t\tset\t\t\t\t<\/span>\n\t\t\t<\/div>\n\t\t\t\t\t\t\n\t\t\t<\/header><!-- .entry-header -->\n\n\t\t<div class=\"article-body-container\">\n\t\t\t\n\t\t\t\t\n\t\t\t\t\t\t\t\t\t<h3 class=\"wd-entities-title title post-title\">\n\t\t\t\t\t\t<a href=\"https:\/\/almafitness.com.br\/como-emagrecer-comendo\/\" rel=\"bookmark\">Como emagrecer comendo: Dicas para perder peso sem passar fome<\/a>\n\t\t\t\t\t<\/h3>\n\t\t\t\t\n\t\t\t\t\t\t\t\n\t\t\t\t\t\t\t\n\t\t\t\t                    <div class=\"entry-content wd-entry-content\">\n\t\t\t\t\t\t<p>Descubra como emagrecer comendo de forma saud\u00e1vel e prazerosa com essas dicas incr\u00edveis e eficazes.<\/p>\n\n\t\t\t\t\t\t\t\t\t\t\t<\/div><!-- .entry-content -->\n\t\t\t\t\n\t\t\t\t\t\t\t\t\t\t\t\t\t\t<p class=\"read-more-section\">\n\t\t\t\t\t\t<a class=\"btn-read-more more-link\" href=\"https:\/\/almafitness.com.br\/como-emagrecer-comendo\/\">Continue lendo<\/a>\t\t\t\t\t<\/p>\n\t\t\t\t\t\t\t\t\t\t\t\n\t\t\t\n\t\t\t\t\t<\/div>\n\t<\/div>\n<\/article><!-- #post -->\n\n\n\t\t\t\t\t\t\t\t\t\t\t\n<article id=\"post-38814\" class=\"blog-design-masonry blog-post-loop blog-style-bg wd-add-shadow  col-lg-4 col-md-4 col-sm-6 col-12 post-38814 post type-post status-publish format-standard has-post-thumbnail hentry category-dieta\">\n\t<div class=\"article-inner\">\n\t\t\t\t\t<header class=\"entry-header\">\n\t\t\t\t\t\t\t\t\t\n\t\t\t\t\t<figure id=\"carousel-230\" class=\"entry-thumbnail\" data-owl-carousel data-hide_pagination_control=\"yes\" data-desktop=\"1\" data-tablet=\"1\" data-tablet_landscape=\"1\" data-mobile=\"1\">\n\t\t\t\t\t\t\n\t\t\t\t\t\t\t<div class=\"post-img-wrapp\">\n\t\t\t\t\t\t\t\t<a href=\"https:\/\/almafitness.com.br\/pratos-dietas\/\">\n\t\t\t\t\t\t\t\t\t<img width=\"945\" height=\"630\" src=\"https:\/\/almafitness.com.br\/wp-content\/uploads\/2023\/10\/pratos-dietas.webp\" class=\"attachment-large size-large\" alt=\"pratos dietas\" decoding=\"async\" srcset=\"\/\/almafitness.com.br\/wp-content\/uploads\/2023\/10\/pratos-dietas.webp 945w, \/\/almafitness.com.br\/wp-content\/uploads\/2023\/10\/pratos-dietas-150x100.webp 150w, \/\/almafitness.com.br\/wp-content\/uploads\/2023\/10\/pratos-dietas-300x200.webp 300w, \/\/almafitness.com.br\/wp-content\/uploads\/2023\/10\/pratos-dietas-768x512.webp 768w\" sizes=\"(max-width: 945px) 100vw, 945px\" \/>\t\t\t\t\t\t\t\t<\/a>\n\t\t\t\t\t\t\t<\/div>\n\t\t\t\t\t\t\t<div class=\"post-image-mask\">\n\t\t\t\t\t\t\t\t<span><\/span>\n\t\t\t\t\t\t\t<\/div>\n\n\t\t\t\t\t\t\n\t\t\t\t\t<\/figure>\n\t\t\t\t\n\t\t\t\t\t\t\t\t\t\t\t\t<div class=\"post-date wd-post-date wd-style-with-bg\" onclick=\"\">\n\t\t\t\t<span class=\"post-date-day\">\n\t\t\t\t\t01\t\t\t\t<\/span>\n\t\t\t\t<span class=\"post-date-month\">\n\t\t\t\t\tset\t\t\t\t<\/span>\n\t\t\t<\/div>\n\t\t\t\t\t\t\n\t\t\t<\/header><!-- .entry-header -->\n\n\t\t<div class=\"article-body-container\">\n\t\t\t\n\t\t\t\t\n\t\t\t\t\t\t\t\t\t<h3 class=\"wd-entities-title title post-title\">\n\t\t\t\t\t\t<a href=\"https:\/\/almafitness.com.br\/pratos-dietas\/\" rel=\"bookmark\">7 deliciosos pratos dietas para manter sua alimenta\u00e7\u00e3o saud\u00e1vel<\/a>\n\t\t\t\t\t<\/h3>\n\t\t\t\t\n\t\t\t\t\t\t\t\n\t\t\t\t\t\t\t\n\t\t\t\t                    <div class=\"entry-content wd-entry-content\">\n\t\t\t\t\t\t<p>Descubra deliciosos e saud\u00e1veis pratos criados especialmente para dietas equilibradas e nutritivas.<\/p>\n\n\t\t\t\t\t\t\t\t\t\t\t<\/div><!-- .entry-content -->\n\t\t\t\t\n\t\t\t\t\t\t\t\t\t\t\t\t\t\t<p class=\"read-more-section\">\n\t\t\t\t\t\t<a class=\"btn-read-more more-link\" href=\"https:\/\/almafitness.com.br\/pratos-dietas\/\">Continue lendo<\/a>\t\t\t\t\t<\/p>\n\t\t\t\t\t\t\t\t\t\t\t\n\t\t\t\n\t\t\t\t\t<\/div>\n\t<\/div>\n<\/article><!-- #post -->\n\n\n\t\t\t\t\t\t\t\t\t\t\t\n<article id=\"post-38807\" class=\"blog-design-masonry blog-post-loop blog-style-bg wd-add-shadow  col-lg-4 col-md-4 col-sm-6 col-12 last  post-38807 post type-post status-publish format-standard has-post-thumbnail hentry category-dieta\">\n\t<div class=\"article-inner\">\n\t\t\t\t\t<header class=\"entry-header\">\n\t\t\t\t\t\t\t\t\t\n\t\t\t\t\t<figure id=\"carousel-785\" class=\"entry-thumbnail\" data-owl-carousel data-hide_pagination_control=\"yes\" data-desktop=\"1\" data-tablet=\"1\" data-tablet_landscape=\"1\" data-mobile=\"1\">\n\t\t\t\t\t\t\n\t\t\t\t\t\t\t<div class=\"post-img-wrapp\">\n\t\t\t\t\t\t\t\t<a href=\"https:\/\/almafitness.com.br\/o-que-deve-comer-para-emagrecer\/\">\n\t\t\t\t\t\t\t\t\t<img width=\"1024\" height=\"461\" src=\"https:\/\/almafitness.com.br\/wp-content\/uploads\/2023\/10\/o-que-deve-comer-para-emagrecer-1024x461.webp\" class=\"attachment-large size-large\" alt=\"o que deve comer para emagrecer\" decoding=\"async\" srcset=\"\/\/almafitness.com.br\/wp-content\/uploads\/2023\/10\/o-que-deve-comer-para-emagrecer-1024x461.webp 1024w, \/\/almafitness.com.br\/wp-content\/uploads\/2023\/10\/o-que-deve-comer-para-emagrecer-150x68.webp 150w, \/\/almafitness.com.br\/wp-content\/uploads\/2023\/10\/o-que-deve-comer-para-emagrecer-300x135.webp 300w, \/\/almafitness.com.br\/wp-content\/uploads\/2023\/10\/o-que-deve-comer-para-emagrecer-768x346.webp 768w, \/\/almafitness.com.br\/wp-content\/uploads\/2023\/10\/o-que-deve-comer-para-emagrecer.webp 1200w\" sizes=\"(max-width: 1024px) 100vw, 1024px\" \/>\t\t\t\t\t\t\t\t<\/a>\n\t\t\t\t\t\t\t<\/div>\n\t\t\t\t\t\t\t<div class=\"post-image-mask\">\n\t\t\t\t\t\t\t\t<span><\/span>\n\t\t\t\t\t\t\t<\/div>\n\n\t\t\t\t\t\t\n\t\t\t\t\t<\/figure>\n\t\t\t\t\n\t\t\t\t\t\t\t\t\t\t\t\t<div class=\"post-date wd-post-date wd-style-with-bg\" onclick=\"\">\n\t\t\t\t<span class=\"post-date-day\">\n\t\t\t\t\t31\t\t\t\t<\/span>\n\t\t\t\t<span class=\"post-date-month\">\n\t\t\t\t\tago\t\t\t\t<\/span>\n\t\t\t<\/div>\n\t\t\t\t\t\t\n\t\t\t<\/header><!-- .entry-header -->\n\n\t\t<div class=\"article-body-container\">\n\t\t\t\n\t\t\t\t\n\t\t\t\t\t\t\t\t\t<h3 class=\"wd-entities-title title post-title\">\n\t\t\t\t\t\t<a href=\"https:\/\/almafitness.com.br\/o-que-deve-comer-para-emagrecer\/\" rel=\"bookmark\">Descubra o que comer para emagrecer!<\/a>\n\t\t\t\t\t<\/h3>\n\t\t\t\t\n\t\t\t\t\t\t\t\n\t\t\t\t\t\t\t\n\t\t\t\t                    <div class=\"entry-content wd-entry-content\">\n\t\t\t\t\t\t<p>Aprenda o que deve comer para emagrecer de forma saud\u00e1vel e atingir seus objetivos de perda de peso.<\/p>\n\n\t\t\t\t\t\t\t\t\t\t\t<\/div><!-- .entry-content -->\n\t\t\t\t\n\t\t\t\t\t\t\t\t\t\t\t\t\t\t<p class=\"read-more-section\">\n\t\t\t\t\t\t<a class=\"btn-read-more more-link\" href=\"https:\/\/almafitness.com.br\/o-que-deve-comer-para-emagrecer\/\">Continue lendo<\/a>\t\t\t\t\t<\/p>\n\t\t\t\t\t\t\t\t\t\t\t\n\t\t\t\n\t\t\t\t\t<\/div>\n\t<\/div>\n<\/article><!-- #post -->\n\n\n\t\t\t\t\t\t\t\t\t\t\t\n<article id=\"post-38800\" class=\"blog-design-masonry blog-post-loop blog-style-bg wd-add-shadow  col-lg-4 col-md-4 col-sm-6 col-12 first  post-38800 post type-post status-publish format-standard has-post-thumbnail hentry category-dieta\">\n\t<div class=\"article-inner\">\n\t\t\t\t\t<header class=\"entry-header\">\n\t\t\t\t\t\t\t\t\t\n\t\t\t\t\t<figure id=\"carousel-929\" class=\"entry-thumbnail\" data-owl-carousel data-hide_pagination_control=\"yes\" data-desktop=\"1\" data-tablet=\"1\" data-tablet_landscape=\"1\" data-mobile=\"1\">\n\t\t\t\t\t\t\n\t\t\t\t\t\t\t<div class=\"post-img-wrapp\">\n\t\t\t\t\t\t\t\t<a href=\"https:\/\/almafitness.com.br\/ser-fitness\/\">\n\t\t\t\t\t\t\t\t\t<img width=\"1024\" height=\"482\" src=\"https:\/\/almafitness.com.br\/wp-content\/uploads\/2023\/10\/ser-fitness-1024x482.webp\" class=\"attachment-large size-large\" alt=\"ser fitness\" decoding=\"async\" srcset=\"\/\/almafitness.com.br\/wp-content\/uploads\/2023\/10\/ser-fitness-1024x482.webp 1024w, \/\/almafitness.com.br\/wp-content\/uploads\/2023\/10\/ser-fitness-150x71.webp 150w, \/\/almafitness.com.br\/wp-content\/uploads\/2023\/10\/ser-fitness-300x141.webp 300w, \/\/almafitness.com.br\/wp-content\/uploads\/2023\/10\/ser-fitness-768x362.webp 768w, \/\/almafitness.com.br\/wp-content\/uploads\/2023\/10\/ser-fitness.webp 1200w\" sizes=\"(max-width: 1024px) 100vw, 1024px\" \/>\t\t\t\t\t\t\t\t<\/a>\n\t\t\t\t\t\t\t<\/div>\n\t\t\t\t\t\t\t<div class=\"post-image-mask\">\n\t\t\t\t\t\t\t\t<span><\/span>\n\t\t\t\t\t\t\t<\/div>\n\n\t\t\t\t\t\t\n\t\t\t\t\t<\/figure>\n\t\t\t\t\n\t\t\t\t\t\t\t\t\t\t\t\t<div class=\"post-date wd-post-date wd-style-with-bg\" onclick=\"\">\n\t\t\t\t<span class=\"post-date-day\">\n\t\t\t\t\t31\t\t\t\t<\/span>\n\t\t\t\t<span class=\"post-date-month\">\n\t\t\t\t\tago\t\t\t\t<\/span>\n\t\t\t<\/div>\n\t\t\t\t\t\t\n\t\t\t<\/header><!-- .entry-header -->\n\n\t\t<div class=\"article-body-container\">\n\t\t\t\n\t\t\t\t\n\t\t\t\t\t\t\t\t\t<h3 class=\"wd-entities-title title post-title\">\n\t\t\t\t\t\t<a href=\"https:\/\/almafitness.com.br\/ser-fitness\/\" rel=\"bookmark\">Descubra como ser fitness pode mudar sua vida<\/a>\n\t\t\t\t\t<\/h3>\n\t\t\t\t\n\t\t\t\t\t\t\t\n\t\t\t\t\t\t\t\n\t\t\t\t                    <div class=\"entry-content wd-entry-content\">\n\t\t\t\t\t\t<p>Seja saud\u00e1vel e ativo, adote um estilo de vida fitness e conquiste o corpo dos sonhos!<\/p>\n\n\t\t\t\t\t\t\t\t\t\t\t<\/div><!-- .entry-content -->\n\t\t\t\t\n\t\t\t\t\t\t\t\t\t\t\t\t\t\t<p class=\"read-more-section\">\n\t\t\t\t\t\t<a class=\"btn-read-more more-link\" href=\"https:\/\/almafitness.com.br\/ser-fitness\/\">Continue lendo<\/a>\t\t\t\t\t<\/p>\n\t\t\t\t\t\t\t\t\t\t\t\n\t\t\t\n\t\t\t\t\t<\/div>\n\t<\/div>\n<\/article><!-- #post -->\n\n\n\t\t\t\t\t\t\t\t\t\t\t\n<article id=\"post-38793\" class=\"blog-design-masonry blog-post-loop blog-style-bg wd-add-shadow  col-lg-4 col-md-4 col-sm-6 col-12 post-38793 post type-post status-publish format-standard has-post-thumbnail hentry category-dieta\">\n\t<div class=\"article-inner\">\n\t\t\t\t\t<header class=\"entry-header\">\n\t\t\t\t\t\t\t\t\t\n\t\t\t\t\t<figure id=\"carousel-743\" class=\"entry-thumbnail\" data-owl-carousel data-hide_pagination_control=\"yes\" data-desktop=\"1\" data-tablet=\"1\" data-tablet_landscape=\"1\" data-mobile=\"1\">\n\t\t\t\t\t\t\n\t\t\t\t\t\t\t<div class=\"post-img-wrapp\">\n\t\t\t\t\t\t\t\t<a href=\"https:\/\/almafitness.com.br\/como-fazer-abobora-assada\/\">\n\t\t\t\t\t\t\t\t\t<img width=\"945\" height=\"630\" src=\"https:\/\/almafitness.com.br\/wp-content\/uploads\/2023\/10\/como-fazer-abobora-assada.webp\" class=\"attachment-large size-large\" alt=\"como fazer ab\u00f3bora assada\" decoding=\"async\" srcset=\"\/\/almafitness.com.br\/wp-content\/uploads\/2023\/10\/como-fazer-abobora-assada.webp 945w, \/\/almafitness.com.br\/wp-content\/uploads\/2023\/10\/como-fazer-abobora-assada-150x100.webp 150w, \/\/almafitness.com.br\/wp-content\/uploads\/2023\/10\/como-fazer-abobora-assada-300x200.webp 300w, \/\/almafitness.com.br\/wp-content\/uploads\/2023\/10\/como-fazer-abobora-assada-768x512.webp 768w\" sizes=\"(max-width: 945px) 100vw, 945px\" \/>\t\t\t\t\t\t\t\t<\/a>\n\t\t\t\t\t\t\t<\/div>\n\t\t\t\t\t\t\t<div class=\"post-image-mask\">\n\t\t\t\t\t\t\t\t<span><\/span>\n\t\t\t\t\t\t\t<\/div>\n\n\t\t\t\t\t\t\n\t\t\t\t\t<\/figure>\n\t\t\t\t\n\t\t\t\t\t\t\t\t\t\t\t\t<div class=\"post-date wd-post-date wd-style-with-bg\" onclick=\"\">\n\t\t\t\t<span class=\"post-date-day\">\n\t\t\t\t\t31\t\t\t\t<\/span>\n\t\t\t\t<span class=\"post-date-month\">\n\t\t\t\t\tago\t\t\t\t<\/span>\n\t\t\t<\/div>\n\t\t\t\t\t\t\n\t\t\t<\/header><!-- .entry-header -->\n\n\t\t<div class=\"article-body-container\">\n\t\t\t\n\t\t\t\t\n\t\t\t\t\t\t\t\t\t<h3 class=\"wd-entities-title title post-title\">\n\t\t\t\t\t\t<a href=\"https:\/\/almafitness.com.br\/como-fazer-abobora-assada\/\" rel=\"bookmark\">Descubra o Segredo: Como Fazer Ab\u00f3bora Assada Perfeita!<\/a>\n\t\t\t\t\t<\/h3>\n\t\t\t\t\n\t\t\t\t\t\t\t\n\t\t\t\t\t\t\t\n\t\t\t\t                    <div class=\"entry-content wd-entry-content\">\n\t\t\t\t\t\t<p>Descubra como fazer uma deliciosa ab\u00f3bora assada com o sabor \u00fanico e irresist\u00edvel que voc\u00ea vai adorar.<\/p>\n\n\t\t\t\t\t\t\t\t\t\t\t<\/div><!-- .entry-content -->\n\t\t\t\t\n\t\t\t\t\t\t\t\t\t\t\t\t\t\t<p class=\"read-more-section\">\n\t\t\t\t\t\t<a class=\"btn-read-more more-link\" href=\"https:\/\/almafitness.com.br\/como-fazer-abobora-assada\/\">Continue lendo<\/a>\t\t\t\t\t<\/p>\n\t\t\t\t\t\t\t\t\t\t\t\n\t\t\t\n\t\t\t\t\t<\/div>\n\t<\/div>\n<\/article><!-- #post -->\n\n\n\t\t\t\t\t\t\t\t\t\t\t\n<article id=\"post-38786\" class=\"blog-design-masonry blog-post-loop blog-style-bg wd-add-shadow  col-lg-4 col-md-4 col-sm-6 col-12 last  post-38786 post type-post status-publish format-standard has-post-thumbnail hentry category-dieta\">\n\t<div class=\"article-inner\">\n\t\t\t\t\t<header class=\"entry-header\">\n\t\t\t\t\t\t\t\t\t\n\t\t\t\t\t<figure id=\"carousel-774\" class=\"entry-thumbnail\" data-owl-carousel data-hide_pagination_control=\"yes\" data-desktop=\"1\" data-tablet=\"1\" data-tablet_landscape=\"1\" data-mobile=\"1\">\n\t\t\t\t\t\t\n\t\t\t\t\t\t\t<div class=\"post-img-wrapp\">\n\t\t\t\t\t\t\t\t<a href=\"https:\/\/almafitness.com.br\/comer-menos-emagrece\/\">\n\t\t\t\t\t\t\t\t\t<img width=\"815\" height=\"630\" src=\"https:\/\/almafitness.com.br\/wp-content\/uploads\/2023\/10\/comer-menos-emagrece.webp\" class=\"attachment-large size-large\" alt=\"comer menos emagrece\" decoding=\"async\" srcset=\"\/\/almafitness.com.br\/wp-content\/uploads\/2023\/10\/comer-menos-emagrece.webp 815w, \/\/almafitness.com.br\/wp-content\/uploads\/2023\/10\/comer-menos-emagrece-150x116.webp 150w, \/\/almafitness.com.br\/wp-content\/uploads\/2023\/10\/comer-menos-emagrece-300x232.webp 300w, \/\/almafitness.com.br\/wp-content\/uploads\/2023\/10\/comer-menos-emagrece-768x594.webp 768w\" sizes=\"(max-width: 815px) 100vw, 815px\" \/>\t\t\t\t\t\t\t\t<\/a>\n\t\t\t\t\t\t\t<\/div>\n\t\t\t\t\t\t\t<div class=\"post-image-mask\">\n\t\t\t\t\t\t\t\t<span><\/span>\n\t\t\t\t\t\t\t<\/div>\n\n\t\t\t\t\t\t\n\t\t\t\t\t<\/figure>\n\t\t\t\t\n\t\t\t\t\t\t\t\t\t\t\t\t<div class=\"post-date wd-post-date wd-style-with-bg\" onclick=\"\">\n\t\t\t\t<span class=\"post-date-day\">\n\t\t\t\t\t30\t\t\t\t<\/span>\n\t\t\t\t<span class=\"post-date-month\">\n\t\t\t\t\tago\t\t\t\t<\/span>\n\t\t\t<\/div>\n\t\t\t\t\t\t\n\t\t\t<\/header><!-- .entry-header -->\n\n\t\t<div class=\"article-body-container\">\n\t\t\t\n\t\t\t\t\n\t\t\t\t\t\t\t\t\t<h3 class=\"wd-entities-title title post-title\">\n\t\t\t\t\t\t<a href=\"https:\/\/almafitness.com.br\/comer-menos-emagrece\/\" rel=\"bookmark\">Descubra como comer menos pode te ajudar a emagrecer<\/a>\n\t\t\t\t\t<\/h3>\n\t\t\t\t\n\t\t\t\t\t\t\t\n\t\t\t\t\t\t\t\n\t\t\t\t                    <div class=\"entry-content wd-entry-content\">\n\t\t\t\t\t\t<p>Reduzir a quantidade de alimentos ingeridos \u00e9 uma forma eficaz de emagrecer de forma saud\u00e1vel.<\/p>\n\n\t\t\t\t\t\t\t\t\t\t\t<\/div><!-- .entry-content -->\n\t\t\t\t\n\t\t\t\t\t\t\t\t\t\t\t\t\t\t<p class=\"read-more-section\">\n\t\t\t\t\t\t<a class=\"btn-read-more more-link\" href=\"https:\/\/almafitness.com.br\/comer-menos-emagrece\/\">Continue lendo<\/a>\t\t\t\t\t<\/p>\n\t\t\t\t\t\t\t\t\t\t\t\n\t\t\t\n\t\t\t\t\t<\/div>\n\t<\/div>\n<\/article><!-- #post -->\n\n\n\t\t\t\t\t\t\t\t\t\t\t\n<article id=\"post-38779\" class=\"blog-design-masonry blog-post-loop blog-style-bg wd-add-shadow  col-lg-4 col-md-4 col-sm-6 col-12 first  post-38779 post type-post status-publish format-standard has-post-thumbnail hentry category-dieta\">\n\t<div class=\"article-inner\">\n\t\t\t\t\t<header class=\"entry-header\">\n\t\t\t\t\t\t\t\t\t\n\t\t\t\t\t<figure id=\"carousel-349\" class=\"entry-thumbnail\" data-owl-carousel data-hide_pagination_control=\"yes\" data-desktop=\"1\" data-tablet=\"1\" data-tablet_landscape=\"1\" data-mobile=\"1\">\n\t\t\t\t\t\t\n\t\t\t\t\t\t\t<div class=\"post-img-wrapp\">\n\t\t\t\t\t\t\t\t<a href=\"https:\/\/almafitness.com.br\/comida-congelada-perde-nutrientes\/\">\n\t\t\t\t\t\t\t\t\t<img width=\"1024\" height=\"576\" src=\"https:\/\/almafitness.com.br\/wp-content\/uploads\/2023\/10\/comida-congelada-perde-nutrientes-1024x576.webp\" class=\"attachment-large size-large\" alt=\"comida congelada perde nutrientes\" decoding=\"async\" srcset=\"\/\/almafitness.com.br\/wp-content\/uploads\/2023\/10\/comida-congelada-perde-nutrientes-1024x576.webp 1024w, \/\/almafitness.com.br\/wp-content\/uploads\/2023\/10\/comida-congelada-perde-nutrientes-150x84.webp 150w, \/\/almafitness.com.br\/wp-content\/uploads\/2023\/10\/comida-congelada-perde-nutrientes-300x169.webp 300w, \/\/almafitness.com.br\/wp-content\/uploads\/2023\/10\/comida-congelada-perde-nutrientes-768x432.webp 768w, \/\/almafitness.com.br\/wp-content\/uploads\/2023\/10\/comida-congelada-perde-nutrientes.webp 1120w\" sizes=\"(max-width: 1024px) 100vw, 1024px\" \/>\t\t\t\t\t\t\t\t<\/a>\n\t\t\t\t\t\t\t<\/div>\n\t\t\t\t\t\t\t<div class=\"post-image-mask\">\n\t\t\t\t\t\t\t\t<span><\/span>\n\t\t\t\t\t\t\t<\/div>\n\n\t\t\t\t\t\t\n\t\t\t\t\t<\/figure>\n\t\t\t\t\n\t\t\t\t\t\t\t\t\t\t\t\t<div class=\"post-date wd-post-date wd-style-with-bg\" onclick=\"\">\n\t\t\t\t<span class=\"post-date-day\">\n\t\t\t\t\t30\t\t\t\t<\/span>\n\t\t\t\t<span class=\"post-date-month\">\n\t\t\t\t\tago\t\t\t\t<\/span>\n\t\t\t<\/div>\n\t\t\t\t\t\t\n\t\t\t<\/header><!-- .entry-header -->\n\n\t\t<div class=\"article-body-container\">\n\t\t\t\n\t\t\t\t\n\t\t\t\t\t\t\t\t\t<h3 class=\"wd-entities-title title post-title\">\n\t\t\t\t\t\t<a href=\"https:\/\/almafitness.com.br\/comida-congelada-perde-nutrientes\/\" rel=\"bookmark\">Entenda por que a comida congelada perde nutrientes<\/a>\n\t\t\t\t\t<\/h3>\n\t\t\t\t\n\t\t\t\t\t\t\t\n\t\t\t\t\t\t\t\n\t\t\t\t                    <div class=\"entry-content wd-entry-content\">\n\t\t\t\t\t\t<p>Comidas congeladas podem perder nutrientes ao longo do tempo, mas ainda s\u00e3o uma op\u00e7\u00e3o pr\u00e1tica e saborosa.<\/p>\n\n\t\t\t\t\t\t\t\t\t\t\t<\/div><!-- .entry-content -->\n\t\t\t\t\n\t\t\t\t\t\t\t\t\t\t\t\t\t\t<p class=\"read-more-section\">\n\t\t\t\t\t\t<a class=\"btn-read-more more-link\" href=\"https:\/\/almafitness.com.br\/comida-congelada-perde-nutrientes\/\">Continue lendo<\/a>\t\t\t\t\t<\/p>\n\t\t\t\t\t\t\t\t\t\t\t\n\t\t\t\n\t\t\t\t\t<\/div>\n\t<\/div>\n<\/article><!-- #post -->\n\n\n\t\t\t\t\t\t\t\t\t\t\t\n<article id=\"post-38758\" class=\"blog-design-masonry blog-post-loop blog-style-bg wd-add-shadow  col-lg-4 col-md-4 col-sm-6 col-12 post-38758 post type-post status-publish format-standard has-post-thumbnail hentry category-dieta\">\n\t<div class=\"article-inner\">\n\t\t\t\t\t<header class=\"entry-header\">\n\t\t\t\t\t\t\t\t\t\n\t\t\t\t\t<figure id=\"carousel-132\" class=\"entry-thumbnail\" data-owl-carousel data-hide_pagination_control=\"yes\" data-desktop=\"1\" data-tablet=\"1\" data-tablet_landscape=\"1\" data-mobile=\"1\">\n\t\t\t\t\t\t\n\t\t\t\t\t\t\t<div class=\"post-img-wrapp\">\n\t\t\t\t\t\t\t\t<a href=\"https:\/\/almafitness.com.br\/pratos-dieta\/\">\n\t\t\t\t\t\t\t\t\t<img width=\"945\" height=\"630\" src=\"https:\/\/almafitness.com.br\/wp-content\/uploads\/2023\/10\/pratos-dieta.webp\" class=\"attachment-large size-large\" alt=\"pratos dieta\" decoding=\"async\" srcset=\"\/\/almafitness.com.br\/wp-content\/uploads\/2023\/10\/pratos-dieta.webp 945w, \/\/almafitness.com.br\/wp-content\/uploads\/2023\/10\/pratos-dieta-150x100.webp 150w, \/\/almafitness.com.br\/wp-content\/uploads\/2023\/10\/pratos-dieta-300x200.webp 300w, \/\/almafitness.com.br\/wp-content\/uploads\/2023\/10\/pratos-dieta-768x512.webp 768w\" sizes=\"(max-width: 945px) 100vw, 945px\" \/>\t\t\t\t\t\t\t\t<\/a>\n\t\t\t\t\t\t\t<\/div>\n\t\t\t\t\t\t\t<div class=\"post-image-mask\">\n\t\t\t\t\t\t\t\t<span><\/span>\n\t\t\t\t\t\t\t<\/div>\n\n\t\t\t\t\t\t\n\t\t\t\t\t<\/figure>\n\t\t\t\t\n\t\t\t\t\t\t\t\t\t\t\t\t<div class=\"post-date wd-post-date wd-style-with-bg\" onclick=\"\">\n\t\t\t\t<span class=\"post-date-day\">\n\t\t\t\t\t29\t\t\t\t<\/span>\n\t\t\t\t<span class=\"post-date-month\">\n\t\t\t\t\tago\t\t\t\t<\/span>\n\t\t\t<\/div>\n\t\t\t\t\t\t\n\t\t\t<\/header><!-- .entry-header -->\n\n\t\t<div class=\"article-body-container\">\n\t\t\t\n\t\t\t\t\n\t\t\t\t\t\t\t\t\t<h3 class=\"wd-entities-title title post-title\">\n\t\t\t\t\t\t<a href=\"https:\/\/almafitness.com.br\/pratos-dieta\/\" rel=\"bookmark\">Pratos dieta: op\u00e7\u00f5es saud\u00e1veis e saborosas para manter a forma<\/a>\n\t\t\t\t\t<\/h3>\n\t\t\t\t\n\t\t\t\t\t\t\t\n\t\t\t\t\t\t\t\n\t\t\t\t                    <div class=\"entry-content wd-entry-content\">\n\t\t\t\t\t\t<p>Deliciosos pratos de baixa caloria para manter sua dieta equilibrada e saud\u00e1vel.<\/p>\n\n\t\t\t\t\t\t\t\t\t\t\t<\/div><!-- .entry-content -->\n\t\t\t\t\n\t\t\t\t\t\t\t\t\t\t\t\t\t\t<p class=\"read-more-section\">\n\t\t\t\t\t\t<a class=\"btn-read-more more-link\" href=\"https:\/\/almafitness.com.br\/pratos-dieta\/\">Continue lendo<\/a>\t\t\t\t\t<\/p>\n\t\t\t\t\t\t\t\t\t\t\t\n\t\t\t\n\t\t\t\t\t<\/div>\n\t<\/div>\n<\/article><!-- #post -->\n\n\n\t\t\t\t\t\t\t\t\t\t\t\n<article id=\"post-38751\" class=\"blog-design-masonry blog-post-loop blog-style-bg wd-add-shadow  col-lg-4 col-md-4 col-sm-6 col-12 last  post-38751 post type-post status-publish format-standard has-post-thumbnail hentry category-dieta\">\n\t<div class=\"article-inner\">\n\t\t\t\t\t<header class=\"entry-header\">\n\t\t\t\t\t\t\t\t\t\n\t\t\t\t\t<figure id=\"carousel-402\" class=\"entry-thumbnail\" data-owl-carousel data-hide_pagination_control=\"yes\" data-desktop=\"1\" data-tablet=\"1\" data-tablet_landscape=\"1\" data-mobile=\"1\">\n\t\t\t\t\t\t\n\t\t\t\t\t\t\t<div class=\"post-img-wrapp\">\n\t\t\t\t\t\t\t\t<a href=\"https:\/\/almafitness.com.br\/marmitas-comprar\/\">\n\t\t\t\t\t\t\t\t\t<img width=\"949\" height=\"630\" src=\"https:\/\/almafitness.com.br\/wp-content\/uploads\/2023\/10\/marmitas-comprar.webp\" class=\"attachment-large size-large\" alt=\"marmitas comprar\" decoding=\"async\" srcset=\"\/\/almafitness.com.br\/wp-content\/uploads\/2023\/10\/marmitas-comprar.webp 949w, \/\/almafitness.com.br\/wp-content\/uploads\/2023\/10\/marmitas-comprar-150x100.webp 150w, \/\/almafitness.com.br\/wp-content\/uploads\/2023\/10\/marmitas-comprar-300x199.webp 300w, \/\/almafitness.com.br\/wp-content\/uploads\/2023\/10\/marmitas-comprar-768x510.webp 768w\" sizes=\"(max-width: 949px) 100vw, 949px\" \/>\t\t\t\t\t\t\t\t<\/a>\n\t\t\t\t\t\t\t<\/div>\n\t\t\t\t\t\t\t<div class=\"post-image-mask\">\n\t\t\t\t\t\t\t\t<span><\/span>\n\t\t\t\t\t\t\t<\/div>\n\n\t\t\t\t\t\t\n\t\t\t\t\t<\/figure>\n\t\t\t\t\n\t\t\t\t\t\t\t\t\t\t\t\t<div class=\"post-date wd-post-date wd-style-with-bg\" onclick=\"\">\n\t\t\t\t<span class=\"post-date-day\">\n\t\t\t\t\t29\t\t\t\t<\/span>\n\t\t\t\t<span class=\"post-date-month\">\n\t\t\t\t\tago\t\t\t\t<\/span>\n\t\t\t<\/div>\n\t\t\t\t\t\t\n\t\t\t<\/header><!-- .entry-header -->\n\n\t\t<div class=\"article-body-container\">\n\t\t\t\n\t\t\t\t\n\t\t\t\t\t\t\t\t\t<h3 class=\"wd-entities-title title post-title\">\n\t\t\t\t\t\t<a href=\"https:\/\/almafitness.com.br\/marmitas-comprar\/\" rel=\"bookmark\">Descubra onde comprar marmitas saud\u00e1veis!<\/a>\n\t\t\t\t\t<\/h3>\n\t\t\t\t\n\t\t\t\t\t\t\t\n\t\t\t\t\t\t\t\n\t\t\t\t                    <div class=\"entry-content wd-entry-content\">\n\t\t\t\t\t\t<p>Se voc\u00ea est\u00e1 com fome e sem tempo para cozinhar, venha conhecer nosso servi\u00e7o de marmitas para comprar.<\/p>\n\n\t\t\t\t\t\t\t\t\t\t\t<\/div><!-- .entry-content -->\n\t\t\t\t\n\t\t\t\t\t\t\t\t\t\t\t\t\t\t<p class=\"read-more-section\">\n\t\t\t\t\t\t<a class=\"btn-read-more more-link\" href=\"https:\/\/almafitness.com.br\/marmitas-comprar\/\">Continue lendo<\/a>\t\t\t\t\t<\/p>\n\t\t\t\t\t\t\t\t\t\t\t\n\t\t\t\n\t\t\t\t\t<\/div>\n\t<\/div>\n<\/article><!-- #post -->\n\n\n\t\t\t\t\t\t\t\t\t\t\t\n<article id=\"post-38744\" class=\"blog-design-masonry blog-post-loop blog-style-bg wd-add-shadow  col-lg-4 col-md-4 col-sm-6 col-12 first  post-38744 post type-post status-publish format-standard has-post-thumbnail hentry category-dieta\">\n\t<div class=\"article-inner\">\n\t\t\t\t\t<header class=\"entry-header\">\n\t\t\t\t\t\t\t\t\t\n\t\t\t\t\t<figure id=\"carousel-566\" class=\"entry-thumbnail\" data-owl-carousel data-hide_pagination_control=\"yes\" data-desktop=\"1\" data-tablet=\"1\" data-tablet_landscape=\"1\" data-mobile=\"1\">\n\t\t\t\t\t\t\n\t\t\t\t\t\t\t<div class=\"post-img-wrapp\">\n\t\t\t\t\t\t\t\t<a href=\"https:\/\/almafitness.com.br\/o-que-e-praticidade\/\">\n\t\t\t\t\t\t\t\t\t<img width=\"720\" height=\"520\" src=\"https:\/\/almafitness.com.br\/wp-content\/uploads\/2023\/10\/o-que-e-praticidade.webp\" class=\"attachment-large size-large\" alt=\"o que \u00e9 praticidade\" decoding=\"async\" srcset=\"\/\/almafitness.com.br\/wp-content\/uploads\/2023\/10\/o-que-e-praticidade.webp 720w, \/\/almafitness.com.br\/wp-content\/uploads\/2023\/10\/o-que-e-praticidade-150x108.webp 150w, \/\/almafitness.com.br\/wp-content\/uploads\/2023\/10\/o-que-e-praticidade-300x217.webp 300w\" sizes=\"(max-width: 720px) 100vw, 720px\" \/>\t\t\t\t\t\t\t\t<\/a>\n\t\t\t\t\t\t\t<\/div>\n\t\t\t\t\t\t\t<div class=\"post-image-mask\">\n\t\t\t\t\t\t\t\t<span><\/span>\n\t\t\t\t\t\t\t<\/div>\n\n\t\t\t\t\t\t\n\t\t\t\t\t<\/figure>\n\t\t\t\t\n\t\t\t\t\t\t\t\t\t\t\t\t<div class=\"post-date wd-post-date wd-style-with-bg\" onclick=\"\">\n\t\t\t\t<span class=\"post-date-day\">\n\t\t\t\t\t28\t\t\t\t<\/span>\n\t\t\t\t<span class=\"post-date-month\">\n\t\t\t\t\tago\t\t\t\t<\/span>\n\t\t\t<\/div>\n\t\t\t\t\t\t\n\t\t\t<\/header><!-- .entry-header -->\n\n\t\t<div class=\"article-body-container\">\n\t\t\t\n\t\t\t\t\n\t\t\t\t\t\t\t\t\t<h3 class=\"wd-entities-title title post-title\">\n\t\t\t\t\t\t<a href=\"https:\/\/almafitness.com.br\/o-que-e-praticidade\/\" rel=\"bookmark\">Descubra a Verdadeira Defini\u00e7\u00e3o de Praticidade<\/a>\n\t\t\t\t\t<\/h3>\n\t\t\t\t\n\t\t\t\t\t\t\t\n\t\t\t\t\t\t\t\n\t\t\t\t                    <div class=\"entry-content wd-entry-content\">\n\t\t\t\t\t\t<p>Descubra a facilidade e agilidade que proporciona a praticidade em suas tarefas di\u00e1rias.<\/p>\n\n\t\t\t\t\t\t\t\t\t\t\t<\/div><!-- .entry-content -->\n\t\t\t\t\n\t\t\t\t\t\t\t\t\t\t\t\t\t\t<p class=\"read-more-section\">\n\t\t\t\t\t\t<a class=\"btn-read-more more-link\" href=\"https:\/\/almafitness.com.br\/o-que-e-praticidade\/\">Continue lendo<\/a>\t\t\t\t\t<\/p>\n\t\t\t\t\t\t\t\t\t\t\t\n\t\t\t\n\t\t\t\t\t<\/div>\n\t<\/div>\n<\/article><!-- #post -->\n\n\n\t\t\t\t\t\t\t\t\t\t\t\n<article id=\"post-38711\" class=\"blog-design-masonry blog-post-loop blog-style-bg wd-add-shadow  col-lg-4 col-md-4 col-sm-6 col-12 post-38711 post type-post status-publish format-standard has-post-thumbnail hentry category-dieta\">\n\t<div class=\"article-inner\">\n\t\t\t\t\t<header class=\"entry-header\">\n\t\t\t\t\t\t\t\t\t\n\t\t\t\t\t<figure id=\"carousel-515\" class=\"entry-thumbnail\" data-owl-carousel data-hide_pagination_control=\"yes\" data-desktop=\"1\" data-tablet=\"1\" data-tablet_landscape=\"1\" data-mobile=\"1\">\n\t\t\t\t\t\t\n\t\t\t\t\t\t\t<div class=\"post-img-wrapp\">\n\t\t\t\t\t\t\t\t<a href=\"https:\/\/almafitness.com.br\/chocolate-lowcarb\/\">\n\t\t\t\t\t\t\t\t\t<img width=\"1024\" height=\"576\" src=\"https:\/\/almafitness.com.br\/wp-content\/uploads\/2023\/10\/chocolate-lowcarb-1024x576.webp\" class=\"attachment-large size-large\" alt=\"chocolate lowcarb\" decoding=\"async\" srcset=\"\/\/almafitness.com.br\/wp-content\/uploads\/2023\/10\/chocolate-lowcarb-1024x576.webp 1024w, \/\/almafitness.com.br\/wp-content\/uploads\/2023\/10\/chocolate-lowcarb-150x84.webp 150w, \/\/almafitness.com.br\/wp-content\/uploads\/2023\/10\/chocolate-lowcarb-300x169.webp 300w, \/\/almafitness.com.br\/wp-content\/uploads\/2023\/10\/chocolate-lowcarb-768x432.webp 768w, \/\/almafitness.com.br\/wp-content\/uploads\/2023\/10\/chocolate-lowcarb.webp 1120w\" sizes=\"(max-width: 1024px) 100vw, 1024px\" \/>\t\t\t\t\t\t\t\t<\/a>\n\t\t\t\t\t\t\t<\/div>\n\t\t\t\t\t\t\t<div class=\"post-image-mask\">\n\t\t\t\t\t\t\t\t<span><\/span>\n\t\t\t\t\t\t\t<\/div>\n\n\t\t\t\t\t\t\n\t\t\t\t\t<\/figure>\n\t\t\t\t\n\t\t\t\t\t\t\t\t\t\t\t\t<div class=\"post-date wd-post-date wd-style-with-bg\" onclick=\"\">\n\t\t\t\t<span class=\"post-date-day\">\n\t\t\t\t\t27\t\t\t\t<\/span>\n\t\t\t\t<span class=\"post-date-month\">\n\t\t\t\t\tago\t\t\t\t<\/span>\n\t\t\t<\/div>\n\t\t\t\t\t\t\n\t\t\t<\/header><!-- .entry-header -->\n\n\t\t<div class=\"article-body-container\">\n\t\t\t\n\t\t\t\t\n\t\t\t\t\t\t\t\t\t<h3 class=\"wd-entities-title title post-title\">\n\t\t\t\t\t\t<a href=\"https:\/\/almafitness.com.br\/chocolate-lowcarb\/\" rel=\"bookmark\">Desvendando os segredos do chocolate lowcarb para uma dieta saud\u00e1vel<\/a>\n\t\t\t\t\t<\/h3>\n\t\t\t\t\n\t\t\t\t\t\t\t\n\t\t\t\t\t\t\t\n\t\t\t\t                    <div class=\"entry-content wd-entry-content\">\n\t\t\t\t\t\t<p>Delicioso chocolate com baixo teor de carboidratos, perfeito para quem busca uma alimenta\u00e7\u00e3o mais saud\u00e1vel.<\/p>\n\n\t\t\t\t\t\t\t\t\t\t\t<\/div><!-- .entry-content -->\n\t\t\t\t\n\t\t\t\t\t\t\t\t\t\t\t\t\t\t<p class=\"read-more-section\">\n\t\t\t\t\t\t<a class=\"btn-read-more more-link\" href=\"https:\/\/almafitness.com.br\/chocolate-lowcarb\/\">Continue lendo<\/a>\t\t\t\t\t<\/p>\n\t\t\t\t\t\t\t\t\t\t\t\n\t\t\t\n\t\t\t\t\t<\/div>\n\t<\/div>\n<\/article><!-- #post -->\n\n\n\t\t\t\t\t\t\t\t\t\t\t\n<article id=\"post-38697\" class=\"blog-design-masonry blog-post-loop blog-style-bg wd-add-shadow  col-lg-4 col-md-4 col-sm-6 col-12 last  post-38697 post type-post status-publish format-standard has-post-thumbnail hentry category-dieta\">\n\t<div class=\"article-inner\">\n\t\t\t\t\t<header class=\"entry-header\">\n\t\t\t\t\t\t\t\t\t\n\t\t\t\t\t<figure id=\"carousel-266\" class=\"entry-thumbnail\" data-owl-carousel data-hide_pagination_control=\"yes\" data-desktop=\"1\" data-tablet=\"1\" data-tablet_landscape=\"1\" data-mobile=\"1\">\n\t\t\t\t\t\t\n\t\t\t\t\t\t\t<div class=\"post-img-wrapp\">\n\t\t\t\t\t\t\t\t<a href=\"https:\/\/almafitness.com.br\/chocolate-oceano-my-cafe\/\">\n\t\t\t\t\t\t\t\t\t<img width=\"800\" height=\"600\" src=\"https:\/\/almafitness.com.br\/wp-content\/uploads\/2023\/10\/chocolate-oceano-my-cafe.webp\" class=\"attachment-large size-large\" alt=\"chocolate oceano my cafe\" decoding=\"async\" srcset=\"\/\/almafitness.com.br\/wp-content\/uploads\/2023\/10\/chocolate-oceano-my-cafe.webp 800w, \/\/almafitness.com.br\/wp-content\/uploads\/2023\/10\/chocolate-oceano-my-cafe-150x113.webp 150w, \/\/almafitness.com.br\/wp-content\/uploads\/2023\/10\/chocolate-oceano-my-cafe-300x225.webp 300w, \/\/almafitness.com.br\/wp-content\/uploads\/2023\/10\/chocolate-oceano-my-cafe-768x576.webp 768w\" sizes=\"(max-width: 800px) 100vw, 800px\" \/>\t\t\t\t\t\t\t\t<\/a>\n\t\t\t\t\t\t\t<\/div>\n\t\t\t\t\t\t\t<div class=\"post-image-mask\">\n\t\t\t\t\t\t\t\t<span><\/span>\n\t\t\t\t\t\t\t<\/div>\n\n\t\t\t\t\t\t\n\t\t\t\t\t<\/figure>\n\t\t\t\t\n\t\t\t\t\t\t\t\t\t\t\t\t<div class=\"post-date wd-post-date wd-style-with-bg\" onclick=\"\">\n\t\t\t\t<span class=\"post-date-day\">\n\t\t\t\t\t26\t\t\t\t<\/span>\n\t\t\t\t<span class=\"post-date-month\">\n\t\t\t\t\tago\t\t\t\t<\/span>\n\t\t\t<\/div>\n\t\t\t\t\t\t\n\t\t\t<\/header><!-- .entry-header -->\n\n\t\t<div class=\"article-body-container\">\n\t\t\t\n\t\t\t\t\n\t\t\t\t\t\t\t\t\t<h3 class=\"wd-entities-title title post-title\">\n\t\t\t\t\t\t<a href=\"https:\/\/almafitness.com.br\/chocolate-oceano-my-cafe\/\" rel=\"bookmark\">Descubra os deliciosos chocolates oceano do My Cafe<\/a>\n\t\t\t\t\t<\/h3>\n\t\t\t\t\n\t\t\t\t\t\t\t\n\t\t\t\t\t\t\t\n\t\t\t\t                    <div class=\"entry-content wd-entry-content\">\n\t\t\t\t\t\t<p>Experimente a combina\u00e7\u00e3o perfeita de sabor e ambiente no meu caf\u00e9 &#8211; chocolate oceano, uma del\u00edcia ex\u00f3tica.<\/p>\n\n\t\t\t\t\t\t\t\t\t\t\t<\/div><!-- .entry-content -->\n\t\t\t\t\n\t\t\t\t\t\t\t\t\t\t\t\t\t\t<p class=\"read-more-section\">\n\t\t\t\t\t\t<a class=\"btn-read-more more-link\" href=\"https:\/\/almafitness.com.br\/chocolate-oceano-my-cafe\/\">Continue lendo<\/a>\t\t\t\t\t<\/p>\n\t\t\t\t\t\t\t\t\t\t\t\n\t\t\t\n\t\t\t\t\t<\/div>\n\t<\/div>\n<\/article><!-- #post -->\n\n\n\t\t\t\t\t\t\t\t\t\t\t\n<article id=\"post-38683\" class=\"blog-design-masonry blog-post-loop blog-style-bg wd-add-shadow  col-lg-4 col-md-4 col-sm-6 col-12 first  post-38683 post type-post status-publish format-standard has-post-thumbnail hentry category-dieta\">\n\t<div class=\"article-inner\">\n\t\t\t\t\t<header class=\"entry-header\">\n\t\t\t\t\t\t\t\t\t\n\t\t\t\t\t<figure id=\"carousel-930\" class=\"entry-thumbnail\" data-owl-carousel data-hide_pagination_control=\"yes\" data-desktop=\"1\" data-tablet=\"1\" data-tablet_landscape=\"1\" data-mobile=\"1\">\n\t\t\t\t\t\t\n\t\t\t\t\t\t\t<div class=\"post-img-wrapp\">\n\t\t\t\t\t\t\t\t<a href=\"https:\/\/almafitness.com.br\/para-de-comer-emagrece\/\">\n\t\t\t\t\t\t\t\t\t<img width=\"944\" height=\"630\" src=\"https:\/\/almafitness.com.br\/wp-content\/uploads\/2023\/10\/para-de-comer-emagrece.webp\" class=\"attachment-large size-large\" alt=\"para de comer emagrece\" decoding=\"async\" srcset=\"\/\/almafitness.com.br\/wp-content\/uploads\/2023\/10\/para-de-comer-emagrece.webp 944w, \/\/almafitness.com.br\/wp-content\/uploads\/2023\/10\/para-de-comer-emagrece-150x100.webp 150w, \/\/almafitness.com.br\/wp-content\/uploads\/2023\/10\/para-de-comer-emagrece-300x200.webp 300w, \/\/almafitness.com.br\/wp-content\/uploads\/2023\/10\/para-de-comer-emagrece-768x513.webp 768w\" sizes=\"(max-width: 944px) 100vw, 944px\" \/>\t\t\t\t\t\t\t\t<\/a>\n\t\t\t\t\t\t\t<\/div>\n\t\t\t\t\t\t\t<div class=\"post-image-mask\">\n\t\t\t\t\t\t\t\t<span><\/span>\n\t\t\t\t\t\t\t<\/div>\n\n\t\t\t\t\t\t\n\t\t\t\t\t<\/figure>\n\t\t\t\t\n\t\t\t\t\t\t\t\t\t\t\t\t<div class=\"post-date wd-post-date wd-style-with-bg\" onclick=\"\">\n\t\t\t\t<span class=\"post-date-day\">\n\t\t\t\t\t26\t\t\t\t<\/span>\n\t\t\t\t<span class=\"post-date-month\">\n\t\t\t\t\tago\t\t\t\t<\/span>\n\t\t\t<\/div>\n\t\t\t\t\t\t\n\t\t\t<\/header><!-- .entry-header -->\n\n\t\t<div class=\"article-body-container\">\n\t\t\t\n\t\t\t\t\n\t\t\t\t\t\t\t\t\t<h3 class=\"wd-entities-title title post-title\">\n\t\t\t\t\t\t<a href=\"https:\/\/almafitness.com.br\/para-de-comer-emagrece\/\" rel=\"bookmark\">Para de Comer Emagrece: Descubra a Verdadeira Rela\u00e7\u00e3o entre Alimenta\u00e7\u00e3o e Perda de Peso<\/a>\n\t\t\t\t\t<\/h3>\n\t\t\t\t\n\t\t\t\t\t\t\t\n\t\t\t\t\t\t\t\n\t\t\t\t                    <div class=\"entry-content wd-entry-content\">\n\t\t\t\t\t\t<p>Comer menos calorias \u00e9 essencial para emagrecer e alcan\u00e7ar um estilo de vida saud\u00e1vel e equilibrado.<\/p>\n\n\t\t\t\t\t\t\t\t\t\t\t<\/div><!-- .entry-content -->\n\t\t\t\t\n\t\t\t\t\t\t\t\t\t\t\t\t\t\t<p class=\"read-more-section\">\n\t\t\t\t\t\t<a class=\"btn-read-more more-link\" href=\"https:\/\/almafitness.com.br\/para-de-comer-emagrece\/\">Continue lendo<\/a>\t\t\t\t\t<\/p>\n\t\t\t\t\t\t\t\t\t\t\t\n\t\t\t\n\t\t\t\t\t<\/div>\n\t<\/div>\n<\/article><!-- #post -->\n\n\n\t\t\t\t\t\t\t\t\t\t\t\n<article id=\"post-38667\" class=\"blog-design-masonry blog-post-loop blog-style-bg wd-add-shadow  col-lg-4 col-md-4 col-sm-6 col-12 post-38667 post type-post status-publish format-standard has-post-thumbnail hentry category-dieta\">\n\t<div class=\"article-inner\">\n\t\t\t\t\t<header class=\"entry-header\">\n\t\t\t\t\t\t\t\t\t\n\t\t\t\t\t<figure id=\"carousel-806\" class=\"entry-thumbnail\" data-owl-carousel data-hide_pagination_control=\"yes\" data-desktop=\"1\" data-tablet=\"1\" data-tablet_landscape=\"1\" data-mobile=\"1\">\n\t\t\t\t\t\t\n\t\t\t\t\t\t\t<div class=\"post-img-wrapp\">\n\t\t\t\t\t\t\t\t<a href=\"https:\/\/almafitness.com.br\/acucar-e-doces\/\">\n\t\t\t\t\t\t\t\t\t<img width=\"720\" height=\"520\" src=\"https:\/\/almafitness.com.br\/wp-content\/uploads\/2023\/10\/acucar-e-doces.webp\" class=\"attachment-large size-large\" alt=\"a\u00e7\u00facar e doces\" decoding=\"async\" srcset=\"\/\/almafitness.com.br\/wp-content\/uploads\/2023\/10\/acucar-e-doces.webp 720w, \/\/almafitness.com.br\/wp-content\/uploads\/2023\/10\/acucar-e-doces-150x108.webp 150w, \/\/almafitness.com.br\/wp-content\/uploads\/2023\/10\/acucar-e-doces-300x217.webp 300w\" sizes=\"(max-width: 720px) 100vw, 720px\" \/>\t\t\t\t\t\t\t\t<\/a>\n\t\t\t\t\t\t\t<\/div>\n\t\t\t\t\t\t\t<div class=\"post-image-mask\">\n\t\t\t\t\t\t\t\t<span><\/span>\n\t\t\t\t\t\t\t<\/div>\n\n\t\t\t\t\t\t\n\t\t\t\t\t<\/figure>\n\t\t\t\t\n\t\t\t\t\t\t\t\t\t\t\t\t<div class=\"post-date wd-post-date wd-style-with-bg\" onclick=\"\">\n\t\t\t\t<span class=\"post-date-day\">\n\t\t\t\t\t25\t\t\t\t<\/span>\n\t\t\t\t<span class=\"post-date-month\">\n\t\t\t\t\tago\t\t\t\t<\/span>\n\t\t\t<\/div>\n\t\t\t\t\t\t\n\t\t\t<\/header><!-- .entry-header -->\n\n\t\t<div class=\"article-body-container\">\n\t\t\t\n\t\t\t\t\n\t\t\t\t\t\t\t\t\t<h3 class=\"wd-entities-title title post-title\">\n\t\t\t\t\t\t<a href=\"https:\/\/almafitness.com.br\/acucar-e-doces\/\" rel=\"bookmark\">Descubra os perigos do a\u00e7\u00facar e como reduzir o consumo de doces<\/a>\n\t\t\t\t\t<\/h3>\n\t\t\t\t\n\t\t\t\t\t\t\t\n\t\t\t\t\t\t\t\n\t\t\t\t                    <div class=\"entry-content wd-entry-content\">\n\t\t\t\t\t\t<p>Deliciosos doces e sobremesas com o toque doce e saboroso do a\u00e7\u00facar para ado\u00e7ar seu dia.<\/p>\n\n\t\t\t\t\t\t\t\t\t\t\t<\/div><!-- .entry-content -->\n\t\t\t\t\n\t\t\t\t\t\t\t\t\t\t\t\t\t\t<p class=\"read-more-section\">\n\t\t\t\t\t\t<a class=\"btn-read-more more-link\" href=\"https:\/\/almafitness.com.br\/acucar-e-doces\/\">Continue lendo<\/a>\t\t\t\t\t<\/p>\n\t\t\t\t\t\t\t\t\t\t\t\n\t\t\t\n\t\t\t\t\t<\/div>\n\t<\/div>\n<\/article><!-- #post -->\n\n\n\t\t\t\t\t\t\t\t\t\t\t\n<article id=\"post-38660\" class=\"blog-design-masonry blog-post-loop blog-style-bg wd-add-shadow  col-lg-4 col-md-4 col-sm-6 col-12 last  post-38660 post type-post status-publish format-standard has-post-thumbnail hentry category-dieta\">\n\t<div class=\"article-inner\">\n\t\t\t\t\t<header class=\"entry-header\">\n\t\t\t\t\t\t\t\t\t\n\t\t\t\t\t<figure id=\"carousel-209\" class=\"entry-thumbnail\" data-owl-carousel data-hide_pagination_control=\"yes\" data-desktop=\"1\" data-tablet=\"1\" data-tablet_landscape=\"1\" data-mobile=\"1\">\n\t\t\t\t\t\t\n\t\t\t\t\t\t\t<div class=\"post-img-wrapp\">\n\t\t\t\t\t\t\t\t<a href=\"https:\/\/almafitness.com.br\/preciso-emagrecer\/\">\n\t\t\t\t\t\t\t\t\t<img width=\"944\" height=\"630\" src=\"https:\/\/almafitness.com.br\/wp-content\/uploads\/2023\/10\/preciso-emagrecer.webp\" class=\"attachment-large size-large\" alt=\"preciso emagrecer\" decoding=\"async\" srcset=\"\/\/almafitness.com.br\/wp-content\/uploads\/2023\/10\/preciso-emagrecer.webp 944w, \/\/almafitness.com.br\/wp-content\/uploads\/2023\/10\/preciso-emagrecer-150x100.webp 150w, \/\/almafitness.com.br\/wp-content\/uploads\/2023\/10\/preciso-emagrecer-300x200.webp 300w, \/\/almafitness.com.br\/wp-content\/uploads\/2023\/10\/preciso-emagrecer-768x513.webp 768w\" sizes=\"(max-width: 944px) 100vw, 944px\" \/>\t\t\t\t\t\t\t\t<\/a>\n\t\t\t\t\t\t\t<\/div>\n\t\t\t\t\t\t\t<div class=\"post-image-mask\">\n\t\t\t\t\t\t\t\t<span><\/span>\n\t\t\t\t\t\t\t<\/div>\n\n\t\t\t\t\t\t\n\t\t\t\t\t<\/figure>\n\t\t\t\t\n\t\t\t\t\t\t\t\t\t\t\t\t<div class=\"post-date wd-post-date wd-style-with-bg\" onclick=\"\">\n\t\t\t\t<span class=\"post-date-day\">\n\t\t\t\t\t25\t\t\t\t<\/span>\n\t\t\t\t<span class=\"post-date-month\">\n\t\t\t\t\tago\t\t\t\t<\/span>\n\t\t\t<\/div>\n\t\t\t\t\t\t\n\t\t\t<\/header><!-- .entry-header -->\n\n\t\t<div class=\"article-body-container\">\n\t\t\t\n\t\t\t\t\n\t\t\t\t\t\t\t\t\t<h3 class=\"wd-entities-title title post-title\">\n\t\t\t\t\t\t<a href=\"https:\/\/almafitness.com.br\/preciso-emagrecer\/\" rel=\"bookmark\">Preciso emagrecer: Dicas para perder peso de forma saud\u00e1vel!<\/a>\n\t\t\t\t\t<\/h3>\n\t\t\t\t\n\t\t\t\t\t\t\t\n\t\t\t\t\t\t\t\n\t\t\t\t                    <div class=\"entry-content wd-entry-content\">\n\t\t\t\t\t\t<p>Quero seguir uma dieta saud\u00e1vel e praticar exerc\u00edcios regularmente para alcan\u00e7ar meu objetivo de preciso emagrecer.<\/p>\n\n\t\t\t\t\t\t\t\t\t\t\t<\/div><!-- .entry-content -->\n\t\t\t\t\n\t\t\t\t\t\t\t\t\t\t\t\t\t\t<p class=\"read-more-section\">\n\t\t\t\t\t\t<a class=\"btn-read-more more-link\" href=\"https:\/\/almafitness.com.br\/preciso-emagrecer\/\">Continue lendo<\/a>\t\t\t\t\t<\/p>\n\t\t\t\t\t\t\t\t\t\t\t\n\t\t\t\n\t\t\t\t\t<\/div>\n\t<\/div>\n<\/article><!-- #post -->\n\n\n\t\t\t\t\t\t\t\t\t\t\t\n<article id=\"post-38653\" class=\"blog-design-masonry blog-post-loop blog-style-bg wd-add-shadow  col-lg-4 col-md-4 col-sm-6 col-12 first  post-38653 post type-post status-publish format-standard has-post-thumbnail hentry category-dieta\">\n\t<div class=\"article-inner\">\n\t\t\t\t\t<header class=\"entry-header\">\n\t\t\t\t\t\t\t\t\t\n\t\t\t\t\t<figure id=\"carousel-463\" class=\"entry-thumbnail\" data-owl-carousel data-hide_pagination_control=\"yes\" data-desktop=\"1\" data-tablet=\"1\" data-tablet_landscape=\"1\" data-mobile=\"1\">\n\t\t\t\t\t\t\n\t\t\t\t\t\t\t<div class=\"post-img-wrapp\">\n\t\t\t\t\t\t\t\t<a href=\"https:\/\/almafitness.com.br\/receita-de-manteiga\/\">\n\t\t\t\t\t\t\t\t\t<img width=\"1024\" height=\"576\" src=\"https:\/\/almafitness.com.br\/wp-content\/uploads\/2023\/10\/receita-de-manteiga-1024x576.webp\" class=\"attachment-large size-large\" alt=\"receita de manteiga\" decoding=\"async\" srcset=\"\/\/almafitness.com.br\/wp-content\/uploads\/2023\/10\/receita-de-manteiga-1024x576.webp 1024w, \/\/almafitness.com.br\/wp-content\/uploads\/2023\/10\/receita-de-manteiga-150x84.webp 150w, \/\/almafitness.com.br\/wp-content\/uploads\/2023\/10\/receita-de-manteiga-300x169.webp 300w, \/\/almafitness.com.br\/wp-content\/uploads\/2023\/10\/receita-de-manteiga-768x432.webp 768w, \/\/almafitness.com.br\/wp-content\/uploads\/2023\/10\/receita-de-manteiga.webp 1120w\" sizes=\"(max-width: 1024px) 100vw, 1024px\" \/>\t\t\t\t\t\t\t\t<\/a>\n\t\t\t\t\t\t\t<\/div>\n\t\t\t\t\t\t\t<div class=\"post-image-mask\">\n\t\t\t\t\t\t\t\t<span><\/span>\n\t\t\t\t\t\t\t<\/div>\n\n\t\t\t\t\t\t\n\t\t\t\t\t<\/figure>\n\t\t\t\t\n\t\t\t\t\t\t\t\t\t\t\t\t<div class=\"post-date wd-post-date wd-style-with-bg\" onclick=\"\">\n\t\t\t\t<span class=\"post-date-day\">\n\t\t\t\t\t24\t\t\t\t<\/span>\n\t\t\t\t<span class=\"post-date-month\">\n\t\t\t\t\tago\t\t\t\t<\/span>\n\t\t\t<\/div>\n\t\t\t\t\t\t\n\t\t\t<\/header><!-- .entry-header -->\n\n\t\t<div class=\"article-body-container\">\n\t\t\t\n\t\t\t\t\n\t\t\t\t\t\t\t\t\t<h3 class=\"wd-entities-title title post-title\">\n\t\t\t\t\t\t<a href=\"https:\/\/almafitness.com.br\/receita-de-manteiga\/\" rel=\"bookmark\">Descubra a deliciosa receita de manteiga caseira!<\/a>\n\t\t\t\t\t<\/h3>\n\t\t\t\t\n\t\t\t\t\t\t\t\n\t\t\t\t\t\t\t\n\t\t\t\t                    <div class=\"entry-content wd-entry-content\">\n\t\t\t\t\t\t<p>Deliciosa receita de manteiga caseira, f\u00e1cil de fazer e perfeita para dar um toque especial em suas receitas.<\/p>\n\n\t\t\t\t\t\t\t\t\t\t\t<\/div><!-- .entry-content -->\n\t\t\t\t\n\t\t\t\t\t\t\t\t\t\t\t\t\t\t<p class=\"read-more-section\">\n\t\t\t\t\t\t<a class=\"btn-read-more more-link\" href=\"https:\/\/almafitness.com.br\/receita-de-manteiga\/\">Continue lendo<\/a>\t\t\t\t\t<\/p>\n\t\t\t\t\t\t\t\t\t\t\t\n\t\t\t\n\t\t\t\t\t<\/div>\n\t<\/div>\n<\/article><!-- #post -->\n\n\n\t\t\t\t\t\t\t\t\t\t\t\n<article id=\"post-38646\" class=\"blog-design-masonry blog-post-loop blog-style-bg wd-add-shadow  col-lg-4 col-md-4 col-sm-6 col-12 post-38646 post type-post status-publish format-standard has-post-thumbnail hentry category-dieta\">\n\t<div class=\"article-inner\">\n\t\t\t\t\t<header class=\"entry-header\">\n\t\t\t\t\t\t\t\t\t\n\t\t\t\t\t<figure id=\"carousel-724\" class=\"entry-thumbnail\" data-owl-carousel data-hide_pagination_control=\"yes\" data-desktop=\"1\" data-tablet=\"1\" data-tablet_landscape=\"1\" data-mobile=\"1\">\n\t\t\t\t\t\t\n\t\t\t\t\t\t\t<div class=\"post-img-wrapp\">\n\t\t\t\t\t\t\t\t<a href=\"https:\/\/almafitness.com.br\/como-fazer-abobora-no-forno\/\">\n\t\t\t\t\t\t\t\t\t<img width=\"770\" height=\"500\" src=\"https:\/\/almafitness.com.br\/wp-content\/uploads\/2023\/10\/como-fazer-abobora-no-forno.webp\" class=\"attachment-large size-large\" alt=\"como fazer ab\u00f3bora no forno\" decoding=\"async\" srcset=\"\/\/almafitness.com.br\/wp-content\/uploads\/2023\/10\/como-fazer-abobora-no-forno.webp 770w, \/\/almafitness.com.br\/wp-content\/uploads\/2023\/10\/como-fazer-abobora-no-forno-150x97.webp 150w, \/\/almafitness.com.br\/wp-content\/uploads\/2023\/10\/como-fazer-abobora-no-forno-300x195.webp 300w, \/\/almafitness.com.br\/wp-content\/uploads\/2023\/10\/como-fazer-abobora-no-forno-768x499.webp 768w\" sizes=\"(max-width: 770px) 100vw, 770px\" \/>\t\t\t\t\t\t\t\t<\/a>\n\t\t\t\t\t\t\t<\/div>\n\t\t\t\t\t\t\t<div class=\"post-image-mask\">\n\t\t\t\t\t\t\t\t<span><\/span>\n\t\t\t\t\t\t\t<\/div>\n\n\t\t\t\t\t\t\n\t\t\t\t\t<\/figure>\n\t\t\t\t\n\t\t\t\t\t\t\t\t\t\t\t\t<div class=\"post-date wd-post-date wd-style-with-bg\" onclick=\"\">\n\t\t\t\t<span class=\"post-date-day\">\n\t\t\t\t\t24\t\t\t\t<\/span>\n\t\t\t\t<span class=\"post-date-month\">\n\t\t\t\t\tago\t\t\t\t<\/span>\n\t\t\t<\/div>\n\t\t\t\t\t\t\n\t\t\t<\/header><!-- .entry-header -->\n\n\t\t<div class=\"article-body-container\">\n\t\t\t\n\t\t\t\t\n\t\t\t\t\t\t\t\t\t<h3 class=\"wd-entities-title title post-title\">\n\t\t\t\t\t\t<a href=\"https:\/\/almafitness.com.br\/como-fazer-abobora-no-forno\/\" rel=\"bookmark\">Descubra como fazer ab\u00f3bora no forno em poucos passos<\/a>\n\t\t\t\t\t<\/h3>\n\t\t\t\t\n\t\t\t\t\t\t\t\n\t\t\t\t\t\t\t\n\t\t\t\t                    <div class=\"entry-content wd-entry-content\">\n\t\t\t\t\t\t<p>Descubra a deliciosa receita de como fazer ab\u00f3bora no forno de maneira f\u00e1cil e saborosa.<\/p>\n\n\t\t\t\t\t\t\t\t\t\t\t<\/div><!-- .entry-content -->\n\t\t\t\t\n\t\t\t\t\t\t\t\t\t\t\t\t\t\t<p class=\"read-more-section\">\n\t\t\t\t\t\t<a class=\"btn-read-more more-link\" href=\"https:\/\/almafitness.com.br\/como-fazer-abobora-no-forno\/\">Continue lendo<\/a>\t\t\t\t\t<\/p>\n\t\t\t\t\t\t\t\t\t\t\t\n\t\t\t\n\t\t\t\t\t<\/div>\n\t<\/div>\n<\/article><!-- #post -->\n\n\n\t\t\t\t\t\t\t\t\t\t\t\n<article id=\"post-38639\" class=\"blog-design-masonry blog-post-loop blog-style-bg wd-add-shadow  col-lg-4 col-md-4 col-sm-6 col-12 last  post-38639 post type-post status-publish format-standard has-post-thumbnail hentry category-dieta\">\n\t<div class=\"article-inner\">\n\t\t\t\t\t<header class=\"entry-header\">\n\t\t\t\t\t\t\t\t\t\n\t\t\t\t\t<figure id=\"carousel-750\" class=\"entry-thumbnail\" data-owl-carousel data-hide_pagination_control=\"yes\" data-desktop=\"1\" data-tablet=\"1\" data-tablet_landscape=\"1\" data-mobile=\"1\">\n\t\t\t\t\t\t\n\t\t\t\t\t\t\t<div class=\"post-img-wrapp\">\n\t\t\t\t\t\t\t\t<a href=\"https:\/\/almafitness.com.br\/como-fazer-chantilly-com-creme-de-leite-e-acucar\/\">\n\t\t\t\t\t\t\t\t\t<img width=\"800\" height=\"350\" src=\"https:\/\/almafitness.com.br\/wp-content\/uploads\/2023\/10\/como-fazer-chantilly-com-creme-de-leite-e-acucar.webp\" class=\"attachment-large size-large\" alt=\"como fazer chantilly com creme de leite e a\u00e7\u00facar\" decoding=\"async\" srcset=\"\/\/almafitness.com.br\/wp-content\/uploads\/2023\/10\/como-fazer-chantilly-com-creme-de-leite-e-acucar.webp 800w, \/\/almafitness.com.br\/wp-content\/uploads\/2023\/10\/como-fazer-chantilly-com-creme-de-leite-e-acucar-150x66.webp 150w, \/\/almafitness.com.br\/wp-content\/uploads\/2023\/10\/como-fazer-chantilly-com-creme-de-leite-e-acucar-300x131.webp 300w, \/\/almafitness.com.br\/wp-content\/uploads\/2023\/10\/como-fazer-chantilly-com-creme-de-leite-e-acucar-768x336.webp 768w\" sizes=\"(max-width: 800px) 100vw, 800px\" \/>\t\t\t\t\t\t\t\t<\/a>\n\t\t\t\t\t\t\t<\/div>\n\t\t\t\t\t\t\t<div class=\"post-image-mask\">\n\t\t\t\t\t\t\t\t<span><\/span>\n\t\t\t\t\t\t\t<\/div>\n\n\t\t\t\t\t\t\n\t\t\t\t\t<\/figure>\n\t\t\t\t\n\t\t\t\t\t\t\t\t\t\t\t\t<div class=\"post-date wd-post-date wd-style-with-bg\" onclick=\"\">\n\t\t\t\t<span class=\"post-date-day\">\n\t\t\t\t\t24\t\t\t\t<\/span>\n\t\t\t\t<span class=\"post-date-month\">\n\t\t\t\t\tago\t\t\t\t<\/span>\n\t\t\t<\/div>\n\t\t\t\t\t\t\n\t\t\t<\/header><!-- .entry-header -->\n\n\t\t<div class=\"article-body-container\">\n\t\t\t\n\t\t\t\t\n\t\t\t\t\t\t\t\t\t<h3 class=\"wd-entities-title title post-title\">\n\t\t\t\t\t\t<a href=\"https:\/\/almafitness.com.br\/como-fazer-chantilly-com-creme-de-leite-e-acucar\/\" rel=\"bookmark\">Guia pr\u00e1tico: como fazer chantilly com creme de leite e a\u00e7\u00facar<\/a>\n\t\t\t\t\t<\/h3>\n\t\t\t\t\n\t\t\t\t\t\t\t\n\t\t\t\t\t\t\t\n\t\t\t\t                    <div class=\"entry-content wd-entry-content\">\n\t\t\t\t\t\t<p>Aprenda como fazer chantilly caseiro delicioso com apenas creme de leite e a\u00e7\u00facar em 15 passos simples.<\/p>\n\n\t\t\t\t\t\t\t\t\t\t\t<\/div><!-- .entry-content -->\n\t\t\t\t\n\t\t\t\t\t\t\t\t\t\t\t\t\t\t<p class=\"read-more-section\">\n\t\t\t\t\t\t<a class=\"btn-read-more more-link\" href=\"https:\/\/almafitness.com.br\/como-fazer-chantilly-com-creme-de-leite-e-acucar\/\">Continue lendo<\/a>\t\t\t\t\t<\/p>\n\t\t\t\t\t\t\t\t\t\t\t\n\t\t\t\n\t\t\t\t\t<\/div>\n\t<\/div>\n<\/article><!-- #post -->\n\n\n\t\t\t\t\t\t\t\t\t\t\t\n<article id=\"post-38632\" class=\"blog-design-masonry blog-post-loop blog-style-bg wd-add-shadow  col-lg-4 col-md-4 col-sm-6 col-12 first  post-38632 post type-post status-publish format-standard has-post-thumbnail hentry category-dieta\">\n\t<div class=\"article-inner\">\n\t\t\t\t\t<header class=\"entry-header\">\n\t\t\t\t\t\t\t\t\t\n\t\t\t\t\t<figure id=\"carousel-143\" class=\"entry-thumbnail\" data-owl-carousel data-hide_pagination_control=\"yes\" data-desktop=\"1\" data-tablet=\"1\" data-tablet_landscape=\"1\" data-mobile=\"1\">\n\t\t\t\t\t\t\n\t\t\t\t\t\t\t<div class=\"post-img-wrapp\">\n\t\t\t\t\t\t\t\t<a href=\"https:\/\/almafitness.com.br\/ir-a-academia\/\">\n\t\t\t\t\t\t\t\t\t<img width=\"1024\" height=\"576\" src=\"https:\/\/almafitness.com.br\/wp-content\/uploads\/2023\/10\/ir-a-academia-1024x576.webp\" class=\"attachment-large size-large\" alt=\"ir \u00e0 academia\" decoding=\"async\" srcset=\"\/\/almafitness.com.br\/wp-content\/uploads\/2023\/10\/ir-a-academia-1024x576.webp 1024w, \/\/almafitness.com.br\/wp-content\/uploads\/2023\/10\/ir-a-academia-150x84.webp 150w, \/\/almafitness.com.br\/wp-content\/uploads\/2023\/10\/ir-a-academia-300x169.webp 300w, \/\/almafitness.com.br\/wp-content\/uploads\/2023\/10\/ir-a-academia-768x432.webp 768w, \/\/almafitness.com.br\/wp-content\/uploads\/2023\/10\/ir-a-academia.webp 1120w\" sizes=\"(max-width: 1024px) 100vw, 1024px\" \/>\t\t\t\t\t\t\t\t<\/a>\n\t\t\t\t\t\t\t<\/div>\n\t\t\t\t\t\t\t<div class=\"post-image-mask\">\n\t\t\t\t\t\t\t\t<span><\/span>\n\t\t\t\t\t\t\t<\/div>\n\n\t\t\t\t\t\t\n\t\t\t\t\t<\/figure>\n\t\t\t\t\n\t\t\t\t\t\t\t\t\t\t\t\t<div class=\"post-date wd-post-date wd-style-with-bg\" onclick=\"\">\n\t\t\t\t<span class=\"post-date-day\">\n\t\t\t\t\t23\t\t\t\t<\/span>\n\t\t\t\t<span class=\"post-date-month\">\n\t\t\t\t\tago\t\t\t\t<\/span>\n\t\t\t<\/div>\n\t\t\t\t\t\t\n\t\t\t<\/header><!-- .entry-header -->\n\n\t\t<div class=\"article-body-container\">\n\t\t\t\n\t\t\t\t\n\t\t\t\t\t\t\t\t\t<h3 class=\"wd-entities-title title post-title\">\n\t\t\t\t\t\t<a href=\"https:\/\/almafitness.com.br\/ir-a-academia\/\" rel=\"bookmark\">Descubra os benef\u00edcios de ir \u00e0 academia e conquiste um corpo saud\u00e1vel!<\/a>\n\t\t\t\t\t<\/h3>\n\t\t\t\t\n\t\t\t\t\t\t\t\n\t\t\t\t\t\t\t\n\t\t\t\t                    <div class=\"entry-content wd-entry-content\">\n\t\t\t\t\t\t<p>Rotina saud\u00e1vel com treinos e exerc\u00edcios para o corpo e mente, basta ir \u00e0 academia!<\/p>\n\n\t\t\t\t\t\t\t\t\t\t\t<\/div><!-- .entry-content -->\n\t\t\t\t\n\t\t\t\t\t\t\t\t\t\t\t\t\t\t<p class=\"read-more-section\">\n\t\t\t\t\t\t<a class=\"btn-read-more more-link\" href=\"https:\/\/almafitness.com.br\/ir-a-academia\/\">Continue lendo<\/a>\t\t\t\t\t<\/p>\n\t\t\t\t\t\t\t\t\t\t\t\n\t\t\t\n\t\t\t\t\t<\/div>\n\t<\/div>\n<\/article><!-- #post -->\n\n\n\t\t\t\t\t\t\t\t\t\t\t\n<article id=\"post-38618\" class=\"blog-design-masonry blog-post-loop blog-style-bg wd-add-shadow  col-lg-4 col-md-4 col-sm-6 col-12 post-38618 post type-post status-publish format-standard has-post-thumbnail hentry category-dieta\">\n\t<div class=\"article-inner\">\n\t\t\t\t\t<header class=\"entry-header\">\n\t\t\t\t\t\t\t\t\t\n\t\t\t\t\t<figure id=\"carousel-543\" class=\"entry-thumbnail\" data-owl-carousel data-hide_pagination_control=\"yes\" data-desktop=\"1\" data-tablet=\"1\" data-tablet_landscape=\"1\" data-mobile=\"1\">\n\t\t\t\t\t\t\n\t\t\t\t\t\t\t<div class=\"post-img-wrapp\">\n\t\t\t\t\t\t\t\t<a href=\"https:\/\/almafitness.com.br\/suco-de-limao-receita\/\">\n\t\t\t\t\t\t\t\t\t<img width=\"849\" height=\"565\" src=\"https:\/\/almafitness.com.br\/wp-content\/uploads\/2023\/10\/suco-de-limao-receita.webp\" class=\"attachment-large size-large\" alt=\"suco de limao receita\" decoding=\"async\" srcset=\"\/\/almafitness.com.br\/wp-content\/uploads\/2023\/10\/suco-de-limao-receita.webp 849w, \/\/almafitness.com.br\/wp-content\/uploads\/2023\/10\/suco-de-limao-receita-150x100.webp 150w, \/\/almafitness.com.br\/wp-content\/uploads\/2023\/10\/suco-de-limao-receita-300x200.webp 300w, \/\/almafitness.com.br\/wp-content\/uploads\/2023\/10\/suco-de-limao-receita-768x511.webp 768w\" sizes=\"(max-width: 849px) 100vw, 849px\" \/>\t\t\t\t\t\t\t\t<\/a>\n\t\t\t\t\t\t\t<\/div>\n\t\t\t\t\t\t\t<div class=\"post-image-mask\">\n\t\t\t\t\t\t\t\t<span><\/span>\n\t\t\t\t\t\t\t<\/div>\n\n\t\t\t\t\t\t\n\t\t\t\t\t<\/figure>\n\t\t\t\t\n\t\t\t\t\t\t\t\t\t\t\t\t<div class=\"post-date wd-post-date wd-style-with-bg\" onclick=\"\">\n\t\t\t\t<span class=\"post-date-day\">\n\t\t\t\t\t23\t\t\t\t<\/span>\n\t\t\t\t<span class=\"post-date-month\">\n\t\t\t\t\tago\t\t\t\t<\/span>\n\t\t\t<\/div>\n\t\t\t\t\t\t\n\t\t\t<\/header><!-- .entry-header -->\n\n\t\t<div class=\"article-body-container\">\n\t\t\t\n\t\t\t\t\n\t\t\t\t\t\t\t\t\t<h3 class=\"wd-entities-title title post-title\">\n\t\t\t\t\t\t<a href=\"https:\/\/almafitness.com.br\/suco-de-limao-receita\/\" rel=\"bookmark\">Descubra a refrescante receita de suco de lim\u00e3o<\/a>\n\t\t\t\t\t<\/h3>\n\t\t\t\t\n\t\t\t\t\t\t\t\n\t\t\t\t\t\t\t\n\t\t\t\t                    <div class=\"entry-content wd-entry-content\">\n\t\t\t\t\t\t<p>Delicioso suco de lim\u00e3o com uma refrescante receita caseira para se refrescar nos dias quentes.<\/p>\n\n\t\t\t\t\t\t\t\t\t\t\t<\/div><!-- .entry-content -->\n\t\t\t\t\n\t\t\t\t\t\t\t\t\t\t\t\t\t\t<p class=\"read-more-section\">\n\t\t\t\t\t\t<a class=\"btn-read-more more-link\" href=\"https:\/\/almafitness.com.br\/suco-de-limao-receita\/\">Continue lendo<\/a>\t\t\t\t\t<\/p>\n\t\t\t\t\t\t\t\t\t\t\t\n\t\t\t\n\t\t\t\t\t<\/div>\n\t<\/div>\n<\/article><!-- #post -->\n\n\n\t\t\t\t\t\t\t\t\t\t\t\n<article id=\"post-38611\" class=\"blog-design-masonry blog-post-loop blog-style-bg wd-add-shadow  col-lg-4 col-md-4 col-sm-6 col-12 last  post-38611 post type-post status-publish format-standard has-post-thumbnail hentry category-dieta\">\n\t<div class=\"article-inner\">\n\t\t\t\t\t<header class=\"entry-header\">\n\t\t\t\t\t\t\t\t\t\n\t\t\t\t\t<figure id=\"carousel-869\" class=\"entry-thumbnail\" data-owl-carousel data-hide_pagination_control=\"yes\" data-desktop=\"1\" data-tablet=\"1\" data-tablet_landscape=\"1\" data-mobile=\"1\">\n\t\t\t\t\t\t\n\t\t\t\t\t\t\t<div class=\"post-img-wrapp\">\n\t\t\t\t\t\t\t\t<a href=\"https:\/\/almafitness.com.br\/abobora-assada-com-casca-2\/\">\n\t\t\t\t\t\t\t\t\t<img width=\"1024\" height=\"466\" src=\"https:\/\/almafitness.com.br\/wp-content\/uploads\/2023\/10\/abobora-assada-com-casca-1-1024x466.webp\" class=\"attachment-large size-large\" alt=\"abobora assada com casca\" decoding=\"async\" srcset=\"\/\/almafitness.com.br\/wp-content\/uploads\/2023\/10\/abobora-assada-com-casca-1-1024x466.webp 1024w, \/\/almafitness.com.br\/wp-content\/uploads\/2023\/10\/abobora-assada-com-casca-1-150x68.webp 150w, \/\/almafitness.com.br\/wp-content\/uploads\/2023\/10\/abobora-assada-com-casca-1-300x137.webp 300w, \/\/almafitness.com.br\/wp-content\/uploads\/2023\/10\/abobora-assada-com-casca-1-768x349.webp 768w, \/\/almafitness.com.br\/wp-content\/uploads\/2023\/10\/abobora-assada-com-casca-1.webp 1200w\" sizes=\"(max-width: 1024px) 100vw, 1024px\" \/>\t\t\t\t\t\t\t\t<\/a>\n\t\t\t\t\t\t\t<\/div>\n\t\t\t\t\t\t\t<div class=\"post-image-mask\">\n\t\t\t\t\t\t\t\t<span><\/span>\n\t\t\t\t\t\t\t<\/div>\n\n\t\t\t\t\t\t\n\t\t\t\t\t<\/figure>\n\t\t\t\t\n\t\t\t\t\t\t\t\t\t\t\t\t<div class=\"post-date wd-post-date wd-style-with-bg\" onclick=\"\">\n\t\t\t\t<span class=\"post-date-day\">\n\t\t\t\t\t22\t\t\t\t<\/span>\n\t\t\t\t<span class=\"post-date-month\">\n\t\t\t\t\tago\t\t\t\t<\/span>\n\t\t\t<\/div>\n\t\t\t\t\t\t\n\t\t\t<\/header><!-- .entry-header -->\n\n\t\t<div class=\"article-body-container\">\n\t\t\t\n\t\t\t\t\n\t\t\t\t\t\t\t\t\t<h3 class=\"wd-entities-title title post-title\">\n\t\t\t\t\t\t<a href=\"https:\/\/almafitness.com.br\/abobora-assada-com-casca-2\/\" rel=\"bookmark\">Deliciosa ab\u00f3bora assada com casca: aproveite todos os sabores!<\/a>\n\t\t\t\t\t<\/h3>\n\t\t\t\t\n\t\t\t\t\t\t\t\n\t\t\t\t\t\t\t\n\t\t\t\t                    <div class=\"entry-content wd-entry-content\">\n\t\t\t\t\t\t<p>Deliciosa e saud\u00e1vel, a ab\u00f3bora assada com casca \u00e9 a escolha perfeita para uma refei\u00e7\u00e3o nutritiva e saborosa.<\/p>\n\n\t\t\t\t\t\t\t\t\t\t\t<\/div><!-- .entry-content -->\n\t\t\t\t\n\t\t\t\t\t\t\t\t\t\t\t\t\t\t<p class=\"read-more-section\">\n\t\t\t\t\t\t<a class=\"btn-read-more more-link\" href=\"https:\/\/almafitness.com.br\/abobora-assada-com-casca-2\/\">Continue lendo<\/a>\t\t\t\t\t<\/p>\n\t\t\t\t\t\t\t\t\t\t\t\n\t\t\t\n\t\t\t\t\t<\/div>\n\t<\/div>\n<\/article><!-- #post -->\n\n\n\t\t\t\t\t\t\t\t\t\t\t\n<article id=\"post-38597\" class=\"blog-design-masonry blog-post-loop blog-style-bg wd-add-shadow  col-lg-4 col-md-4 col-sm-6 col-12 first  post-38597 post type-post status-publish format-standard has-post-thumbnail hentry category-dieta\">\n\t<div class=\"article-inner\">\n\t\t\t\t\t<header class=\"entry-header\">\n\t\t\t\t\t\t\t\t\t\n\t\t\t\t\t<figure id=\"carousel-768\" class=\"entry-thumbnail\" data-owl-carousel data-hide_pagination_control=\"yes\" data-desktop=\"1\" data-tablet=\"1\" data-tablet_landscape=\"1\" data-mobile=\"1\">\n\t\t\t\t\t\t\n\t\t\t\t\t\t\t<div class=\"post-img-wrapp\">\n\t\t\t\t\t\t\t\t<a href=\"https:\/\/almafitness.com.br\/para-de-comer\/\">\n\t\t\t\t\t\t\t\t\t<img width=\"600\" height=\"400\" src=\"https:\/\/almafitness.com.br\/wp-content\/uploads\/2023\/10\/para-de-comer.webp\" class=\"attachment-large size-large\" alt=\"para de comer\" decoding=\"async\" srcset=\"\/\/almafitness.com.br\/wp-content\/uploads\/2023\/10\/para-de-comer.webp 600w, \/\/almafitness.com.br\/wp-content\/uploads\/2023\/10\/para-de-comer-150x100.webp 150w, \/\/almafitness.com.br\/wp-content\/uploads\/2023\/10\/para-de-comer-300x200.webp 300w\" sizes=\"(max-width: 600px) 100vw, 600px\" \/>\t\t\t\t\t\t\t\t<\/a>\n\t\t\t\t\t\t\t<\/div>\n\t\t\t\t\t\t\t<div class=\"post-image-mask\">\n\t\t\t\t\t\t\t\t<span><\/span>\n\t\t\t\t\t\t\t<\/div>\n\n\t\t\t\t\t\t\n\t\t\t\t\t<\/figure>\n\t\t\t\t\n\t\t\t\t\t\t\t\t\t\t\t\t<div class=\"post-date wd-post-date wd-style-with-bg\" onclick=\"\">\n\t\t\t\t<span class=\"post-date-day\">\n\t\t\t\t\t22\t\t\t\t<\/span>\n\t\t\t\t<span class=\"post-date-month\">\n\t\t\t\t\tago\t\t\t\t<\/span>\n\t\t\t<\/div>\n\t\t\t\t\t\t\n\t\t\t<\/header><!-- .entry-header -->\n\n\t\t<div class=\"article-body-container\">\n\t\t\t\n\t\t\t\t\n\t\t\t\t\t\t\t\t\t<h3 class=\"wd-entities-title title post-title\">\n\t\t\t\t\t\t<a href=\"https:\/\/almafitness.com.br\/para-de-comer\/\" rel=\"bookmark\">Para de comer sem culpa: dicas para uma alimenta\u00e7\u00e3o saud\u00e1vel<\/a>\n\t\t\t\t\t<\/h3>\n\t\t\t\t\n\t\t\t\t\t\t\t\n\t\t\t\t\t\t\t\n\t\t\t\t                    <div class=\"entry-content wd-entry-content\">\n\t\t\t\t\t\t<p>Para de comer agora e v\u00e1 se exercitar para manter uma vida saud\u00e1vel e equilibrada.<\/p>\n\n\t\t\t\t\t\t\t\t\t\t\t<\/div><!-- .entry-content -->\n\t\t\t\t\n\t\t\t\t\t\t\t\t\t\t\t\t\t\t<p class=\"read-more-section\">\n\t\t\t\t\t\t<a class=\"btn-read-more more-link\" href=\"https:\/\/almafitness.com.br\/para-de-comer\/\">Continue lendo<\/a>\t\t\t\t\t<\/p>\n\t\t\t\t\t\t\t\t\t\t\t\n\t\t\t\n\t\t\t\t\t<\/div>\n\t<\/div>\n<\/article><!-- #post -->\n\n\n\t\t\t\t\t\t\t\t\t\t\t\n<article id=\"post-38590\" class=\"blog-design-masonry blog-post-loop blog-style-bg wd-add-shadow  col-lg-4 col-md-4 col-sm-6 col-12 post-38590 post type-post status-publish format-standard has-post-thumbnail hentry category-dieta\">\n\t<div class=\"article-inner\">\n\t\t\t\t\t<header class=\"entry-header\">\n\t\t\t\t\t\t\t\t\t\n\t\t\t\t\t<figure id=\"carousel-509\" class=\"entry-thumbnail\" data-owl-carousel data-hide_pagination_control=\"yes\" data-desktop=\"1\" data-tablet=\"1\" data-tablet_landscape=\"1\" data-mobile=\"1\">\n\t\t\t\t\t\t\n\t\t\t\t\t\t\t<div class=\"post-img-wrapp\">\n\t\t\t\t\t\t\t\t<a href=\"https:\/\/almafitness.com.br\/parar-de-comer-emagrece\/\">\n\t\t\t\t\t\t\t\t\t<img width=\"949\" height=\"630\" src=\"https:\/\/almafitness.com.br\/wp-content\/uploads\/2023\/10\/parar-de-comer-emagrece.webp\" class=\"attachment-large size-large\" alt=\"parar de comer emagrece\" decoding=\"async\" srcset=\"\/\/almafitness.com.br\/wp-content\/uploads\/2023\/10\/parar-de-comer-emagrece.webp 949w, \/\/almafitness.com.br\/wp-content\/uploads\/2023\/10\/parar-de-comer-emagrece-150x100.webp 150w, \/\/almafitness.com.br\/wp-content\/uploads\/2023\/10\/parar-de-comer-emagrece-300x199.webp 300w, \/\/almafitness.com.br\/wp-content\/uploads\/2023\/10\/parar-de-comer-emagrece-768x510.webp 768w\" sizes=\"(max-width: 949px) 100vw, 949px\" \/>\t\t\t\t\t\t\t\t<\/a>\n\t\t\t\t\t\t\t<\/div>\n\t\t\t\t\t\t\t<div class=\"post-image-mask\">\n\t\t\t\t\t\t\t\t<span><\/span>\n\t\t\t\t\t\t\t<\/div>\n\n\t\t\t\t\t\t\n\t\t\t\t\t<\/figure>\n\t\t\t\t\n\t\t\t\t\t\t\t\t\t\t\t\t<div class=\"post-date wd-post-date wd-style-with-bg\" onclick=\"\">\n\t\t\t\t<span class=\"post-date-day\">\n\t\t\t\t\t21\t\t\t\t<\/span>\n\t\t\t\t<span class=\"post-date-month\">\n\t\t\t\t\tago\t\t\t\t<\/span>\n\t\t\t<\/div>\n\t\t\t\t\t\t\n\t\t\t<\/header><!-- .entry-header -->\n\n\t\t<div class=\"article-body-container\">\n\t\t\t\n\t\t\t\t\n\t\t\t\t\t\t\t\t\t<h3 class=\"wd-entities-title title post-title\">\n\t\t\t\t\t\t<a href=\"https:\/\/almafitness.com.br\/parar-de-comer-emagrece\/\" rel=\"bookmark\">Parar de Comer Emagrece: Mitos e Verdades<\/a>\n\t\t\t\t\t<\/h3>\n\t\t\t\t\n\t\t\t\t\t\t\t\n\t\t\t\t\t\t\t\n\t\t\t\t                    <div class=\"entry-content wd-entry-content\">\n\t\t\t\t\t\t<p>Descubra como parar de comer emagrece e alcance seu peso ideal de forma saud\u00e1vel e duradoura.<\/p>\n\n\t\t\t\t\t\t\t\t\t\t\t<\/div><!-- .entry-content -->\n\t\t\t\t\n\t\t\t\t\t\t\t\t\t\t\t\t\t\t<p class=\"read-more-section\">\n\t\t\t\t\t\t<a class=\"btn-read-more more-link\" href=\"https:\/\/almafitness.com.br\/parar-de-comer-emagrece\/\">Continue lendo<\/a>\t\t\t\t\t<\/p>\n\t\t\t\t\t\t\t\t\t\t\t\n\t\t\t\n\t\t\t\t\t<\/div>\n\t<\/div>\n<\/article><!-- #post -->\n\n\n\t\t\t\t\t\t\t\t\t\t\t\n<article id=\"post-38583\" class=\"blog-design-masonry blog-post-loop blog-style-bg wd-add-shadow  col-lg-4 col-md-4 col-sm-6 col-12 last  post-38583 post type-post status-publish format-standard has-post-thumbnail hentry category-dieta\">\n\t<div class=\"article-inner\">\n\t\t\t\t\t<header class=\"entry-header\">\n\t\t\t\t\t\t\t\t\t\n\t\t\t\t\t<figure id=\"carousel-731\" class=\"entry-thumbnail\" data-owl-carousel data-hide_pagination_control=\"yes\" data-desktop=\"1\" data-tablet=\"1\" data-tablet_landscape=\"1\" data-mobile=\"1\">\n\t\t\t\t\t\t\n\t\t\t\t\t\t\t<div class=\"post-img-wrapp\">\n\t\t\t\t\t\t\t\t<a href=\"https:\/\/almafitness.com.br\/parar-de-comer-para-emagrecer\/\">\n\t\t\t\t\t\t\t\t\t<img width=\"450\" height=\"320\" src=\"https:\/\/almafitness.com.br\/wp-content\/uploads\/2023\/10\/parar-de-comer-para-emagrecer.webp\" class=\"attachment-large size-large\" alt=\"parar de comer para emagrecer\" decoding=\"async\" srcset=\"\/\/almafitness.com.br\/wp-content\/uploads\/2023\/10\/parar-de-comer-para-emagrecer.webp 450w, \/\/almafitness.com.br\/wp-content\/uploads\/2023\/10\/parar-de-comer-para-emagrecer-150x107.webp 150w, \/\/almafitness.com.br\/wp-content\/uploads\/2023\/10\/parar-de-comer-para-emagrecer-300x213.webp 300w\" sizes=\"(max-width: 450px) 100vw, 450px\" \/>\t\t\t\t\t\t\t\t<\/a>\n\t\t\t\t\t\t\t<\/div>\n\t\t\t\t\t\t\t<div class=\"post-image-mask\">\n\t\t\t\t\t\t\t\t<span><\/span>\n\t\t\t\t\t\t\t<\/div>\n\n\t\t\t\t\t\t\n\t\t\t\t\t<\/figure>\n\t\t\t\t\n\t\t\t\t\t\t\t\t\t\t\t\t<div class=\"post-date wd-post-date wd-style-with-bg\" onclick=\"\">\n\t\t\t\t<span class=\"post-date-day\">\n\t\t\t\t\t21\t\t\t\t<\/span>\n\t\t\t\t<span class=\"post-date-month\">\n\t\t\t\t\tago\t\t\t\t<\/span>\n\t\t\t<\/div>\n\t\t\t\t\t\t\n\t\t\t<\/header><!-- .entry-header -->\n\n\t\t<div class=\"article-body-container\">\n\t\t\t\n\t\t\t\t\n\t\t\t\t\t\t\t\t\t<h3 class=\"wd-entities-title title post-title\">\n\t\t\t\t\t\t<a href=\"https:\/\/almafitness.com.br\/parar-de-comer-para-emagrecer\/\" rel=\"bookmark\">Emagrecimento saud\u00e1vel: Pare de comer para atingir seus objetivos<\/a>\n\t\t\t\t\t<\/h3>\n\t\t\t\t\n\t\t\t\t\t\t\t\n\t\t\t\t\t\t\t\n\t\t\t\t                    <div class=\"entry-content wd-entry-content\">\n\t\t\t\t\t\t<p>Dica:<\/p>\n<p>Uma mudan\u00e7a de h\u00e1bitos alimentares pode ser a chave para parar de comer e emagrecer com sa\u00fade.<\/p>\n\n\t\t\t\t\t\t\t\t\t\t\t<\/div><!-- .entry-content -->\n\t\t\t\t\n\t\t\t\t\t\t\t\t\t\t\t\t\t\t<p class=\"read-more-section\">\n\t\t\t\t\t\t<a class=\"btn-read-more more-link\" href=\"https:\/\/almafitness.com.br\/parar-de-comer-para-emagrecer\/\">Continue lendo<\/a>\t\t\t\t\t<\/p>\n\t\t\t\t\t\t\t\t\t\t\t\n\t\t\t\n\t\t\t\t\t<\/div>\n\t<\/div>\n<\/article><!-- #post -->\n\n\n\t\t\t\t\t\t\t\t\t\t\t\n<article id=\"post-38576\" class=\"blog-design-masonry blog-post-loop blog-style-bg wd-add-shadow  col-lg-4 col-md-4 col-sm-6 col-12 first  post-38576 post type-post status-publish format-standard has-post-thumbnail hentry category-dieta\">\n\t<div class=\"article-inner\">\n\t\t\t\t\t<header class=\"entry-header\">\n\t\t\t\t\t\t\t\t\t\n\t\t\t\t\t<figure id=\"carousel-318\" class=\"entry-thumbnail\" data-owl-carousel data-hide_pagination_control=\"yes\" data-desktop=\"1\" data-tablet=\"1\" data-tablet_landscape=\"1\" data-mobile=\"1\">\n\t\t\t\t\t\t\n\t\t\t\t\t\t\t<div class=\"post-img-wrapp\">\n\t\t\t\t\t\t\t\t<a href=\"https:\/\/almafitness.com.br\/chantilly-zero-acucar\/\">\n\t\t\t\t\t\t\t\t\t<img width=\"1024\" height=\"576\" src=\"https:\/\/almafitness.com.br\/wp-content\/uploads\/2023\/10\/chantilly-zero-acucar-1024x576.webp\" class=\"attachment-large size-large\" alt=\"chantilly zero a\u00e7ucar\" decoding=\"async\" srcset=\"\/\/almafitness.com.br\/wp-content\/uploads\/2023\/10\/chantilly-zero-acucar-1024x576.webp 1024w, \/\/almafitness.com.br\/wp-content\/uploads\/2023\/10\/chantilly-zero-acucar-150x84.webp 150w, \/\/almafitness.com.br\/wp-content\/uploads\/2023\/10\/chantilly-zero-acucar-300x169.webp 300w, \/\/almafitness.com.br\/wp-content\/uploads\/2023\/10\/chantilly-zero-acucar-768x432.webp 768w, \/\/almafitness.com.br\/wp-content\/uploads\/2023\/10\/chantilly-zero-acucar.webp 1120w\" sizes=\"(max-width: 1024px) 100vw, 1024px\" \/>\t\t\t\t\t\t\t\t<\/a>\n\t\t\t\t\t\t\t<\/div>\n\t\t\t\t\t\t\t<div class=\"post-image-mask\">\n\t\t\t\t\t\t\t\t<span><\/span>\n\t\t\t\t\t\t\t<\/div>\n\n\t\t\t\t\t\t\n\t\t\t\t\t<\/figure>\n\t\t\t\t\n\t\t\t\t\t\t\t\t\t\t\t\t<div class=\"post-date wd-post-date wd-style-with-bg\" onclick=\"\">\n\t\t\t\t<span class=\"post-date-day\">\n\t\t\t\t\t21\t\t\t\t<\/span>\n\t\t\t\t<span class=\"post-date-month\">\n\t\t\t\t\tago\t\t\t\t<\/span>\n\t\t\t<\/div>\n\t\t\t\t\t\t\n\t\t\t<\/header><!-- .entry-header -->\n\n\t\t<div class=\"article-body-container\">\n\t\t\t\n\t\t\t\t\n\t\t\t\t\t\t\t\t\t<h3 class=\"wd-entities-title title post-title\">\n\t\t\t\t\t\t<a href=\"https:\/\/almafitness.com.br\/chantilly-zero-acucar\/\" rel=\"bookmark\">Explore os benef\u00edcios do chantilly zero a\u00e7\u00facar para uma vida mais saud\u00e1vel<\/a>\n\t\t\t\t\t<\/h3>\n\t\t\t\t\n\t\t\t\t\t\t\t\n\t\t\t\t\t\t\t\n\t\t\t\t                    <div class=\"entry-content wd-entry-content\">\n\t\t\t\t\t\t<p>Delicioso creme batido, leve e saboroso, perfeito para quem busca uma op\u00e7\u00e3o sem a\u00e7\u00facar.<\/p>\n\n\t\t\t\t\t\t\t\t\t\t\t<\/div><!-- .entry-content -->\n\t\t\t\t\n\t\t\t\t\t\t\t\t\t\t\t\t\t\t<p class=\"read-more-section\">\n\t\t\t\t\t\t<a class=\"btn-read-more more-link\" href=\"https:\/\/almafitness.com.br\/chantilly-zero-acucar\/\">Continue lendo<\/a>\t\t\t\t\t<\/p>\n\t\t\t\t\t\t\t\t\t\t\t\n\t\t\t\n\t\t\t\t\t<\/div>\n\t<\/div>\n<\/article><!-- #post -->\n\n\n\t\t\t\t\t\t\t\t\t\t\t\n<article id=\"post-38569\" class=\"blog-design-masonry blog-post-loop blog-style-bg wd-add-shadow  col-lg-4 col-md-4 col-sm-6 col-12 post-38569 post type-post status-publish format-standard has-post-thumbnail hentry category-dieta\">\n\t<div class=\"article-inner\">\n\t\t\t\t\t<header class=\"entry-header\">\n\t\t\t\t\t\t\t\t\t\n\t\t\t\t\t<figure id=\"carousel-374\" class=\"entry-thumbnail\" data-owl-carousel data-hide_pagination_control=\"yes\" data-desktop=\"1\" data-tablet=\"1\" data-tablet_landscape=\"1\" data-mobile=\"1\">\n\t\t\t\t\t\t\n\t\t\t\t\t\t\t<div class=\"post-img-wrapp\">\n\t\t\t\t\t\t\t\t<a href=\"https:\/\/almafitness.com.br\/granola-saudavel-3\/\">\n\t\t\t\t\t\t\t\t\t<img width=\"800\" height=\"300\" src=\"https:\/\/almafitness.com.br\/wp-content\/uploads\/2023\/10\/granola-saudavel-1.webp\" class=\"attachment-large size-large\" alt=\"granola saud\u00e1vel\" decoding=\"async\" srcset=\"\/\/almafitness.com.br\/wp-content\/uploads\/2023\/10\/granola-saudavel-1.webp 800w, \/\/almafitness.com.br\/wp-content\/uploads\/2023\/10\/granola-saudavel-1-150x56.webp 150w, \/\/almafitness.com.br\/wp-content\/uploads\/2023\/10\/granola-saudavel-1-300x113.webp 300w, \/\/almafitness.com.br\/wp-content\/uploads\/2023\/10\/granola-saudavel-1-768x288.webp 768w\" sizes=\"(max-width: 800px) 100vw, 800px\" \/>\t\t\t\t\t\t\t\t<\/a>\n\t\t\t\t\t\t\t<\/div>\n\t\t\t\t\t\t\t<div class=\"post-image-mask\">\n\t\t\t\t\t\t\t\t<span><\/span>\n\t\t\t\t\t\t\t<\/div>\n\n\t\t\t\t\t\t\n\t\t\t\t\t<\/figure>\n\t\t\t\t\n\t\t\t\t\t\t\t\t\t\t\t\t<div class=\"post-date wd-post-date wd-style-with-bg\" onclick=\"\">\n\t\t\t\t<span class=\"post-date-day\">\n\t\t\t\t\t20\t\t\t\t<\/span>\n\t\t\t\t<span class=\"post-date-month\">\n\t\t\t\t\tago\t\t\t\t<\/span>\n\t\t\t<\/div>\n\t\t\t\t\t\t\n\t\t\t<\/header><!-- .entry-header -->\n\n\t\t<div class=\"article-body-container\">\n\t\t\t\n\t\t\t\t\n\t\t\t\t\t\t\t\t\t<h3 class=\"wd-entities-title title post-title\">\n\t\t\t\t\t\t<a href=\"https:\/\/almafitness.com.br\/granola-saudavel-3\/\" rel=\"bookmark\">Como fazer uma granola saud\u00e1vel em casa: dicas e receita<\/a>\n\t\t\t\t\t<\/h3>\n\t\t\t\t\n\t\t\t\t\t\t\t\n\t\t\t\t\t\t\t\n\t\t\t\t                    <div class=\"entry-content wd-entry-content\">\n\t\t\t\t\t\t<p>Uma op\u00e7\u00e3o deliciosa e nutritiva para um caf\u00e9 da manh\u00e3 equilibrado: granola saud\u00e1vel e saborosa.<\/p>\n\n\t\t\t\t\t\t\t\t\t\t\t<\/div><!-- .entry-content -->\n\t\t\t\t\n\t\t\t\t\t\t\t\t\t\t\t\t\t\t<p class=\"read-more-section\">\n\t\t\t\t\t\t<a class=\"btn-read-more more-link\" href=\"https:\/\/almafitness.com.br\/granola-saudavel-3\/\">Continue lendo<\/a>\t\t\t\t\t<\/p>\n\t\t\t\t\t\t\t\t\t\t\t\n\t\t\t\n\t\t\t\t\t<\/div>\n\t<\/div>\n<\/article><!-- #post -->\n\n\n\t\t\t\t\t\t\t\t\t\t\t\n<article id=\"post-38557\" class=\"blog-design-masonry blog-post-loop blog-style-bg wd-add-shadow  col-lg-4 col-md-4 col-sm-6 col-12 last  post-38557 post type-post status-publish format-standard has-post-thumbnail hentry category-dieta\">\n\t<div class=\"article-inner\">\n\t\t\t\t\t<header class=\"entry-header\">\n\t\t\t\t\t\t\t\t\t\n\t\t\t\t\t<figure id=\"carousel-805\" class=\"entry-thumbnail\" data-owl-carousel data-hide_pagination_control=\"yes\" data-desktop=\"1\" data-tablet=\"1\" data-tablet_landscape=\"1\" data-mobile=\"1\">\n\t\t\t\t\t\t\n\t\t\t\t\t\t\t<div class=\"post-img-wrapp\">\n\t\t\t\t\t\t\t\t<a href=\"https:\/\/almafitness.com.br\/beneficios-de-nao-comer-acucar-2\/\">\n\t\t\t\t\t\t\t\t\t<img width=\"945\" height=\"630\" src=\"https:\/\/almafitness.com.br\/wp-content\/uploads\/2023\/10\/beneficios-de-nao-comer-acucar-1.webp\" class=\"attachment-large size-large\" alt=\"beneficios de nao comer a\u00e7ucar\" decoding=\"async\" srcset=\"\/\/almafitness.com.br\/wp-content\/uploads\/2023\/10\/beneficios-de-nao-comer-acucar-1.webp 945w, \/\/almafitness.com.br\/wp-content\/uploads\/2023\/10\/beneficios-de-nao-comer-acucar-1-150x100.webp 150w, \/\/almafitness.com.br\/wp-content\/uploads\/2023\/10\/beneficios-de-nao-comer-acucar-1-300x200.webp 300w, \/\/almafitness.com.br\/wp-content\/uploads\/2023\/10\/beneficios-de-nao-comer-acucar-1-768x512.webp 768w\" sizes=\"(max-width: 945px) 100vw, 945px\" \/>\t\t\t\t\t\t\t\t<\/a>\n\t\t\t\t\t\t\t<\/div>\n\t\t\t\t\t\t\t<div class=\"post-image-mask\">\n\t\t\t\t\t\t\t\t<span><\/span>\n\t\t\t\t\t\t\t<\/div>\n\n\t\t\t\t\t\t\n\t\t\t\t\t<\/figure>\n\t\t\t\t\n\t\t\t\t\t\t\t\t\t\t\t\t<div class=\"post-date wd-post-date wd-style-with-bg\" onclick=\"\">\n\t\t\t\t<span class=\"post-date-day\">\n\t\t\t\t\t20\t\t\t\t<\/span>\n\t\t\t\t<span class=\"post-date-month\">\n\t\t\t\t\tago\t\t\t\t<\/span>\n\t\t\t<\/div>\n\t\t\t\t\t\t\n\t\t\t<\/header><!-- .entry-header -->\n\n\t\t<div class=\"article-body-container\">\n\t\t\t\n\t\t\t\t\n\t\t\t\t\t\t\t\t\t<h3 class=\"wd-entities-title title post-title\">\n\t\t\t\t\t\t<a href=\"https:\/\/almafitness.com.br\/beneficios-de-nao-comer-acucar-2\/\" rel=\"bookmark\">Descubra os incr\u00edveis benef\u00edcios de n\u00e3o consumir a\u00e7\u00facar<\/a>\n\t\t\t\t\t<\/h3>\n\t\t\t\t\n\t\t\t\t\t\t\t\n\t\t\t\t\t\t\t\n\t\t\t\t                    <div class=\"entry-content wd-entry-content\">\n\t\t\t\t\t\t<p>Descubra os benef\u00edcios surpreendentes para a sa\u00fade que uma dieta sem a\u00e7\u00facar pode trazer.<\/p>\n\n\t\t\t\t\t\t\t\t\t\t\t<\/div><!-- .entry-content -->\n\t\t\t\t\n\t\t\t\t\t\t\t\t\t\t\t\t\t\t<p class=\"read-more-section\">\n\t\t\t\t\t\t<a class=\"btn-read-more more-link\" href=\"https:\/\/almafitness.com.br\/beneficios-de-nao-comer-acucar-2\/\">Continue lendo<\/a>\t\t\t\t\t<\/p>\n\t\t\t\t\t\t\t\t\t\t\t\n\t\t\t\n\t\t\t\t\t<\/div>\n\t<\/div>\n<\/article><!-- #post -->\n\n\n\t\t\t\t\t\t\t\t\t\t\t\n<article id=\"post-38550\" class=\"blog-design-masonry blog-post-loop blog-style-bg wd-add-shadow  col-lg-4 col-md-4 col-sm-6 col-12 first  post-38550 post type-post status-publish format-standard has-post-thumbnail hentry category-dieta\">\n\t<div class=\"article-inner\">\n\t\t\t\t\t<header class=\"entry-header\">\n\t\t\t\t\t\t\t\t\t\n\t\t\t\t\t<figure id=\"carousel-719\" class=\"entry-thumbnail\" data-owl-carousel data-hide_pagination_control=\"yes\" data-desktop=\"1\" data-tablet=\"1\" data-tablet_landscape=\"1\" data-mobile=\"1\">\n\t\t\t\t\t\t\n\t\t\t\t\t\t\t<div class=\"post-img-wrapp\">\n\t\t\t\t\t\t\t\t<a href=\"https:\/\/almafitness.com.br\/como-fazer-polichinelos\/\">\n\t\t\t\t\t\t\t\t\t<img width=\"945\" height=\"630\" src=\"https:\/\/almafitness.com.br\/wp-content\/uploads\/2023\/10\/como-fazer-polichinelos.webp\" class=\"attachment-large size-large\" alt=\"como fazer polichinelos\" decoding=\"async\" srcset=\"\/\/almafitness.com.br\/wp-content\/uploads\/2023\/10\/como-fazer-polichinelos.webp 945w, \/\/almafitness.com.br\/wp-content\/uploads\/2023\/10\/como-fazer-polichinelos-150x100.webp 150w, \/\/almafitness.com.br\/wp-content\/uploads\/2023\/10\/como-fazer-polichinelos-300x200.webp 300w, \/\/almafitness.com.br\/wp-content\/uploads\/2023\/10\/como-fazer-polichinelos-768x512.webp 768w\" sizes=\"(max-width: 945px) 100vw, 945px\" \/>\t\t\t\t\t\t\t\t<\/a>\n\t\t\t\t\t\t\t<\/div>\n\t\t\t\t\t\t\t<div class=\"post-image-mask\">\n\t\t\t\t\t\t\t\t<span><\/span>\n\t\t\t\t\t\t\t<\/div>\n\n\t\t\t\t\t\t\n\t\t\t\t\t<\/figure>\n\t\t\t\t\n\t\t\t\t\t\t\t\t\t\t\t\t<div class=\"post-date wd-post-date wd-style-with-bg\" onclick=\"\">\n\t\t\t\t<span class=\"post-date-day\">\n\t\t\t\t\t20\t\t\t\t<\/span>\n\t\t\t\t<span class=\"post-date-month\">\n\t\t\t\t\tago\t\t\t\t<\/span>\n\t\t\t<\/div>\n\t\t\t\t\t\t\n\t\t\t<\/header><!-- .entry-header -->\n\n\t\t<div class=\"article-body-container\">\n\t\t\t\n\t\t\t\t\n\t\t\t\t\t\t\t\t\t<h3 class=\"wd-entities-title title post-title\">\n\t\t\t\t\t\t<a href=\"https:\/\/almafitness.com.br\/como-fazer-polichinelos\/\" rel=\"bookmark\">Aprenda como fazer polichinelos: exerc\u00edcio eficiente para o corpo todo<\/a>\n\t\t\t\t\t<\/h3>\n\t\t\t\t\n\t\t\t\t\t\t\t\n\t\t\t\t\t\t\t\n\t\t\t\t                    <div class=\"entry-content wd-entry-content\">\n\t\t\t\t\t\t<p>Saiba como fazer polichinelos de maneira eficiente e divertida com essas dicas incr\u00edveis!<\/p>\n\n\t\t\t\t\t\t\t\t\t\t\t<\/div><!-- .entry-content -->\n\t\t\t\t\n\t\t\t\t\t\t\t\t\t\t\t\t\t\t<p class=\"read-more-section\">\n\t\t\t\t\t\t<a class=\"btn-read-more more-link\" href=\"https:\/\/almafitness.com.br\/como-fazer-polichinelos\/\">Continue lendo<\/a>\t\t\t\t\t<\/p>\n\t\t\t\t\t\t\t\t\t\t\t\n\t\t\t\n\t\t\t\t\t<\/div>\n\t<\/div>\n<\/article><!-- #post -->\n\n\n\t\t\t\t\t\t\t\t\t\t\t\n<article id=\"post-38543\" class=\"blog-design-masonry blog-post-loop blog-style-bg wd-add-shadow  col-lg-4 col-md-4 col-sm-6 col-12 post-38543 post type-post status-publish format-standard has-post-thumbnail hentry category-dieta\">\n\t<div class=\"article-inner\">\n\t\t\t\t\t<header class=\"entry-header\">\n\t\t\t\t\t\t\t\t\t\n\t\t\t\t\t<figure id=\"carousel-565\" class=\"entry-thumbnail\" data-owl-carousel data-hide_pagination_control=\"yes\" data-desktop=\"1\" data-tablet=\"1\" data-tablet_landscape=\"1\" data-mobile=\"1\">\n\t\t\t\t\t\t\n\t\t\t\t\t\t\t<div class=\"post-img-wrapp\">\n\t\t\t\t\t\t\t\t<a href=\"https:\/\/almafitness.com.br\/comprar-marmitas\/\">\n\t\t\t\t\t\t\t\t\t<img width=\"945\" height=\"630\" src=\"https:\/\/almafitness.com.br\/wp-content\/uploads\/2023\/10\/comprar-marmitas.webp\" class=\"attachment-large size-large\" alt=\"comprar marmitas\" decoding=\"async\" srcset=\"\/\/almafitness.com.br\/wp-content\/uploads\/2023\/10\/comprar-marmitas.webp 945w, \/\/almafitness.com.br\/wp-content\/uploads\/2023\/10\/comprar-marmitas-150x100.webp 150w, \/\/almafitness.com.br\/wp-content\/uploads\/2023\/10\/comprar-marmitas-300x200.webp 300w, \/\/almafitness.com.br\/wp-content\/uploads\/2023\/10\/comprar-marmitas-768x512.webp 768w\" sizes=\"(max-width: 945px) 100vw, 945px\" \/>\t\t\t\t\t\t\t\t<\/a>\n\t\t\t\t\t\t\t<\/div>\n\t\t\t\t\t\t\t<div class=\"post-image-mask\">\n\t\t\t\t\t\t\t\t<span><\/span>\n\t\t\t\t\t\t\t<\/div>\n\n\t\t\t\t\t\t\n\t\t\t\t\t<\/figure>\n\t\t\t\t\n\t\t\t\t\t\t\t\t\t\t\t\t<div class=\"post-date wd-post-date wd-style-with-bg\" onclick=\"\">\n\t\t\t\t<span class=\"post-date-day\">\n\t\t\t\t\t19\t\t\t\t<\/span>\n\t\t\t\t<span class=\"post-date-month\">\n\t\t\t\t\tago\t\t\t\t<\/span>\n\t\t\t<\/div>\n\t\t\t\t\t\t\n\t\t\t<\/header><!-- .entry-header -->\n\n\t\t<div class=\"article-body-container\">\n\t\t\t\n\t\t\t\t\n\t\t\t\t\t\t\t\t\t<h3 class=\"wd-entities-title title post-title\">\n\t\t\t\t\t\t<a href=\"https:\/\/almafitness.com.br\/comprar-marmitas\/\" rel=\"bookmark\">Comprar Marmitas: A op\u00e7\u00e3o pr\u00e1tica e econ\u00f4mica<\/a>\n\t\t\t\t\t<\/h3>\n\t\t\t\t\n\t\t\t\t\t\t\t\n\t\t\t\t\t\t\t\n\t\t\t\t                    <div class=\"entry-content wd-entry-content\">\n\t\t\t\t\t\t<p>Deliciosas refei\u00e7\u00f5es caseiras prontas para serem compradas e saboreadas em qualquer lugar. Pe\u00e7a j\u00e1!<\/p>\n\n\t\t\t\t\t\t\t\t\t\t\t<\/div><!-- .entry-content -->\n\t\t\t\t\n\t\t\t\t\t\t\t\t\t\t\t\t\t\t<p class=\"read-more-section\">\n\t\t\t\t\t\t<a class=\"btn-read-more more-link\" href=\"https:\/\/almafitness.com.br\/comprar-marmitas\/\">Continue lendo<\/a>\t\t\t\t\t<\/p>\n\t\t\t\t\t\t\t\t\t\t\t\n\t\t\t\n\t\t\t\t\t<\/div>\n\t<\/div>\n<\/article><!-- #post -->\n\n\n\t\t\t\t\t\n\t\t\t\t\t","status":"have-posts","nextPage":"https:\/\/almafitness.com.br\/blog\/page\/4\/?woo_ajax=1","currentPage":"https:\/\/almafitness.com.br\/blog\/page\/3"}