
			
				
				
					
				

			
		{"items":"\n\t\t\t\t\t\t\t\t\t\t\t\n<article id=\"post-40808\" class=\"blog-design-masonry blog-post-loop blog-style-bg wd-add-shadow  col-lg-4 col-md-4 col-sm-6 col-12 post-40808 post type-post status-publish format-standard has-post-thumbnail hentry\">\n\t<div class=\"article-inner\">\n\t\t\t\t\t<header class=\"entry-header\">\n\t\t\t\t\t\t\t\t\t\n\t\t\t\t\t<figure id=\"carousel-523\" class=\"entry-thumbnail\" data-owl-carousel data-hide_pagination_control=\"yes\" data-desktop=\"1\" data-tablet=\"1\" data-tablet_landscape=\"1\" data-mobile=\"1\">\n\t\t\t\t\t\t\n\t\t\t\t\t\t\t<div class=\"post-img-wrapp\">\n\t\t\t\t\t\t\t\t<a href=\"https:\/\/almafitness.com.br\/5-maneiras-incriveis-de-usar-elasticos-de-resistencia\/\">\n\t\t\t\t\t\t\t\t\t<img width=\"1024\" height=\"538\" src=\"https:\/\/almafitness.com.br\/wp-content\/uploads\/2025\/01\/5-maneiras-incriveis-de-usar-elasticos-de-resistencia-1024x538.jpg\" class=\"attachment-large size-large\" alt=\"5 Maneiras Incr\u00edveis de Usar El\u00e1sticos de Resist\u00eancia\" decoding=\"async\" srcset=\"\/\/almafitness.com.br\/wp-content\/uploads\/2025\/01\/5-maneiras-incriveis-de-usar-elasticos-de-resistencia-1024x538.jpg 1024w, \/\/almafitness.com.br\/wp-content\/uploads\/2025\/01\/5-maneiras-incriveis-de-usar-elasticos-de-resistencia-150x79.jpg 150w, \/\/almafitness.com.br\/wp-content\/uploads\/2025\/01\/5-maneiras-incriveis-de-usar-elasticos-de-resistencia-300x158.jpg 300w, \/\/almafitness.com.br\/wp-content\/uploads\/2025\/01\/5-maneiras-incriveis-de-usar-elasticos-de-resistencia-768x403.jpg 768w, \/\/almafitness.com.br\/wp-content\/uploads\/2025\/01\/5-maneiras-incriveis-de-usar-elasticos-de-resistencia.jpg 1200w\" sizes=\"(max-width: 1024px) 100vw, 1024px\" \/>\t\t\t\t\t\t\t\t<\/a>\n\t\t\t\t\t\t\t<\/div>\n\t\t\t\t\t\t\t<div class=\"post-image-mask\">\n\t\t\t\t\t\t\t\t<span><\/span>\n\t\t\t\t\t\t\t<\/div>\n\n\t\t\t\t\t\t\n\t\t\t\t\t<\/figure>\n\t\t\t\t\n\t\t\t\t\t\t\t\t\t\t\t\t<div class=\"post-date wd-post-date wd-style-with-bg\" onclick=\"\">\n\t\t\t\t<span class=\"post-date-day\">\n\t\t\t\t\t21\t\t\t\t<\/span>\n\t\t\t\t<span class=\"post-date-month\">\n\t\t\t\t\tjan\t\t\t\t<\/span>\n\t\t\t<\/div>\n\t\t\t\t\t\t\n\t\t\t<\/header><!-- .entry-header -->\n\n\t\t<div class=\"article-body-container\">\n\t\t\t\n\t\t\t\t\n\t\t\t\t\t\t\t\t\t<h3 class=\"wd-entities-title title post-title\">\n\t\t\t\t\t\t<a href=\"https:\/\/almafitness.com.br\/5-maneiras-incriveis-de-usar-elasticos-de-resistencia\/\" rel=\"bookmark\">5 Maneiras Incr\u00edveis de Usar El\u00e1sticos de Resist\u00eancia<\/a>\n\t\t\t\t\t<\/h3>\n\t\t\t\t\n\t\t\t\t\t\t\t\n\t\t\t\t\t\t\t\n\t\t\t\t                    <div class=\"entry-content wd-entry-content\">\n\t\t\t\t\t\t<p>Descubra como os el\u00e1sticos de resist\u00eancia podem transformar seu treino em casa!<\/p>\n\n\t\t\t\t\t\t\t\t\t\t\t<\/div><!-- .entry-content -->\n\t\t\t\t\n\t\t\t\t\t\t\t\t\t\t\t\t\t\t<p class=\"read-more-section\">\n\t\t\t\t\t\t<a class=\"btn-read-more more-link\" href=\"https:\/\/almafitness.com.br\/5-maneiras-incriveis-de-usar-elasticos-de-resistencia\/\">Continue lendo<\/a>\t\t\t\t\t<\/p>\n\t\t\t\t\t\t\t\t\t\t\t\n\t\t\t\n\t\t\t\t\t<\/div>\n\t<\/div>\n<\/article><!-- #post -->\n\n\n\t\t\t\t\t\t\t\t\t\t\t\n<article id=\"post-40786\" class=\"blog-design-masonry blog-post-loop blog-style-bg wd-add-shadow  col-lg-4 col-md-4 col-sm-6 col-12 first  post-40786 post type-post status-publish format-standard has-post-thumbnail hentry category-corrida-e-caminhada\">\n\t<div class=\"article-inner\">\n\t\t\t\t\t<header class=\"entry-header\">\n\t\t\t\t\t\t\t\t\t\n\t\t\t\t\t<figure id=\"carousel-816\" class=\"entry-thumbnail\" data-owl-carousel data-hide_pagination_control=\"yes\" data-desktop=\"1\" data-tablet=\"1\" data-tablet_landscape=\"1\" data-mobile=\"1\">\n\t\t\t\t\t\t\n\t\t\t\t\t\t\t<div class=\"post-img-wrapp\">\n\t\t\t\t\t\t\t\t<a href=\"https:\/\/almafitness.com.br\/5-dicas-para-comecar-na-dieta-low-carb-hoje-mesmo\/\">\n\t\t\t\t\t\t\t\t\t<img width=\"1024\" height=\"538\" src=\"https:\/\/almafitness.com.br\/wp-content\/uploads\/2025\/01\/5-dicas-para-comecar-na-dieta-low-carb-hoje-mesmo-1024x538.jpg\" class=\"attachment-large size-large\" alt=\"5 Dicas Para Come\u00e7ar na Dieta Low Carb Hoje Mesmo\" decoding=\"async\" srcset=\"\/\/almafitness.com.br\/wp-content\/uploads\/2025\/01\/5-dicas-para-comecar-na-dieta-low-carb-hoje-mesmo-1024x538.jpg 1024w, \/\/almafitness.com.br\/wp-content\/uploads\/2025\/01\/5-dicas-para-comecar-na-dieta-low-carb-hoje-mesmo-150x79.jpg 150w, \/\/almafitness.com.br\/wp-content\/uploads\/2025\/01\/5-dicas-para-comecar-na-dieta-low-carb-hoje-mesmo-300x158.jpg 300w, \/\/almafitness.com.br\/wp-content\/uploads\/2025\/01\/5-dicas-para-comecar-na-dieta-low-carb-hoje-mesmo-768x403.jpg 768w, \/\/almafitness.com.br\/wp-content\/uploads\/2025\/01\/5-dicas-para-comecar-na-dieta-low-carb-hoje-mesmo.jpg 1200w\" sizes=\"(max-width: 1024px) 100vw, 1024px\" \/>\t\t\t\t\t\t\t\t<\/a>\n\t\t\t\t\t\t\t<\/div>\n\t\t\t\t\t\t\t<div class=\"post-image-mask\">\n\t\t\t\t\t\t\t\t<span><\/span>\n\t\t\t\t\t\t\t<\/div>\n\n\t\t\t\t\t\t\n\t\t\t\t\t<\/figure>\n\t\t\t\t\n\t\t\t\t\t\t\t\t\t\t\t\t<div class=\"post-date wd-post-date wd-style-with-bg\" onclick=\"\">\n\t\t\t\t<span class=\"post-date-day\">\n\t\t\t\t\t21\t\t\t\t<\/span>\n\t\t\t\t<span class=\"post-date-month\">\n\t\t\t\t\tjan\t\t\t\t<\/span>\n\t\t\t<\/div>\n\t\t\t\t\t\t\n\t\t\t<\/header><!-- .entry-header -->\n\n\t\t<div class=\"article-body-container\">\n\t\t\t\n\t\t\t\t\n\t\t\t\t\t\t\t\t\t<h3 class=\"wd-entities-title title post-title\">\n\t\t\t\t\t\t<a href=\"https:\/\/almafitness.com.br\/5-dicas-para-comecar-na-dieta-low-carb-hoje-mesmo\/\" rel=\"bookmark\">5 Dicas Para Come\u00e7ar na Dieta Low Carb Hoje Mesmo<\/a>\n\t\t\t\t\t<\/h3>\n\t\t\t\t\n\t\t\t\t\t\t\t\n\t\t\t\t\t\t\t\n\t\t\t\t                    <div class=\"entry-content wd-entry-content\">\n\t\t\t\t\t\t<p>Descubra como come\u00e7ar a dieta low carb com essas 5 dicas pr\u00e1ticas.<\/p>\n\n\t\t\t\t\t\t\t\t\t\t\t<\/div><!-- .entry-content -->\n\t\t\t\t\n\t\t\t\t\t\t\t\t\t\t\t\t\t\t<p class=\"read-more-section\">\n\t\t\t\t\t\t<a class=\"btn-read-more more-link\" href=\"https:\/\/almafitness.com.br\/5-dicas-para-comecar-na-dieta-low-carb-hoje-mesmo\/\">Continue lendo<\/a>\t\t\t\t\t<\/p>\n\t\t\t\t\t\t\t\t\t\t\t\n\t\t\t\n\t\t\t\t\t<\/div>\n\t<\/div>\n<\/article><!-- #post -->\n\n\n\t\t\t\t\t\t\t\t\t\t\t\n<article id=\"post-40770\" class=\"blog-design-masonry blog-post-loop blog-style-bg wd-add-shadow  col-lg-4 col-md-4 col-sm-6 col-12 post-40770 post type-post status-publish format-standard has-post-thumbnail hentry category-saude-e-beleza\">\n\t<div class=\"article-inner\">\n\t\t\t\t\t<header class=\"entry-header\">\n\t\t\t\t\t\t\t\t\t\n\t\t\t\t\t<figure id=\"carousel-188\" class=\"entry-thumbnail\" data-owl-carousel data-hide_pagination_control=\"yes\" data-desktop=\"1\" data-tablet=\"1\" data-tablet_landscape=\"1\" data-mobile=\"1\">\n\t\t\t\t\t\t\n\t\t\t\t\t\t\t<div class=\"post-img-wrapp\">\n\t\t\t\t\t\t\t\t<a href=\"https:\/\/almafitness.com.br\/10-dicas-imperdiveis-para-iniciantes-em-qualquer-area\/\">\n\t\t\t\t\t\t\t\t\t<img width=\"1024\" height=\"538\" src=\"https:\/\/almafitness.com.br\/wp-content\/uploads\/2025\/01\/10-dicas-imperdiveis-para-iniciantes-em-qualquer-area-1024x538.jpg\" class=\"attachment-large size-large\" alt=\"10 Dicas Imperd\u00edveis para Iniciantes em Qualquer \u00c1rea\" decoding=\"async\" srcset=\"\/\/almafitness.com.br\/wp-content\/uploads\/2025\/01\/10-dicas-imperdiveis-para-iniciantes-em-qualquer-area-1024x538.jpg 1024w, \/\/almafitness.com.br\/wp-content\/uploads\/2025\/01\/10-dicas-imperdiveis-para-iniciantes-em-qualquer-area-150x79.jpg 150w, \/\/almafitness.com.br\/wp-content\/uploads\/2025\/01\/10-dicas-imperdiveis-para-iniciantes-em-qualquer-area-300x158.jpg 300w, \/\/almafitness.com.br\/wp-content\/uploads\/2025\/01\/10-dicas-imperdiveis-para-iniciantes-em-qualquer-area-768x403.jpg 768w, \/\/almafitness.com.br\/wp-content\/uploads\/2025\/01\/10-dicas-imperdiveis-para-iniciantes-em-qualquer-area.jpg 1200w\" sizes=\"(max-width: 1024px) 100vw, 1024px\" \/>\t\t\t\t\t\t\t\t<\/a>\n\t\t\t\t\t\t\t<\/div>\n\t\t\t\t\t\t\t<div class=\"post-image-mask\">\n\t\t\t\t\t\t\t\t<span><\/span>\n\t\t\t\t\t\t\t<\/div>\n\n\t\t\t\t\t\t\n\t\t\t\t\t<\/figure>\n\t\t\t\t\n\t\t\t\t\t\t\t\t\t\t\t\t<div class=\"post-date wd-post-date wd-style-with-bg\" onclick=\"\">\n\t\t\t\t<span class=\"post-date-day\">\n\t\t\t\t\t20\t\t\t\t<\/span>\n\t\t\t\t<span class=\"post-date-month\">\n\t\t\t\t\tjan\t\t\t\t<\/span>\n\t\t\t<\/div>\n\t\t\t\t\t\t\n\t\t\t<\/header><!-- .entry-header -->\n\n\t\t<div class=\"article-body-container\">\n\t\t\t\n\t\t\t\t\n\t\t\t\t\t\t\t\t\t<h3 class=\"wd-entities-title title post-title\">\n\t\t\t\t\t\t<a href=\"https:\/\/almafitness.com.br\/10-dicas-imperdiveis-para-iniciantes-em-qualquer-area\/\" rel=\"bookmark\">10 Dicas Imperd\u00edveis para Iniciantes em Qualquer \u00c1rea<\/a>\n\t\t\t\t\t<\/h3>\n\t\t\t\t\n\t\t\t\t\t\t\t\n\t\t\t\t\t\t\t\n\t\t\t\t                    <div class=\"entry-content wd-entry-content\">\n\t\t\t\t\t\t<p>Descubra as principais dicas para iniciantes que v\u00e3o acelerar seu aprendizado e sucesso!<\/p>\n\n\t\t\t\t\t\t\t\t\t\t\t<\/div><!-- .entry-content -->\n\t\t\t\t\n\t\t\t\t\t\t\t\t\t\t\t\t\t\t<p class=\"read-more-section\">\n\t\t\t\t\t\t<a class=\"btn-read-more more-link\" href=\"https:\/\/almafitness.com.br\/10-dicas-imperdiveis-para-iniciantes-em-qualquer-area\/\">Continue lendo<\/a>\t\t\t\t\t<\/p>\n\t\t\t\t\t\t\t\t\t\t\t\n\t\t\t\n\t\t\t\t\t<\/div>\n\t<\/div>\n<\/article><!-- #post -->\n\n\n\t\t\t\t\t\t\t\t\t\t\t\n<article id=\"post-40754\" class=\"blog-design-masonry blog-post-loop blog-style-bg wd-add-shadow  col-lg-4 col-md-4 col-sm-6 col-12 last  post-40754 post type-post status-publish format-standard has-post-thumbnail hentry\">\n\t<div class=\"article-inner\">\n\t\t\t\t\t<header class=\"entry-header\">\n\t\t\t\t\t\t\t\t\t\n\t\t\t\t\t<figure id=\"carousel-216\" class=\"entry-thumbnail\" data-owl-carousel data-hide_pagination_control=\"yes\" data-desktop=\"1\" data-tablet=\"1\" data-tablet_landscape=\"1\" data-mobile=\"1\">\n\t\t\t\t\t\t\n\t\t\t\t\t\t\t<div class=\"post-img-wrapp\">\n\t\t\t\t\t\t\t\t<a href=\"https:\/\/almafitness.com.br\/5-dicas-de-custo-beneficio-para-sua-rotina-fitness\/\">\n\t\t\t\t\t\t\t\t\t<img width=\"1024\" height=\"538\" src=\"https:\/\/almafitness.com.br\/wp-content\/uploads\/2025\/01\/5-dicas-de-custo-beneficio-para-sua-rotina-fitness-1024x538.jpg\" class=\"attachment-large size-large\" alt=\"5 Dicas de Custo-Benef\u00edcio para sua Rotina Fitness\" decoding=\"async\" srcset=\"\/\/almafitness.com.br\/wp-content\/uploads\/2025\/01\/5-dicas-de-custo-beneficio-para-sua-rotina-fitness-1024x538.jpg 1024w, \/\/almafitness.com.br\/wp-content\/uploads\/2025\/01\/5-dicas-de-custo-beneficio-para-sua-rotina-fitness-150x79.jpg 150w, \/\/almafitness.com.br\/wp-content\/uploads\/2025\/01\/5-dicas-de-custo-beneficio-para-sua-rotina-fitness-300x158.jpg 300w, \/\/almafitness.com.br\/wp-content\/uploads\/2025\/01\/5-dicas-de-custo-beneficio-para-sua-rotina-fitness-768x403.jpg 768w, \/\/almafitness.com.br\/wp-content\/uploads\/2025\/01\/5-dicas-de-custo-beneficio-para-sua-rotina-fitness.jpg 1200w\" sizes=\"(max-width: 1024px) 100vw, 1024px\" \/>\t\t\t\t\t\t\t\t<\/a>\n\t\t\t\t\t\t\t<\/div>\n\t\t\t\t\t\t\t<div class=\"post-image-mask\">\n\t\t\t\t\t\t\t\t<span><\/span>\n\t\t\t\t\t\t\t<\/div>\n\n\t\t\t\t\t\t\n\t\t\t\t\t<\/figure>\n\t\t\t\t\n\t\t\t\t\t\t\t\t\t\t\t\t<div class=\"post-date wd-post-date wd-style-with-bg\" onclick=\"\">\n\t\t\t\t<span class=\"post-date-day\">\n\t\t\t\t\t20\t\t\t\t<\/span>\n\t\t\t\t<span class=\"post-date-month\">\n\t\t\t\t\tjan\t\t\t\t<\/span>\n\t\t\t<\/div>\n\t\t\t\t\t\t\n\t\t\t<\/header><!-- .entry-header -->\n\n\t\t<div class=\"article-body-container\">\n\t\t\t\n\t\t\t\t\n\t\t\t\t\t\t\t\t\t<h3 class=\"wd-entities-title title post-title\">\n\t\t\t\t\t\t<a href=\"https:\/\/almafitness.com.br\/5-dicas-de-custo-beneficio-para-sua-rotina-fitness\/\" rel=\"bookmark\">5 Dicas de Custo-Benef\u00edcio para sua Rotina Fitness<\/a>\n\t\t\t\t\t<\/h3>\n\t\t\t\t\n\t\t\t\t\t\t\t\n\t\t\t\t\t\t\t\n\t\t\t\t                    <div class=\"entry-content wd-entry-content\">\n\t\t\t\t\t\t<p>Descubra como maximizar seu custo-benef\u00edcio fitness com dicas pr\u00e1ticas e eficientes.<\/p>\n\n\t\t\t\t\t\t\t\t\t\t\t<\/div><!-- .entry-content -->\n\t\t\t\t\n\t\t\t\t\t\t\t\t\t\t\t\t\t\t<p class=\"read-more-section\">\n\t\t\t\t\t\t<a class=\"btn-read-more more-link\" href=\"https:\/\/almafitness.com.br\/5-dicas-de-custo-beneficio-para-sua-rotina-fitness\/\">Continue lendo<\/a>\t\t\t\t\t<\/p>\n\t\t\t\t\t\t\t\t\t\t\t\n\t\t\t\n\t\t\t\t\t<\/div>\n\t<\/div>\n<\/article><!-- #post -->\n\n\n\t\t\t\t\t\t\t\t\t\t\t\n<article id=\"post-40738\" class=\"blog-design-masonry blog-post-loop blog-style-bg wd-add-shadow  col-lg-4 col-md-4 col-sm-6 col-12 first  post-40738 post type-post status-publish format-standard has-post-thumbnail hentry\">\n\t<div class=\"article-inner\">\n\t\t\t\t\t<header class=\"entry-header\">\n\t\t\t\t\t\t\t\t\t\n\t\t\t\t\t<figure id=\"carousel-786\" class=\"entry-thumbnail\" data-owl-carousel data-hide_pagination_control=\"yes\" data-desktop=\"1\" data-tablet=\"1\" data-tablet_landscape=\"1\" data-mobile=\"1\">\n\t\t\t\t\t\t\n\t\t\t\t\t\t\t<div class=\"post-img-wrapp\">\n\t\t\t\t\t\t\t\t<a href=\"https:\/\/almafitness.com.br\/5-dicas-infaliveis-para-comecar-a-treinar-hoje-mesmo\/\">\n\t\t\t\t\t\t\t\t\t<img width=\"1024\" height=\"538\" src=\"https:\/\/almafitness.com.br\/wp-content\/uploads\/2025\/01\/5-dicas-infaliveis-para-comecar-a-treinar-hoje-mesmo-1024x538.jpg\" class=\"attachment-large size-large\" alt=\"5 Dicas Infal\u00edveis para Come\u00e7ar a Treinar Hoje Mesmo\" decoding=\"async\" srcset=\"\/\/almafitness.com.br\/wp-content\/uploads\/2025\/01\/5-dicas-infaliveis-para-comecar-a-treinar-hoje-mesmo-1024x538.jpg 1024w, \/\/almafitness.com.br\/wp-content\/uploads\/2025\/01\/5-dicas-infaliveis-para-comecar-a-treinar-hoje-mesmo-150x79.jpg 150w, \/\/almafitness.com.br\/wp-content\/uploads\/2025\/01\/5-dicas-infaliveis-para-comecar-a-treinar-hoje-mesmo-300x158.jpg 300w, \/\/almafitness.com.br\/wp-content\/uploads\/2025\/01\/5-dicas-infaliveis-para-comecar-a-treinar-hoje-mesmo-768x403.jpg 768w, \/\/almafitness.com.br\/wp-content\/uploads\/2025\/01\/5-dicas-infaliveis-para-comecar-a-treinar-hoje-mesmo.jpg 1200w\" sizes=\"(max-width: 1024px) 100vw, 1024px\" \/>\t\t\t\t\t\t\t\t<\/a>\n\t\t\t\t\t\t\t<\/div>\n\t\t\t\t\t\t\t<div class=\"post-image-mask\">\n\t\t\t\t\t\t\t\t<span><\/span>\n\t\t\t\t\t\t\t<\/div>\n\n\t\t\t\t\t\t\n\t\t\t\t\t<\/figure>\n\t\t\t\t\n\t\t\t\t\t\t\t\t\t\t\t\t<div class=\"post-date wd-post-date wd-style-with-bg\" onclick=\"\">\n\t\t\t\t<span class=\"post-date-day\">\n\t\t\t\t\t20\t\t\t\t<\/span>\n\t\t\t\t<span class=\"post-date-month\">\n\t\t\t\t\tjan\t\t\t\t<\/span>\n\t\t\t<\/div>\n\t\t\t\t\t\t\n\t\t\t<\/header><!-- .entry-header -->\n\n\t\t<div class=\"article-body-container\">\n\t\t\t\n\t\t\t\t\n\t\t\t\t\t\t\t\t\t<h3 class=\"wd-entities-title title post-title\">\n\t\t\t\t\t\t<a href=\"https:\/\/almafitness.com.br\/5-dicas-infaliveis-para-comecar-a-treinar-hoje-mesmo\/\" rel=\"bookmark\">5 Dicas Infal\u00edveis para Come\u00e7ar a Treinar Hoje Mesmo<\/a>\n\t\t\t\t\t<\/h3>\n\t\t\t\t\n\t\t\t\t\t\t\t\n\t\t\t\t\t\t\t\n\t\t\t\t                    <div class=\"entry-content wd-entry-content\">\n\t\t\t\t\t\t<p>Comece a treinar com nossas 5 dicas infal\u00edveis para alcan\u00e7ar resultados rapidamente.<\/p>\n\n\t\t\t\t\t\t\t\t\t\t\t<\/div><!-- .entry-content -->\n\t\t\t\t\n\t\t\t\t\t\t\t\t\t\t\t\t\t\t<p class=\"read-more-section\">\n\t\t\t\t\t\t<a class=\"btn-read-more more-link\" href=\"https:\/\/almafitness.com.br\/5-dicas-infaliveis-para-comecar-a-treinar-hoje-mesmo\/\">Continue lendo<\/a>\t\t\t\t\t<\/p>\n\t\t\t\t\t\t\t\t\t\t\t\n\t\t\t\n\t\t\t\t\t<\/div>\n\t<\/div>\n<\/article><!-- #post -->\n\n\n\t\t\t\t\t\t\t\t\t\t\t\n<article id=\"post-40722\" class=\"blog-design-masonry blog-post-loop blog-style-bg wd-add-shadow  col-lg-4 col-md-4 col-sm-6 col-12 post-40722 post type-post status-publish format-standard has-post-thumbnail hentry\">\n\t<div class=\"article-inner\">\n\t\t\t\t\t<header class=\"entry-header\">\n\t\t\t\t\t\t\t\t\t\n\t\t\t\t\t<figure id=\"carousel-716\" class=\"entry-thumbnail\" data-owl-carousel data-hide_pagination_control=\"yes\" data-desktop=\"1\" data-tablet=\"1\" data-tablet_landscape=\"1\" data-mobile=\"1\">\n\t\t\t\t\t\t\n\t\t\t\t\t\t\t<div class=\"post-img-wrapp\">\n\t\t\t\t\t\t\t\t<a href=\"https:\/\/almafitness.com.br\/5-dicas-de-cardio-para-iniciantes-que-transformam-resultados\/\">\n\t\t\t\t\t\t\t\t\t<img width=\"1024\" height=\"538\" src=\"https:\/\/almafitness.com.br\/wp-content\/uploads\/2025\/01\/5-dicas-de-cardio-para-iniciantes-que-transformam-resultados-1024x538.jpg\" class=\"attachment-large size-large\" alt=\"5 Dicas de Cardio Para Iniciantes que Transformam Resultados\" decoding=\"async\" srcset=\"\/\/almafitness.com.br\/wp-content\/uploads\/2025\/01\/5-dicas-de-cardio-para-iniciantes-que-transformam-resultados-1024x538.jpg 1024w, \/\/almafitness.com.br\/wp-content\/uploads\/2025\/01\/5-dicas-de-cardio-para-iniciantes-que-transformam-resultados-150x79.jpg 150w, \/\/almafitness.com.br\/wp-content\/uploads\/2025\/01\/5-dicas-de-cardio-para-iniciantes-que-transformam-resultados-300x158.jpg 300w, \/\/almafitness.com.br\/wp-content\/uploads\/2025\/01\/5-dicas-de-cardio-para-iniciantes-que-transformam-resultados-768x403.jpg 768w, \/\/almafitness.com.br\/wp-content\/uploads\/2025\/01\/5-dicas-de-cardio-para-iniciantes-que-transformam-resultados.jpg 1200w\" sizes=\"(max-width: 1024px) 100vw, 1024px\" \/>\t\t\t\t\t\t\t\t<\/a>\n\t\t\t\t\t\t\t<\/div>\n\t\t\t\t\t\t\t<div class=\"post-image-mask\">\n\t\t\t\t\t\t\t\t<span><\/span>\n\t\t\t\t\t\t\t<\/div>\n\n\t\t\t\t\t\t\n\t\t\t\t\t<\/figure>\n\t\t\t\t\n\t\t\t\t\t\t\t\t\t\t\t\t<div class=\"post-date wd-post-date wd-style-with-bg\" onclick=\"\">\n\t\t\t\t<span class=\"post-date-day\">\n\t\t\t\t\t19\t\t\t\t<\/span>\n\t\t\t\t<span class=\"post-date-month\">\n\t\t\t\t\tjan\t\t\t\t<\/span>\n\t\t\t<\/div>\n\t\t\t\t\t\t\n\t\t\t<\/header><!-- .entry-header -->\n\n\t\t<div class=\"article-body-container\">\n\t\t\t\n\t\t\t\t\n\t\t\t\t\t\t\t\t\t<h3 class=\"wd-entities-title title post-title\">\n\t\t\t\t\t\t<a href=\"https:\/\/almafitness.com.br\/5-dicas-de-cardio-para-iniciantes-que-transformam-resultados\/\" rel=\"bookmark\">5 Dicas de Cardio Para Iniciantes que Transformam Resultados<\/a>\n\t\t\t\t\t<\/h3>\n\t\t\t\t\n\t\t\t\t\t\t\t\n\t\t\t\t\t\t\t\n\t\t\t\t                    <div class=\"entry-content wd-entry-content\">\n\t\t\t\t\t\t<p>Descubra as melhores dicas de cardio para iniciantes e como alcan\u00e7ar resultados incr\u00edveis de forma simples.<\/p>\n\n\t\t\t\t\t\t\t\t\t\t\t<\/div><!-- .entry-content -->\n\t\t\t\t\n\t\t\t\t\t\t\t\t\t\t\t\t\t\t<p class=\"read-more-section\">\n\t\t\t\t\t\t<a class=\"btn-read-more more-link\" href=\"https:\/\/almafitness.com.br\/5-dicas-de-cardio-para-iniciantes-que-transformam-resultados\/\">Continue lendo<\/a>\t\t\t\t\t<\/p>\n\t\t\t\t\t\t\t\t\t\t\t\n\t\t\t\n\t\t\t\t\t<\/div>\n\t<\/div>\n<\/article><!-- #post -->\n\n\n\t\t\t\t\t\t\t\t\t\t\t\n<article id=\"post-40707\" class=\"blog-design-masonry blog-post-loop blog-style-bg wd-add-shadow  col-lg-4 col-md-4 col-sm-6 col-12 last  post-40707 post type-post status-publish format-standard has-post-thumbnail hentry category-corrida-e-caminhada\">\n\t<div class=\"article-inner\">\n\t\t\t\t\t<header class=\"entry-header\">\n\t\t\t\t\t\t\t\t\t\n\t\t\t\t\t<figure id=\"carousel-364\" class=\"entry-thumbnail\" data-owl-carousel data-hide_pagination_control=\"yes\" data-desktop=\"1\" data-tablet=\"1\" data-tablet_landscape=\"1\" data-mobile=\"1\">\n\t\t\t\t\t\t\n\t\t\t\t\t\t\t<div class=\"post-img-wrapp\">\n\t\t\t\t\t\t\t\t<a href=\"https:\/\/almafitness.com.br\/5-passos-faceis-para-o-calculo-de-macros-na-dieta\/\">\n\t\t\t\t\t\t\t\t\t<img width=\"1024\" height=\"538\" src=\"https:\/\/almafitness.com.br\/wp-content\/uploads\/2025\/01\/5-passos-faceis-para-o-calculo-de-macros-na-dieta-1024x538.jpg\" class=\"attachment-large size-large\" alt=\"5 Passos F\u00e1ceis para o C\u00e1lculo de Macros na Dieta\" decoding=\"async\" srcset=\"\/\/almafitness.com.br\/wp-content\/uploads\/2025\/01\/5-passos-faceis-para-o-calculo-de-macros-na-dieta-1024x538.jpg 1024w, \/\/almafitness.com.br\/wp-content\/uploads\/2025\/01\/5-passos-faceis-para-o-calculo-de-macros-na-dieta-150x79.jpg 150w, \/\/almafitness.com.br\/wp-content\/uploads\/2025\/01\/5-passos-faceis-para-o-calculo-de-macros-na-dieta-300x158.jpg 300w, \/\/almafitness.com.br\/wp-content\/uploads\/2025\/01\/5-passos-faceis-para-o-calculo-de-macros-na-dieta-768x403.jpg 768w, \/\/almafitness.com.br\/wp-content\/uploads\/2025\/01\/5-passos-faceis-para-o-calculo-de-macros-na-dieta.jpg 1200w\" sizes=\"(max-width: 1024px) 100vw, 1024px\" \/>\t\t\t\t\t\t\t\t<\/a>\n\t\t\t\t\t\t\t<\/div>\n\t\t\t\t\t\t\t<div class=\"post-image-mask\">\n\t\t\t\t\t\t\t\t<span><\/span>\n\t\t\t\t\t\t\t<\/div>\n\n\t\t\t\t\t\t\n\t\t\t\t\t<\/figure>\n\t\t\t\t\n\t\t\t\t\t\t\t\t\t\t\t\t<div class=\"post-date wd-post-date wd-style-with-bg\" onclick=\"\">\n\t\t\t\t<span class=\"post-date-day\">\n\t\t\t\t\t19\t\t\t\t<\/span>\n\t\t\t\t<span class=\"post-date-month\">\n\t\t\t\t\tjan\t\t\t\t<\/span>\n\t\t\t<\/div>\n\t\t\t\t\t\t\n\t\t\t<\/header><!-- .entry-header -->\n\n\t\t<div class=\"article-body-container\">\n\t\t\t\n\t\t\t\t\n\t\t\t\t\t\t\t\t\t<h3 class=\"wd-entities-title title post-title\">\n\t\t\t\t\t\t<a href=\"https:\/\/almafitness.com.br\/5-passos-faceis-para-o-calculo-de-macros-na-dieta\/\" rel=\"bookmark\">5 Passos F\u00e1ceis para o C\u00e1lculo de Macros na Dieta<\/a>\n\t\t\t\t\t<\/h3>\n\t\t\t\t\n\t\t\t\t\t\t\t\n\t\t\t\t\t\t\t\n\t\t\t\t                    <div class=\"entry-content wd-entry-content\">\n\t\t\t\t\t\t<p>Aprenda a calcular suas macros de forma simples e eficaz para otimizar sua dieta.<\/p>\n\n\t\t\t\t\t\t\t\t\t\t\t<\/div><!-- .entry-content -->\n\t\t\t\t\n\t\t\t\t\t\t\t\t\t\t\t\t\t\t<p class=\"read-more-section\">\n\t\t\t\t\t\t<a class=\"btn-read-more more-link\" href=\"https:\/\/almafitness.com.br\/5-passos-faceis-para-o-calculo-de-macros-na-dieta\/\">Continue lendo<\/a>\t\t\t\t\t<\/p>\n\t\t\t\t\t\t\t\t\t\t\t\n\t\t\t\n\t\t\t\t\t<\/div>\n\t<\/div>\n<\/article><!-- #post -->\n\n\n\t\t\t\t\t\t\t\t\t\t\t\n<article id=\"post-40691\" class=\"blog-design-masonry blog-post-loop blog-style-bg wd-add-shadow  col-lg-4 col-md-4 col-sm-6 col-12 first  post-40691 post type-post status-publish format-standard has-post-thumbnail hentry\">\n\t<div class=\"article-inner\">\n\t\t\t\t\t<header class=\"entry-header\">\n\t\t\t\t\t\t\t\t\t\n\t\t\t\t\t<figure id=\"carousel-732\" class=\"entry-thumbnail\" data-owl-carousel data-hide_pagination_control=\"yes\" data-desktop=\"1\" data-tablet=\"1\" data-tablet_landscape=\"1\" data-mobile=\"1\">\n\t\t\t\t\t\t\n\t\t\t\t\t\t\t<div class=\"post-img-wrapp\">\n\t\t\t\t\t\t\t\t<a href=\"https:\/\/almafitness.com.br\/5-beneficios-do-funcional-que-voce-precisa-conhecer\/\">\n\t\t\t\t\t\t\t\t\t<img width=\"1024\" height=\"538\" src=\"https:\/\/almafitness.com.br\/wp-content\/uploads\/2025\/01\/5-beneficios-do-funcional-que-voce-precisa-conhecer-1024x538.jpg\" class=\"attachment-large size-large\" alt=\"5 Benef\u00edcios do Funcional que Voc\u00ea Precisa Conhecer\" decoding=\"async\" srcset=\"\/\/almafitness.com.br\/wp-content\/uploads\/2025\/01\/5-beneficios-do-funcional-que-voce-precisa-conhecer-1024x538.jpg 1024w, \/\/almafitness.com.br\/wp-content\/uploads\/2025\/01\/5-beneficios-do-funcional-que-voce-precisa-conhecer-150x79.jpg 150w, \/\/almafitness.com.br\/wp-content\/uploads\/2025\/01\/5-beneficios-do-funcional-que-voce-precisa-conhecer-300x158.jpg 300w, \/\/almafitness.com.br\/wp-content\/uploads\/2025\/01\/5-beneficios-do-funcional-que-voce-precisa-conhecer-768x403.jpg 768w, \/\/almafitness.com.br\/wp-content\/uploads\/2025\/01\/5-beneficios-do-funcional-que-voce-precisa-conhecer.jpg 1200w\" sizes=\"(max-width: 1024px) 100vw, 1024px\" \/>\t\t\t\t\t\t\t\t<\/a>\n\t\t\t\t\t\t\t<\/div>\n\t\t\t\t\t\t\t<div class=\"post-image-mask\">\n\t\t\t\t\t\t\t\t<span><\/span>\n\t\t\t\t\t\t\t<\/div>\n\n\t\t\t\t\t\t\n\t\t\t\t\t<\/figure>\n\t\t\t\t\n\t\t\t\t\t\t\t\t\t\t\t\t<div class=\"post-date wd-post-date wd-style-with-bg\" onclick=\"\">\n\t\t\t\t<span class=\"post-date-day\">\n\t\t\t\t\t19\t\t\t\t<\/span>\n\t\t\t\t<span class=\"post-date-month\">\n\t\t\t\t\tjan\t\t\t\t<\/span>\n\t\t\t<\/div>\n\t\t\t\t\t\t\n\t\t\t<\/header><!-- .entry-header -->\n\n\t\t<div class=\"article-body-container\">\n\t\t\t\n\t\t\t\t\n\t\t\t\t\t\t\t\t\t<h3 class=\"wd-entities-title title post-title\">\n\t\t\t\t\t\t<a href=\"https:\/\/almafitness.com.br\/5-beneficios-do-funcional-que-voce-precisa-conhecer\/\" rel=\"bookmark\">5 Benef\u00edcios do Funcional que Voc\u00ea Precisa Conhecer<\/a>\n\t\t\t\t\t<\/h3>\n\t\t\t\t\n\t\t\t\t\t\t\t\n\t\t\t\t\t\t\t\n\t\t\t\t                    <div class=\"entry-content wd-entry-content\">\n\t\t\t\t\t\t<p>Descubra os principais benef\u00edcios do funcional para sua sa\u00fade e bem-estar.<\/p>\n\n\t\t\t\t\t\t\t\t\t\t\t<\/div><!-- .entry-content -->\n\t\t\t\t\n\t\t\t\t\t\t\t\t\t\t\t\t\t\t<p class=\"read-more-section\">\n\t\t\t\t\t\t<a class=\"btn-read-more more-link\" href=\"https:\/\/almafitness.com.br\/5-beneficios-do-funcional-que-voce-precisa-conhecer\/\">Continue lendo<\/a>\t\t\t\t\t<\/p>\n\t\t\t\t\t\t\t\t\t\t\t\n\t\t\t\n\t\t\t\t\t<\/div>\n\t<\/div>\n<\/article><!-- #post -->\n\n\n\t\t\t\t\t\t\t\t\t\t\t\n<article id=\"post-40675\" class=\"blog-design-masonry blog-post-loop blog-style-bg wd-add-shadow  col-lg-4 col-md-4 col-sm-6 col-12 post-40675 post type-post status-publish format-standard has-post-thumbnail hentry\">\n\t<div class=\"article-inner\">\n\t\t\t\t\t<header class=\"entry-header\">\n\t\t\t\t\t\t\t\t\t\n\t\t\t\t\t<figure id=\"carousel-267\" class=\"entry-thumbnail\" data-owl-carousel data-hide_pagination_control=\"yes\" data-desktop=\"1\" data-tablet=\"1\" data-tablet_landscape=\"1\" data-mobile=\"1\">\n\t\t\t\t\t\t\n\t\t\t\t\t\t\t<div class=\"post-img-wrapp\">\n\t\t\t\t\t\t\t\t<a href=\"https:\/\/almafitness.com.br\/5-melhores-apps-fitness-para-transformar-seu-treino\/\">\n\t\t\t\t\t\t\t\t\t<img width=\"1024\" height=\"538\" src=\"https:\/\/almafitness.com.br\/wp-content\/uploads\/2025\/01\/5-melhores-apps-fitness-para-transformar-seu-treino-1024x538.jpg\" class=\"attachment-large size-large\" alt=\"5 Melhores Apps Fitness para Transformar Seu Treino\" decoding=\"async\" srcset=\"\/\/almafitness.com.br\/wp-content\/uploads\/2025\/01\/5-melhores-apps-fitness-para-transformar-seu-treino-1024x538.jpg 1024w, \/\/almafitness.com.br\/wp-content\/uploads\/2025\/01\/5-melhores-apps-fitness-para-transformar-seu-treino-150x79.jpg 150w, \/\/almafitness.com.br\/wp-content\/uploads\/2025\/01\/5-melhores-apps-fitness-para-transformar-seu-treino-300x158.jpg 300w, \/\/almafitness.com.br\/wp-content\/uploads\/2025\/01\/5-melhores-apps-fitness-para-transformar-seu-treino-768x403.jpg 768w, \/\/almafitness.com.br\/wp-content\/uploads\/2025\/01\/5-melhores-apps-fitness-para-transformar-seu-treino.jpg 1200w\" sizes=\"(max-width: 1024px) 100vw, 1024px\" \/>\t\t\t\t\t\t\t\t<\/a>\n\t\t\t\t\t\t\t<\/div>\n\t\t\t\t\t\t\t<div class=\"post-image-mask\">\n\t\t\t\t\t\t\t\t<span><\/span>\n\t\t\t\t\t\t\t<\/div>\n\n\t\t\t\t\t\t\n\t\t\t\t\t<\/figure>\n\t\t\t\t\n\t\t\t\t\t\t\t\t\t\t\t\t<div class=\"post-date wd-post-date wd-style-with-bg\" onclick=\"\">\n\t\t\t\t<span class=\"post-date-day\">\n\t\t\t\t\t18\t\t\t\t<\/span>\n\t\t\t\t<span class=\"post-date-month\">\n\t\t\t\t\tjan\t\t\t\t<\/span>\n\t\t\t<\/div>\n\t\t\t\t\t\t\n\t\t\t<\/header><!-- .entry-header -->\n\n\t\t<div class=\"article-body-container\">\n\t\t\t\n\t\t\t\t\n\t\t\t\t\t\t\t\t\t<h3 class=\"wd-entities-title title post-title\">\n\t\t\t\t\t\t<a href=\"https:\/\/almafitness.com.br\/5-melhores-apps-fitness-para-transformar-seu-treino\/\" rel=\"bookmark\">5 Melhores Apps Fitness para Transformar Seu Treino<\/a>\n\t\t\t\t\t<\/h3>\n\t\t\t\t\n\t\t\t\t\t\t\t\n\t\t\t\t\t\t\t\n\t\t\t\t                    <div class=\"entry-content wd-entry-content\">\n\t\t\t\t\t\t<p>Descubra os melhores apps fitness que v\u00e3o revolucionar seu treino e melhorar sua sa\u00fade.<\/p>\n\n\t\t\t\t\t\t\t\t\t\t\t<\/div><!-- .entry-content -->\n\t\t\t\t\n\t\t\t\t\t\t\t\t\t\t\t\t\t\t<p class=\"read-more-section\">\n\t\t\t\t\t\t<a class=\"btn-read-more more-link\" href=\"https:\/\/almafitness.com.br\/5-melhores-apps-fitness-para-transformar-seu-treino\/\">Continue lendo<\/a>\t\t\t\t\t<\/p>\n\t\t\t\t\t\t\t\t\t\t\t\n\t\t\t\n\t\t\t\t\t<\/div>\n\t<\/div>\n<\/article><!-- #post -->\n\n\n\t\t\t\t\t\t\t\t\t\t\t\n<article id=\"post-40659\" class=\"blog-design-masonry blog-post-loop blog-style-bg wd-add-shadow  col-lg-4 col-md-4 col-sm-6 col-12 last  post-40659 post type-post status-publish format-standard has-post-thumbnail hentry\">\n\t<div class=\"article-inner\">\n\t\t\t\t\t<header class=\"entry-header\">\n\t\t\t\t\t\t\t\t\t\n\t\t\t\t\t<figure id=\"carousel-757\" class=\"entry-thumbnail\" data-owl-carousel data-hide_pagination_control=\"yes\" data-desktop=\"1\" data-tablet=\"1\" data-tablet_landscape=\"1\" data-mobile=\"1\">\n\t\t\t\t\t\t\n\t\t\t\t\t\t\t<div class=\"post-img-wrapp\">\n\t\t\t\t\t\t\t\t<a href=\"https:\/\/almafitness.com.br\/5-dicas-de-alongamento-para-melhorar-sua-flexibilidade\/\">\n\t\t\t\t\t\t\t\t\t<img width=\"1024\" height=\"538\" src=\"https:\/\/almafitness.com.br\/wp-content\/uploads\/2025\/01\/5-dicas-de-alongamento-para-melhorar-sua-flexibilidade-1024x538.jpg\" class=\"attachment-large size-large\" alt=\"5 Dicas de Alongamento para Melhorar sua Flexibilidade\" decoding=\"async\" srcset=\"\/\/almafitness.com.br\/wp-content\/uploads\/2025\/01\/5-dicas-de-alongamento-para-melhorar-sua-flexibilidade-1024x538.jpg 1024w, \/\/almafitness.com.br\/wp-content\/uploads\/2025\/01\/5-dicas-de-alongamento-para-melhorar-sua-flexibilidade-150x79.jpg 150w, \/\/almafitness.com.br\/wp-content\/uploads\/2025\/01\/5-dicas-de-alongamento-para-melhorar-sua-flexibilidade-300x158.jpg 300w, \/\/almafitness.com.br\/wp-content\/uploads\/2025\/01\/5-dicas-de-alongamento-para-melhorar-sua-flexibilidade-768x403.jpg 768w, \/\/almafitness.com.br\/wp-content\/uploads\/2025\/01\/5-dicas-de-alongamento-para-melhorar-sua-flexibilidade.jpg 1200w\" sizes=\"(max-width: 1024px) 100vw, 1024px\" \/>\t\t\t\t\t\t\t\t<\/a>\n\t\t\t\t\t\t\t<\/div>\n\t\t\t\t\t\t\t<div class=\"post-image-mask\">\n\t\t\t\t\t\t\t\t<span><\/span>\n\t\t\t\t\t\t\t<\/div>\n\n\t\t\t\t\t\t\n\t\t\t\t\t<\/figure>\n\t\t\t\t\n\t\t\t\t\t\t\t\t\t\t\t\t<div class=\"post-date wd-post-date wd-style-with-bg\" onclick=\"\">\n\t\t\t\t<span class=\"post-date-day\">\n\t\t\t\t\t18\t\t\t\t<\/span>\n\t\t\t\t<span class=\"post-date-month\">\n\t\t\t\t\tjan\t\t\t\t<\/span>\n\t\t\t<\/div>\n\t\t\t\t\t\t\n\t\t\t<\/header><!-- .entry-header -->\n\n\t\t<div class=\"article-body-container\">\n\t\t\t\n\t\t\t\t\n\t\t\t\t\t\t\t\t\t<h3 class=\"wd-entities-title title post-title\">\n\t\t\t\t\t\t<a href=\"https:\/\/almafitness.com.br\/5-dicas-de-alongamento-para-melhorar-sua-flexibilidade\/\" rel=\"bookmark\">5 Dicas de Alongamento para Melhorar sua Flexibilidade<\/a>\n\t\t\t\t\t<\/h3>\n\t\t\t\t\n\t\t\t\t\t\t\t\n\t\t\t\t\t\t\t\n\t\t\t\t                    <div class=\"entry-content wd-entry-content\">\n\t\t\t\t\t\t<p>Aprenda como o alongamento pode transformar sua flexibilidade com estas 5 dicas essenciais.<\/p>\n\n\t\t\t\t\t\t\t\t\t\t\t<\/div><!-- .entry-content -->\n\t\t\t\t\n\t\t\t\t\t\t\t\t\t\t\t\t\t\t<p class=\"read-more-section\">\n\t\t\t\t\t\t<a class=\"btn-read-more more-link\" href=\"https:\/\/almafitness.com.br\/5-dicas-de-alongamento-para-melhorar-sua-flexibilidade\/\">Continue lendo<\/a>\t\t\t\t\t<\/p>\n\t\t\t\t\t\t\t\t\t\t\t\n\t\t\t\n\t\t\t\t\t<\/div>\n\t<\/div>\n<\/article><!-- #post -->\n\n\n\t\t\t\t\t\t\t\t\t\t\t\n<article id=\"post-40643\" class=\"blog-design-masonry blog-post-loop blog-style-bg wd-add-shadow  col-lg-4 col-md-4 col-sm-6 col-12 first  post-40643 post type-post status-publish format-standard has-post-thumbnail hentry\">\n\t<div class=\"article-inner\">\n\t\t\t\t\t<header class=\"entry-header\">\n\t\t\t\t\t\t\t\t\t\n\t\t\t\t\t<figure id=\"carousel-238\" class=\"entry-thumbnail\" data-owl-carousel data-hide_pagination_control=\"yes\" data-desktop=\"1\" data-tablet=\"1\" data-tablet_landscape=\"1\" data-mobile=\"1\">\n\t\t\t\t\t\t\n\t\t\t\t\t\t\t<div class=\"post-img-wrapp\">\n\t\t\t\t\t\t\t\t<a href=\"https:\/\/almafitness.com.br\/6-acessorios-fitness-que-voce-precisa-conhecer\/\">\n\t\t\t\t\t\t\t\t\t<img width=\"1024\" height=\"538\" src=\"https:\/\/almafitness.com.br\/wp-content\/uploads\/2025\/01\/6-acessorios-fitness-que-voce-precisa-conhecer-1024x538.jpg\" class=\"attachment-large size-large\" alt=\"6 Acess\u00f3rios Fitness que Voc\u00ea Precisa Conhecer\" decoding=\"async\" srcset=\"\/\/almafitness.com.br\/wp-content\/uploads\/2025\/01\/6-acessorios-fitness-que-voce-precisa-conhecer-1024x538.jpg 1024w, \/\/almafitness.com.br\/wp-content\/uploads\/2025\/01\/6-acessorios-fitness-que-voce-precisa-conhecer-150x79.jpg 150w, \/\/almafitness.com.br\/wp-content\/uploads\/2025\/01\/6-acessorios-fitness-que-voce-precisa-conhecer-300x158.jpg 300w, \/\/almafitness.com.br\/wp-content\/uploads\/2025\/01\/6-acessorios-fitness-que-voce-precisa-conhecer-768x403.jpg 768w, \/\/almafitness.com.br\/wp-content\/uploads\/2025\/01\/6-acessorios-fitness-que-voce-precisa-conhecer.jpg 1200w\" sizes=\"(max-width: 1024px) 100vw, 1024px\" \/>\t\t\t\t\t\t\t\t<\/a>\n\t\t\t\t\t\t\t<\/div>\n\t\t\t\t\t\t\t<div class=\"post-image-mask\">\n\t\t\t\t\t\t\t\t<span><\/span>\n\t\t\t\t\t\t\t<\/div>\n\n\t\t\t\t\t\t\n\t\t\t\t\t<\/figure>\n\t\t\t\t\n\t\t\t\t\t\t\t\t\t\t\t\t<div class=\"post-date wd-post-date wd-style-with-bg\" onclick=\"\">\n\t\t\t\t<span class=\"post-date-day\">\n\t\t\t\t\t17\t\t\t\t<\/span>\n\t\t\t\t<span class=\"post-date-month\">\n\t\t\t\t\tjan\t\t\t\t<\/span>\n\t\t\t<\/div>\n\t\t\t\t\t\t\n\t\t\t<\/header><!-- .entry-header -->\n\n\t\t<div class=\"article-body-container\">\n\t\t\t\n\t\t\t\t\n\t\t\t\t\t\t\t\t\t<h3 class=\"wd-entities-title title post-title\">\n\t\t\t\t\t\t<a href=\"https:\/\/almafitness.com.br\/6-acessorios-fitness-que-voce-precisa-conhecer\/\" rel=\"bookmark\">6 Acess\u00f3rios Fitness que Voc\u00ea Precisa Conhecer<\/a>\n\t\t\t\t\t<\/h3>\n\t\t\t\t\n\t\t\t\t\t\t\t\n\t\t\t\t\t\t\t\n\t\t\t\t                    <div class=\"entry-content wd-entry-content\">\n\t\t\t\t\t\t<p>Descubra os melhores acess\u00f3rios fitness para potencializar seu treino e alcan\u00e7ar resultados incr\u00edveis!<\/p>\n\n\t\t\t\t\t\t\t\t\t\t\t<\/div><!-- .entry-content -->\n\t\t\t\t\n\t\t\t\t\t\t\t\t\t\t\t\t\t\t<p class=\"read-more-section\">\n\t\t\t\t\t\t<a class=\"btn-read-more more-link\" href=\"https:\/\/almafitness.com.br\/6-acessorios-fitness-que-voce-precisa-conhecer\/\">Continue lendo<\/a>\t\t\t\t\t<\/p>\n\t\t\t\t\t\t\t\t\t\t\t\n\t\t\t\n\t\t\t\t\t<\/div>\n\t<\/div>\n<\/article><!-- #post -->\n\n\n\t\t\t\t\t\t\t\t\t\t\t\n<article id=\"post-40618\" class=\"blog-design-masonry blog-post-loop blog-style-bg wd-add-shadow  col-lg-4 col-md-4 col-sm-6 col-12 post-40618 post type-post status-publish format-standard has-post-thumbnail hentry category-corrida-e-caminhada\">\n\t<div class=\"article-inner\">\n\t\t\t\t\t<header class=\"entry-header\">\n\t\t\t\t\t\t\t\t\t\n\t\t\t\t\t<figure id=\"carousel-215\" class=\"entry-thumbnail\" data-owl-carousel data-hide_pagination_control=\"yes\" data-desktop=\"1\" data-tablet=\"1\" data-tablet_landscape=\"1\" data-mobile=\"1\">\n\t\t\t\t\t\t\n\t\t\t\t\t\t\t<div class=\"post-img-wrapp\">\n\t\t\t\t\t\t\t\t<a href=\"https:\/\/almafitness.com.br\/5-estrategias-para-aumentar-a-flexibilidade-no-dia-a-dia\/\">\n\t\t\t\t\t\t\t\t\t<img width=\"1024\" height=\"538\" src=\"https:\/\/almafitness.com.br\/wp-content\/uploads\/2024\/12\/5-estrategias-para-aumentar-a-flexibilidade-no-dia-a-dia-1024x538.jpg\" class=\"attachment-large size-large\" alt=\"5 Estrat\u00e9gias para Aumentar a Flexibilidade no Dia a Dia\" decoding=\"async\" srcset=\"\/\/almafitness.com.br\/wp-content\/uploads\/2024\/12\/5-estrategias-para-aumentar-a-flexibilidade-no-dia-a-dia-1024x538.jpg 1024w, \/\/almafitness.com.br\/wp-content\/uploads\/2024\/12\/5-estrategias-para-aumentar-a-flexibilidade-no-dia-a-dia-150x79.jpg 150w, \/\/almafitness.com.br\/wp-content\/uploads\/2024\/12\/5-estrategias-para-aumentar-a-flexibilidade-no-dia-a-dia-300x158.jpg 300w, \/\/almafitness.com.br\/wp-content\/uploads\/2024\/12\/5-estrategias-para-aumentar-a-flexibilidade-no-dia-a-dia-768x403.jpg 768w, \/\/almafitness.com.br\/wp-content\/uploads\/2024\/12\/5-estrategias-para-aumentar-a-flexibilidade-no-dia-a-dia.jpg 1200w\" sizes=\"(max-width: 1024px) 100vw, 1024px\" \/>\t\t\t\t\t\t\t\t<\/a>\n\t\t\t\t\t\t\t<\/div>\n\t\t\t\t\t\t\t<div class=\"post-image-mask\">\n\t\t\t\t\t\t\t\t<span><\/span>\n\t\t\t\t\t\t\t<\/div>\n\n\t\t\t\t\t\t\n\t\t\t\t\t<\/figure>\n\t\t\t\t\n\t\t\t\t\t\t\t\t\t\t\t\t<div class=\"post-date wd-post-date wd-style-with-bg\" onclick=\"\">\n\t\t\t\t<span class=\"post-date-day\">\n\t\t\t\t\t19\t\t\t\t<\/span>\n\t\t\t\t<span class=\"post-date-month\">\n\t\t\t\t\tdez\t\t\t\t<\/span>\n\t\t\t<\/div>\n\t\t\t\t\t\t\n\t\t\t<\/header><!-- .entry-header -->\n\n\t\t<div class=\"article-body-container\">\n\t\t\t\n\t\t\t\t\n\t\t\t\t\t\t\t\t\t<h3 class=\"wd-entities-title title post-title\">\n\t\t\t\t\t\t<a href=\"https:\/\/almafitness.com.br\/5-estrategias-para-aumentar-a-flexibilidade-no-dia-a-dia\/\" rel=\"bookmark\">5 Estrat\u00e9gias para Aumentar a Flexibilidade no Dia a Dia<\/a>\n\t\t\t\t\t<\/h3>\n\t\t\t\t\n\t\t\t\t\t\t\t\n\t\t\t\t\t\t\t\n\t\t\t\t                    <div class=\"entry-content wd-entry-content\">\n\t\t\t\t\t\t<p>Descubra como a flexibilidade pode transformar sua rotina com dicas pr\u00e1ticas e eficazes.<\/p>\n\n\t\t\t\t\t\t\t\t\t\t\t<\/div><!-- .entry-content -->\n\t\t\t\t\n\t\t\t\t\t\t\t\t\t\t\t\t\t\t<p class=\"read-more-section\">\n\t\t\t\t\t\t<a class=\"btn-read-more more-link\" href=\"https:\/\/almafitness.com.br\/5-estrategias-para-aumentar-a-flexibilidade-no-dia-a-dia\/\">Continue lendo<\/a>\t\t\t\t\t<\/p>\n\t\t\t\t\t\t\t\t\t\t\t\n\t\t\t\n\t\t\t\t\t<\/div>\n\t<\/div>\n<\/article><!-- #post -->\n\n\n\t\t\t\t\t\t\t\t\t\t\t\n<article id=\"post-40604\" class=\"blog-design-masonry blog-post-loop blog-style-bg wd-add-shadow  col-lg-4 col-md-4 col-sm-6 col-12 last  post-40604 post type-post status-publish format-standard has-post-thumbnail hentry category-saude-e-beleza\">\n\t<div class=\"article-inner\">\n\t\t\t\t\t<header class=\"entry-header\">\n\t\t\t\t\t\t\t\t\t\n\t\t\t\t\t<figure id=\"carousel-511\" class=\"entry-thumbnail\" data-owl-carousel data-hide_pagination_control=\"yes\" data-desktop=\"1\" data-tablet=\"1\" data-tablet_landscape=\"1\" data-mobile=\"1\">\n\t\t\t\t\t\t\n\t\t\t\t\t\t\t<div class=\"post-img-wrapp\">\n\t\t\t\t\t\t\t\t<a href=\"https:\/\/almafitness.com.br\/5-dicas-praticas-para-aumentar-o-aquecimento-em-casa\/\">\n\t\t\t\t\t\t\t\t\t<img width=\"1024\" height=\"538\" src=\"https:\/\/almafitness.com.br\/wp-content\/uploads\/2024\/12\/5-dicas-praticas-para-aumentar-o-aquecimento-em-casa-1024x538.jpg\" class=\"attachment-large size-large\" alt=\"5 Dicas Pr\u00e1ticas para Aumentar o Aquecimento em Casa\" decoding=\"async\" srcset=\"\/\/almafitness.com.br\/wp-content\/uploads\/2024\/12\/5-dicas-praticas-para-aumentar-o-aquecimento-em-casa-1024x538.jpg 1024w, \/\/almafitness.com.br\/wp-content\/uploads\/2024\/12\/5-dicas-praticas-para-aumentar-o-aquecimento-em-casa-150x79.jpg 150w, \/\/almafitness.com.br\/wp-content\/uploads\/2024\/12\/5-dicas-praticas-para-aumentar-o-aquecimento-em-casa-300x158.jpg 300w, \/\/almafitness.com.br\/wp-content\/uploads\/2024\/12\/5-dicas-praticas-para-aumentar-o-aquecimento-em-casa-768x403.jpg 768w, \/\/almafitness.com.br\/wp-content\/uploads\/2024\/12\/5-dicas-praticas-para-aumentar-o-aquecimento-em-casa.jpg 1200w\" sizes=\"(max-width: 1024px) 100vw, 1024px\" \/>\t\t\t\t\t\t\t\t<\/a>\n\t\t\t\t\t\t\t<\/div>\n\t\t\t\t\t\t\t<div class=\"post-image-mask\">\n\t\t\t\t\t\t\t\t<span><\/span>\n\t\t\t\t\t\t\t<\/div>\n\n\t\t\t\t\t\t\n\t\t\t\t\t<\/figure>\n\t\t\t\t\n\t\t\t\t\t\t\t\t\t\t\t\t<div class=\"post-date wd-post-date wd-style-with-bg\" onclick=\"\">\n\t\t\t\t<span class=\"post-date-day\">\n\t\t\t\t\t19\t\t\t\t<\/span>\n\t\t\t\t<span class=\"post-date-month\">\n\t\t\t\t\tdez\t\t\t\t<\/span>\n\t\t\t<\/div>\n\t\t\t\t\t\t\n\t\t\t<\/header><!-- .entry-header -->\n\n\t\t<div class=\"article-body-container\">\n\t\t\t\n\t\t\t\t\n\t\t\t\t\t\t\t\t\t<h3 class=\"wd-entities-title title post-title\">\n\t\t\t\t\t\t<a href=\"https:\/\/almafitness.com.br\/5-dicas-praticas-para-aumentar-o-aquecimento-em-casa\/\" rel=\"bookmark\">5 Dicas Pr\u00e1ticas para Aumentar o Aquecimento em Casa<\/a>\n\t\t\t\t\t<\/h3>\n\t\t\t\t\n\t\t\t\t\t\t\t\n\t\t\t\t\t\t\t\n\t\t\t\t                    <div class=\"entry-content wd-entry-content\">\n\t\t\t\t\t\t<p>Descubra como otimizar o aquecimento em sua casa com dicas simples e eficazes.<\/p>\n\n\t\t\t\t\t\t\t\t\t\t\t<\/div><!-- .entry-content -->\n\t\t\t\t\n\t\t\t\t\t\t\t\t\t\t\t\t\t\t<p class=\"read-more-section\">\n\t\t\t\t\t\t<a class=\"btn-read-more more-link\" href=\"https:\/\/almafitness.com.br\/5-dicas-praticas-para-aumentar-o-aquecimento-em-casa\/\">Continue lendo<\/a>\t\t\t\t\t<\/p>\n\t\t\t\t\t\t\t\t\t\t\t\n\t\t\t\n\t\t\t\t\t<\/div>\n\t<\/div>\n<\/article><!-- #post -->\n\n\n\t\t\t\t\t\t\t\t\t\t\t\n<article id=\"post-40595\" class=\"blog-design-masonry blog-post-loop blog-style-bg wd-add-shadow  col-lg-4 col-md-4 col-sm-6 col-12 first  post-40595 post type-post status-publish format-standard has-post-thumbnail hentry category-corrida-e-caminhada\">\n\t<div class=\"article-inner\">\n\t\t\t\t\t<header class=\"entry-header\">\n\t\t\t\t\t\t\t\t\t\n\t\t\t\t\t<figure id=\"carousel-393\" class=\"entry-thumbnail\" data-owl-carousel data-hide_pagination_control=\"yes\" data-desktop=\"1\" data-tablet=\"1\" data-tablet_landscape=\"1\" data-mobile=\"1\">\n\t\t\t\t\t\t\n\t\t\t\t\t\t\t<div class=\"post-img-wrapp\">\n\t\t\t\t\t\t\t\t<a href=\"https:\/\/almafitness.com.br\/5-passos-para-iniciar-sua-dieta-cetogenica-com-sucesso\/\">\n\t\t\t\t\t\t\t\t\t<img width=\"1024\" height=\"538\" src=\"https:\/\/almafitness.com.br\/wp-content\/uploads\/2024\/12\/5-passos-para-iniciar-sua-dieta-cetogenica-com-sucesso-1024x538.jpg\" class=\"attachment-large size-large\" alt=\"5 Passos para Iniciar sua Dieta Cetog\u00eanica com Sucesso\" decoding=\"async\" srcset=\"\/\/almafitness.com.br\/wp-content\/uploads\/2024\/12\/5-passos-para-iniciar-sua-dieta-cetogenica-com-sucesso-1024x538.jpg 1024w, \/\/almafitness.com.br\/wp-content\/uploads\/2024\/12\/5-passos-para-iniciar-sua-dieta-cetogenica-com-sucesso-150x79.jpg 150w, \/\/almafitness.com.br\/wp-content\/uploads\/2024\/12\/5-passos-para-iniciar-sua-dieta-cetogenica-com-sucesso-300x158.jpg 300w, \/\/almafitness.com.br\/wp-content\/uploads\/2024\/12\/5-passos-para-iniciar-sua-dieta-cetogenica-com-sucesso-768x403.jpg 768w, \/\/almafitness.com.br\/wp-content\/uploads\/2024\/12\/5-passos-para-iniciar-sua-dieta-cetogenica-com-sucesso.jpg 1200w\" sizes=\"(max-width: 1024px) 100vw, 1024px\" \/>\t\t\t\t\t\t\t\t<\/a>\n\t\t\t\t\t\t\t<\/div>\n\t\t\t\t\t\t\t<div class=\"post-image-mask\">\n\t\t\t\t\t\t\t\t<span><\/span>\n\t\t\t\t\t\t\t<\/div>\n\n\t\t\t\t\t\t\n\t\t\t\t\t<\/figure>\n\t\t\t\t\n\t\t\t\t\t\t\t\t\t\t\t\t<div class=\"post-date wd-post-date wd-style-with-bg\" onclick=\"\">\n\t\t\t\t<span class=\"post-date-day\">\n\t\t\t\t\t19\t\t\t\t<\/span>\n\t\t\t\t<span class=\"post-date-month\">\n\t\t\t\t\tdez\t\t\t\t<\/span>\n\t\t\t<\/div>\n\t\t\t\t\t\t\n\t\t\t<\/header><!-- .entry-header -->\n\n\t\t<div class=\"article-body-container\">\n\t\t\t\n\t\t\t\t\n\t\t\t\t\t\t\t\t\t<h3 class=\"wd-entities-title title post-title\">\n\t\t\t\t\t\t<a href=\"https:\/\/almafitness.com.br\/5-passos-para-iniciar-sua-dieta-cetogenica-com-sucesso\/\" rel=\"bookmark\">5 Passos para Iniciar sua Dieta Cetog\u00eanica com Sucesso<\/a>\n\t\t\t\t\t<\/h3>\n\t\t\t\t\n\t\t\t\t\t\t\t\n\t\t\t\t\t\t\t\n\t\t\t\t                    <div class=\"entry-content wd-entry-content\">\n\t\t\t\t\t\t<p>Descubra como a dieta cetog\u00eanica pode transformar sua sa\u00fade e bem-estar.<\/p>\n\n\t\t\t\t\t\t\t\t\t\t\t<\/div><!-- .entry-content -->\n\t\t\t\t\n\t\t\t\t\t\t\t\t\t\t\t\t\t\t<p class=\"read-more-section\">\n\t\t\t\t\t\t<a class=\"btn-read-more more-link\" href=\"https:\/\/almafitness.com.br\/5-passos-para-iniciar-sua-dieta-cetogenica-com-sucesso\/\">Continue lendo<\/a>\t\t\t\t\t<\/p>\n\t\t\t\t\t\t\t\t\t\t\t\n\t\t\t\n\t\t\t\t\t<\/div>\n\t<\/div>\n<\/article><!-- #post -->\n\n\n\t\t\t\t\t\t\t\t\t\t\t\n<article id=\"post-40586\" class=\"blog-design-masonry blog-post-loop blog-style-bg wd-add-shadow  col-lg-4 col-md-4 col-sm-6 col-12 post-40586 post type-post status-publish format-standard has-post-thumbnail hentry category-corrida-e-caminhada\">\n\t<div class=\"article-inner\">\n\t\t\t\t\t<header class=\"entry-header\">\n\t\t\t\t\t\t\t\t\t\n\t\t\t\t\t<figure id=\"carousel-173\" class=\"entry-thumbnail\" data-owl-carousel data-hide_pagination_control=\"yes\" data-desktop=\"1\" data-tablet=\"1\" data-tablet_landscape=\"1\" data-mobile=\"1\">\n\t\t\t\t\t\t\n\t\t\t\t\t\t\t<div class=\"post-img-wrapp\">\n\t\t\t\t\t\t\t\t<a href=\"https:\/\/almafitness.com.br\/5-dicas-imperdiveis-para-iniciar-na-alimentacao-keto\/\">\n\t\t\t\t\t\t\t\t\t<img width=\"1024\" height=\"538\" src=\"https:\/\/almafitness.com.br\/wp-content\/uploads\/2024\/12\/5-dicas-imperdiveis-para-iniciar-na-alimentacao-keto-1024x538.jpg\" class=\"attachment-large size-large\" alt=\"5 Dicas Imperd\u00edveis para Iniciar na Alimenta\u00e7\u00e3o Keto\" decoding=\"async\" srcset=\"\/\/almafitness.com.br\/wp-content\/uploads\/2024\/12\/5-dicas-imperdiveis-para-iniciar-na-alimentacao-keto-1024x538.jpg 1024w, \/\/almafitness.com.br\/wp-content\/uploads\/2024\/12\/5-dicas-imperdiveis-para-iniciar-na-alimentacao-keto-150x79.jpg 150w, \/\/almafitness.com.br\/wp-content\/uploads\/2024\/12\/5-dicas-imperdiveis-para-iniciar-na-alimentacao-keto-300x158.jpg 300w, \/\/almafitness.com.br\/wp-content\/uploads\/2024\/12\/5-dicas-imperdiveis-para-iniciar-na-alimentacao-keto-768x403.jpg 768w, \/\/almafitness.com.br\/wp-content\/uploads\/2024\/12\/5-dicas-imperdiveis-para-iniciar-na-alimentacao-keto.jpg 1200w\" sizes=\"(max-width: 1024px) 100vw, 1024px\" \/>\t\t\t\t\t\t\t\t<\/a>\n\t\t\t\t\t\t\t<\/div>\n\t\t\t\t\t\t\t<div class=\"post-image-mask\">\n\t\t\t\t\t\t\t\t<span><\/span>\n\t\t\t\t\t\t\t<\/div>\n\n\t\t\t\t\t\t\n\t\t\t\t\t<\/figure>\n\t\t\t\t\n\t\t\t\t\t\t\t\t\t\t\t\t<div class=\"post-date wd-post-date wd-style-with-bg\" onclick=\"\">\n\t\t\t\t<span class=\"post-date-day\">\n\t\t\t\t\t19\t\t\t\t<\/span>\n\t\t\t\t<span class=\"post-date-month\">\n\t\t\t\t\tdez\t\t\t\t<\/span>\n\t\t\t<\/div>\n\t\t\t\t\t\t\n\t\t\t<\/header><!-- .entry-header -->\n\n\t\t<div class=\"article-body-container\">\n\t\t\t\n\t\t\t\t\n\t\t\t\t\t\t\t\t\t<h3 class=\"wd-entities-title title post-title\">\n\t\t\t\t\t\t<a href=\"https:\/\/almafitness.com.br\/5-dicas-imperdiveis-para-iniciar-na-alimentacao-keto\/\" rel=\"bookmark\">5 Dicas Imperd\u00edveis para Iniciar na Alimenta\u00e7\u00e3o Keto<\/a>\n\t\t\t\t\t<\/h3>\n\t\t\t\t\n\t\t\t\t\t\t\t\n\t\t\t\t\t\t\t\n\t\t\t\t                    <div class=\"entry-content wd-entry-content\">\n\t\t\t\t\t\t<p>Descubra como a alimenta\u00e7\u00e3o keto pode transformar sua sa\u00fade com estas 5 dicas essenciais.<\/p>\n\n\t\t\t\t\t\t\t\t\t\t\t<\/div><!-- .entry-content -->\n\t\t\t\t\n\t\t\t\t\t\t\t\t\t\t\t\t\t\t<p class=\"read-more-section\">\n\t\t\t\t\t\t<a class=\"btn-read-more more-link\" href=\"https:\/\/almafitness.com.br\/5-dicas-imperdiveis-para-iniciar-na-alimentacao-keto\/\">Continue lendo<\/a>\t\t\t\t\t<\/p>\n\t\t\t\t\t\t\t\t\t\t\t\n\t\t\t\n\t\t\t\t\t<\/div>\n\t<\/div>\n<\/article><!-- #post -->\n\n\n\t\t\t\t\t\t\t\t\t\t\t\n<article id=\"post-40544\" class=\"blog-design-masonry blog-post-loop blog-style-bg wd-add-shadow  col-lg-4 col-md-4 col-sm-6 col-12 last  post-40544 post type-post status-publish format-standard has-post-thumbnail hentry\">\n\t<div class=\"article-inner\">\n\t\t\t\t\t<header class=\"entry-header\">\n\t\t\t\t\t\t\t\t\t\n\t\t\t\t\t<figure id=\"carousel-296\" class=\"entry-thumbnail\" data-owl-carousel data-hide_pagination_control=\"yes\" data-desktop=\"1\" data-tablet=\"1\" data-tablet_landscape=\"1\" data-mobile=\"1\">\n\t\t\t\t\t\t\n\t\t\t\t\t\t\t<div class=\"post-img-wrapp\">\n\t\t\t\t\t\t\t\t<a href=\"https:\/\/almafitness.com.br\/top-6-marcas-de-roupas-esportivas-que-voce-precisa-conhecer\/\">\n\t\t\t\t\t\t\t\t\t<img width=\"1024\" height=\"538\" src=\"https:\/\/almafitness.com.br\/wp-content\/uploads\/2024\/12\/top-6-marcas-de-roupas-esportivas-que-voce-precisa-conhecer-1024x538.jpg\" class=\"attachment-large size-large\" alt=\"Top 6 Marcas de Roupas Esportivas Que Voc\u00ea Precisa Conhecer\" decoding=\"async\" srcset=\"\/\/almafitness.com.br\/wp-content\/uploads\/2024\/12\/top-6-marcas-de-roupas-esportivas-que-voce-precisa-conhecer-1024x538.jpg 1024w, \/\/almafitness.com.br\/wp-content\/uploads\/2024\/12\/top-6-marcas-de-roupas-esportivas-que-voce-precisa-conhecer-150x79.jpg 150w, \/\/almafitness.com.br\/wp-content\/uploads\/2024\/12\/top-6-marcas-de-roupas-esportivas-que-voce-precisa-conhecer-300x158.jpg 300w, \/\/almafitness.com.br\/wp-content\/uploads\/2024\/12\/top-6-marcas-de-roupas-esportivas-que-voce-precisa-conhecer-768x403.jpg 768w, \/\/almafitness.com.br\/wp-content\/uploads\/2024\/12\/top-6-marcas-de-roupas-esportivas-que-voce-precisa-conhecer.jpg 1200w\" sizes=\"(max-width: 1024px) 100vw, 1024px\" \/>\t\t\t\t\t\t\t\t<\/a>\n\t\t\t\t\t\t\t<\/div>\n\t\t\t\t\t\t\t<div class=\"post-image-mask\">\n\t\t\t\t\t\t\t\t<span><\/span>\n\t\t\t\t\t\t\t<\/div>\n\n\t\t\t\t\t\t\n\t\t\t\t\t<\/figure>\n\t\t\t\t\n\t\t\t\t\t\t\t\t\t\t\t\t<div class=\"post-date wd-post-date wd-style-with-bg\" onclick=\"\">\n\t\t\t\t<span class=\"post-date-day\">\n\t\t\t\t\t18\t\t\t\t<\/span>\n\t\t\t\t<span class=\"post-date-month\">\n\t\t\t\t\tdez\t\t\t\t<\/span>\n\t\t\t<\/div>\n\t\t\t\t\t\t\n\t\t\t<\/header><!-- .entry-header -->\n\n\t\t<div class=\"article-body-container\">\n\t\t\t\n\t\t\t\t\n\t\t\t\t\t\t\t\t\t<h3 class=\"wd-entities-title title post-title\">\n\t\t\t\t\t\t<a href=\"https:\/\/almafitness.com.br\/top-6-marcas-de-roupas-esportivas-que-voce-precisa-conhecer\/\" rel=\"bookmark\">Top 6 Marcas de Roupas Esportivas Que Voc\u00ea Precisa Conhecer<\/a>\n\t\t\t\t\t<\/h3>\n\t\t\t\t\n\t\t\t\t\t\t\t\n\t\t\t\t\t\t\t\n\t\t\t\t                    <div class=\"entry-content wd-entry-content\">\n\t\t\t\t\t\t<p>Descubra as melhores marcas de roupas esportivas e como elas podem elevar seu desempenho.<\/p>\n\n\t\t\t\t\t\t\t\t\t\t\t<\/div><!-- .entry-content -->\n\t\t\t\t\n\t\t\t\t\t\t\t\t\t\t\t\t\t\t<p class=\"read-more-section\">\n\t\t\t\t\t\t<a class=\"btn-read-more more-link\" href=\"https:\/\/almafitness.com.br\/top-6-marcas-de-roupas-esportivas-que-voce-precisa-conhecer\/\">Continue lendo<\/a>\t\t\t\t\t<\/p>\n\t\t\t\t\t\t\t\t\t\t\t\n\t\t\t\n\t\t\t\t\t<\/div>\n\t<\/div>\n<\/article><!-- #post -->\n\n\n\t\t\t\t\t\t\t\t\t\t\t\n<article id=\"post-40535\" class=\"blog-design-masonry blog-post-loop blog-style-bg wd-add-shadow  col-lg-4 col-md-4 col-sm-6 col-12 first  post-40535 post type-post status-publish format-standard has-post-thumbnail hentry\">\n\t<div class=\"article-inner\">\n\t\t\t\t\t<header class=\"entry-header\">\n\t\t\t\t\t\t\t\t\t\n\t\t\t\t\t<figure id=\"carousel-966\" class=\"entry-thumbnail\" data-owl-carousel data-hide_pagination_control=\"yes\" data-desktop=\"1\" data-tablet=\"1\" data-tablet_landscape=\"1\" data-mobile=\"1\">\n\t\t\t\t\t\t\n\t\t\t\t\t\t\t<div class=\"post-img-wrapp\">\n\t\t\t\t\t\t\t\t<a href=\"https:\/\/almafitness.com.br\/as-6-tendencias-mais-quentes-em-moda-fitness-para-2023\/\">\n\t\t\t\t\t\t\t\t\t<img width=\"1024\" height=\"538\" src=\"https:\/\/almafitness.com.br\/wp-content\/uploads\/2024\/12\/as-6-tendencias-mais-quentes-em-moda-fitness-para-2023-1024x538.jpg\" class=\"attachment-large size-large\" alt=\"As 6 Tend\u00eancias Mais Quentes em Moda Fitness para 2023\" decoding=\"async\" srcset=\"\/\/almafitness.com.br\/wp-content\/uploads\/2024\/12\/as-6-tendencias-mais-quentes-em-moda-fitness-para-2023-1024x538.jpg 1024w, \/\/almafitness.com.br\/wp-content\/uploads\/2024\/12\/as-6-tendencias-mais-quentes-em-moda-fitness-para-2023-150x79.jpg 150w, \/\/almafitness.com.br\/wp-content\/uploads\/2024\/12\/as-6-tendencias-mais-quentes-em-moda-fitness-para-2023-300x158.jpg 300w, \/\/almafitness.com.br\/wp-content\/uploads\/2024\/12\/as-6-tendencias-mais-quentes-em-moda-fitness-para-2023-768x403.jpg 768w, \/\/almafitness.com.br\/wp-content\/uploads\/2024\/12\/as-6-tendencias-mais-quentes-em-moda-fitness-para-2023.jpg 1200w\" sizes=\"(max-width: 1024px) 100vw, 1024px\" \/>\t\t\t\t\t\t\t\t<\/a>\n\t\t\t\t\t\t\t<\/div>\n\t\t\t\t\t\t\t<div class=\"post-image-mask\">\n\t\t\t\t\t\t\t\t<span><\/span>\n\t\t\t\t\t\t\t<\/div>\n\n\t\t\t\t\t\t\n\t\t\t\t\t<\/figure>\n\t\t\t\t\n\t\t\t\t\t\t\t\t\t\t\t\t<div class=\"post-date wd-post-date wd-style-with-bg\" onclick=\"\">\n\t\t\t\t<span class=\"post-date-day\">\n\t\t\t\t\t18\t\t\t\t<\/span>\n\t\t\t\t<span class=\"post-date-month\">\n\t\t\t\t\tdez\t\t\t\t<\/span>\n\t\t\t<\/div>\n\t\t\t\t\t\t\n\t\t\t<\/header><!-- .entry-header -->\n\n\t\t<div class=\"article-body-container\">\n\t\t\t\n\t\t\t\t\n\t\t\t\t\t\t\t\t\t<h3 class=\"wd-entities-title title post-title\">\n\t\t\t\t\t\t<a href=\"https:\/\/almafitness.com.br\/as-6-tendencias-mais-quentes-em-moda-fitness-para-2023\/\" rel=\"bookmark\">As 6 Tend\u00eancias Mais Quentes em Moda Fitness para 2023<\/a>\n\t\t\t\t\t<\/h3>\n\t\t\t\t\n\t\t\t\t\t\t\t\n\t\t\t\t\t\t\t\n\t\t\t\t                    <div class=\"entry-content wd-entry-content\">\n\t\t\t\t\t\t<p>Descubra as \u00faltimas tend\u00eancias em moda fitness que v\u00e3o transformar seu treino.<\/p>\n\n\t\t\t\t\t\t\t\t\t\t\t<\/div><!-- .entry-content -->\n\t\t\t\t\n\t\t\t\t\t\t\t\t\t\t\t\t\t\t<p class=\"read-more-section\">\n\t\t\t\t\t\t<a class=\"btn-read-more more-link\" href=\"https:\/\/almafitness.com.br\/as-6-tendencias-mais-quentes-em-moda-fitness-para-2023\/\">Continue lendo<\/a>\t\t\t\t\t<\/p>\n\t\t\t\t\t\t\t\t\t\t\t\n\t\t\t\n\t\t\t\t\t<\/div>\n\t<\/div>\n<\/article><!-- #post -->\n\n\n\t\t\t\t\t\t\t\t\t\t\t\n<article id=\"post-40524\" class=\"blog-design-masonry blog-post-loop blog-style-bg wd-add-shadow  col-lg-4 col-md-4 col-sm-6 col-12 post-40524 post type-post status-publish format-standard has-post-thumbnail hentry\">\n\t<div class=\"article-inner\">\n\t\t\t\t\t<header class=\"entry-header\">\n\t\t\t\t\t\t\t\t\t\n\t\t\t\t\t<figure id=\"carousel-675\" class=\"entry-thumbnail\" data-owl-carousel data-hide_pagination_control=\"yes\" data-desktop=\"1\" data-tablet=\"1\" data-tablet_landscape=\"1\" data-mobile=\"1\">\n\t\t\t\t\t\t\n\t\t\t\t\t\t\t<div class=\"post-img-wrapp\">\n\t\t\t\t\t\t\t\t<a href=\"https:\/\/almafitness.com.br\/5-beneficios-do-treino-funcional-para-sua-saude\/\">\n\t\t\t\t\t\t\t\t\t<img width=\"1024\" height=\"538\" src=\"https:\/\/almafitness.com.br\/wp-content\/uploads\/2024\/12\/5-beneficios-do-treino-funcional-para-sua-saude-1024x538.jpg\" class=\"attachment-large size-large\" alt=\"5 Benef\u00edcios do Treino Funcional para Sua Sa\u00fade\" decoding=\"async\" srcset=\"\/\/almafitness.com.br\/wp-content\/uploads\/2024\/12\/5-beneficios-do-treino-funcional-para-sua-saude-1024x538.jpg 1024w, \/\/almafitness.com.br\/wp-content\/uploads\/2024\/12\/5-beneficios-do-treino-funcional-para-sua-saude-150x79.jpg 150w, \/\/almafitness.com.br\/wp-content\/uploads\/2024\/12\/5-beneficios-do-treino-funcional-para-sua-saude-300x158.jpg 300w, \/\/almafitness.com.br\/wp-content\/uploads\/2024\/12\/5-beneficios-do-treino-funcional-para-sua-saude-768x403.jpg 768w, \/\/almafitness.com.br\/wp-content\/uploads\/2024\/12\/5-beneficios-do-treino-funcional-para-sua-saude.jpg 1200w\" sizes=\"(max-width: 1024px) 100vw, 1024px\" \/>\t\t\t\t\t\t\t\t<\/a>\n\t\t\t\t\t\t\t<\/div>\n\t\t\t\t\t\t\t<div class=\"post-image-mask\">\n\t\t\t\t\t\t\t\t<span><\/span>\n\t\t\t\t\t\t\t<\/div>\n\n\t\t\t\t\t\t\n\t\t\t\t\t<\/figure>\n\t\t\t\t\n\t\t\t\t\t\t\t\t\t\t\t\t<div class=\"post-date wd-post-date wd-style-with-bg\" onclick=\"\">\n\t\t\t\t<span class=\"post-date-day\">\n\t\t\t\t\t03\t\t\t\t<\/span>\n\t\t\t\t<span class=\"post-date-month\">\n\t\t\t\t\tdez\t\t\t\t<\/span>\n\t\t\t<\/div>\n\t\t\t\t\t\t\n\t\t\t<\/header><!-- .entry-header -->\n\n\t\t<div class=\"article-body-container\">\n\t\t\t\n\t\t\t\t\n\t\t\t\t\t\t\t\t\t<h3 class=\"wd-entities-title title post-title\">\n\t\t\t\t\t\t<a href=\"https:\/\/almafitness.com.br\/5-beneficios-do-treino-funcional-para-sua-saude\/\" rel=\"bookmark\">5 Benef\u00edcios do Treino Funcional para Sua Sa\u00fade<\/a>\n\t\t\t\t\t<\/h3>\n\t\t\t\t\n\t\t\t\t\t\t\t\n\t\t\t\t\t\t\t\n\t\t\t\t                    <div class=\"entry-content wd-entry-content\">\n\t\t\t\t\t\t<p>Descubra como o treino funcional pode transformar sua sa\u00fade e bem-estar com exerc\u00edcios eficazes.<\/p>\n\n\t\t\t\t\t\t\t\t\t\t\t<\/div><!-- .entry-content -->\n\t\t\t\t\n\t\t\t\t\t\t\t\t\t\t\t\t\t\t<p class=\"read-more-section\">\n\t\t\t\t\t\t<a class=\"btn-read-more more-link\" href=\"https:\/\/almafitness.com.br\/5-beneficios-do-treino-funcional-para-sua-saude\/\">Continue lendo<\/a>\t\t\t\t\t<\/p>\n\t\t\t\t\t\t\t\t\t\t\t\n\t\t\t\n\t\t\t\t\t<\/div>\n\t<\/div>\n<\/article><!-- #post -->\n\n\n\t\t\t\t\t\t\t\t\t\t\t\n<article id=\"post-40514\" class=\"blog-design-masonry blog-post-loop blog-style-bg wd-add-shadow  col-lg-4 col-md-4 col-sm-6 col-12 last  post-40514 post type-post status-publish format-standard has-post-thumbnail hentry\">\n\t<div class=\"article-inner\">\n\t\t\t\t\t<header class=\"entry-header\">\n\t\t\t\t\t\t\t\t\t\n\t\t\t\t\t<figure id=\"carousel-124\" class=\"entry-thumbnail\" data-owl-carousel data-hide_pagination_control=\"yes\" data-desktop=\"1\" data-tablet=\"1\" data-tablet_landscape=\"1\" data-mobile=\"1\">\n\t\t\t\t\t\t\n\t\t\t\t\t\t\t<div class=\"post-img-wrapp\">\n\t\t\t\t\t\t\t\t<a href=\"https:\/\/almafitness.com.br\/6-vantagens-do-treino-funcional-para-sua-saude\/\">\n\t\t\t\t\t\t\t\t\t<img width=\"1024\" height=\"538\" src=\"https:\/\/almafitness.com.br\/wp-content\/uploads\/2024\/12\/6-vantagens-do-treino-funcional-para-sua-saude-1024x538.jpg\" class=\"attachment-large size-large\" alt=\"6 Vantagens do Treino Funcional para Sua Sa\u00fade\" decoding=\"async\" srcset=\"\/\/almafitness.com.br\/wp-content\/uploads\/2024\/12\/6-vantagens-do-treino-funcional-para-sua-saude-1024x538.jpg 1024w, \/\/almafitness.com.br\/wp-content\/uploads\/2024\/12\/6-vantagens-do-treino-funcional-para-sua-saude-150x79.jpg 150w, \/\/almafitness.com.br\/wp-content\/uploads\/2024\/12\/6-vantagens-do-treino-funcional-para-sua-saude-300x158.jpg 300w, \/\/almafitness.com.br\/wp-content\/uploads\/2024\/12\/6-vantagens-do-treino-funcional-para-sua-saude-768x403.jpg 768w, \/\/almafitness.com.br\/wp-content\/uploads\/2024\/12\/6-vantagens-do-treino-funcional-para-sua-saude.jpg 1200w\" sizes=\"(max-width: 1024px) 100vw, 1024px\" \/>\t\t\t\t\t\t\t\t<\/a>\n\t\t\t\t\t\t\t<\/div>\n\t\t\t\t\t\t\t<div class=\"post-image-mask\">\n\t\t\t\t\t\t\t\t<span><\/span>\n\t\t\t\t\t\t\t<\/div>\n\n\t\t\t\t\t\t\n\t\t\t\t\t<\/figure>\n\t\t\t\t\n\t\t\t\t\t\t\t\t\t\t\t\t<div class=\"post-date wd-post-date wd-style-with-bg\" onclick=\"\">\n\t\t\t\t<span class=\"post-date-day\">\n\t\t\t\t\t02\t\t\t\t<\/span>\n\t\t\t\t<span class=\"post-date-month\">\n\t\t\t\t\tdez\t\t\t\t<\/span>\n\t\t\t<\/div>\n\t\t\t\t\t\t\n\t\t\t<\/header><!-- .entry-header -->\n\n\t\t<div class=\"article-body-container\">\n\t\t\t\n\t\t\t\t\n\t\t\t\t\t\t\t\t\t<h3 class=\"wd-entities-title title post-title\">\n\t\t\t\t\t\t<a href=\"https:\/\/almafitness.com.br\/6-vantagens-do-treino-funcional-para-sua-saude\/\" rel=\"bookmark\">6 Vantagens do Treino Funcional para Sua Sa\u00fade<\/a>\n\t\t\t\t\t<\/h3>\n\t\t\t\t\n\t\t\t\t\t\t\t\n\t\t\t\t\t\t\t\n\t\t\t\t                    <div class=\"entry-content wd-entry-content\">\n\t\t\t\t\t\t<p>Descubra como o treino funcional pode transformar sua sa\u00fade e condicionamento f\u00edsico.<\/p>\n\n\t\t\t\t\t\t\t\t\t\t\t<\/div><!-- .entry-content -->\n\t\t\t\t\n\t\t\t\t\t\t\t\t\t\t\t\t\t\t<p class=\"read-more-section\">\n\t\t\t\t\t\t<a class=\"btn-read-more more-link\" href=\"https:\/\/almafitness.com.br\/6-vantagens-do-treino-funcional-para-sua-saude\/\">Continue lendo<\/a>\t\t\t\t\t<\/p>\n\t\t\t\t\t\t\t\t\t\t\t\n\t\t\t\n\t\t\t\t\t<\/div>\n\t<\/div>\n<\/article><!-- #post -->\n\n\n\t\t\t\t\t\t\t\t\t\t\t\n<article id=\"post-40504\" class=\"blog-design-masonry blog-post-loop blog-style-bg wd-add-shadow  col-lg-4 col-md-4 col-sm-6 col-12 first  post-40504 post type-post status-publish format-standard has-post-thumbnail hentry\">\n\t<div class=\"article-inner\">\n\t\t\t\t\t<header class=\"entry-header\">\n\t\t\t\t\t\t\t\t\t\n\t\t\t\t\t<figure id=\"carousel-508\" class=\"entry-thumbnail\" data-owl-carousel data-hide_pagination_control=\"yes\" data-desktop=\"1\" data-tablet=\"1\" data-tablet_landscape=\"1\" data-mobile=\"1\">\n\t\t\t\t\t\t\n\t\t\t\t\t\t\t<div class=\"post-img-wrapp\">\n\t\t\t\t\t\t\t\t<a href=\"https:\/\/almafitness.com.br\/5-beneficios-do-treino-funcional-para-o-seu-dia-a-dia\/\">\n\t\t\t\t\t\t\t\t\t<img width=\"1024\" height=\"538\" src=\"https:\/\/almafitness.com.br\/wp-content\/uploads\/2024\/12\/5-beneficios-do-treino-funcional-para-o-seu-dia-a-dia-1024x538.jpg\" class=\"attachment-large size-large\" alt=\"5 Benef\u00edcios do Treino Funcional para o Seu Dia a Dia\" decoding=\"async\" srcset=\"\/\/almafitness.com.br\/wp-content\/uploads\/2024\/12\/5-beneficios-do-treino-funcional-para-o-seu-dia-a-dia-1024x538.jpg 1024w, \/\/almafitness.com.br\/wp-content\/uploads\/2024\/12\/5-beneficios-do-treino-funcional-para-o-seu-dia-a-dia-150x79.jpg 150w, \/\/almafitness.com.br\/wp-content\/uploads\/2024\/12\/5-beneficios-do-treino-funcional-para-o-seu-dia-a-dia-300x158.jpg 300w, \/\/almafitness.com.br\/wp-content\/uploads\/2024\/12\/5-beneficios-do-treino-funcional-para-o-seu-dia-a-dia-768x403.jpg 768w, \/\/almafitness.com.br\/wp-content\/uploads\/2024\/12\/5-beneficios-do-treino-funcional-para-o-seu-dia-a-dia.jpg 1200w\" sizes=\"(max-width: 1024px) 100vw, 1024px\" \/>\t\t\t\t\t\t\t\t<\/a>\n\t\t\t\t\t\t\t<\/div>\n\t\t\t\t\t\t\t<div class=\"post-image-mask\">\n\t\t\t\t\t\t\t\t<span><\/span>\n\t\t\t\t\t\t\t<\/div>\n\n\t\t\t\t\t\t\n\t\t\t\t\t<\/figure>\n\t\t\t\t\n\t\t\t\t\t\t\t\t\t\t\t\t<div class=\"post-date wd-post-date wd-style-with-bg\" onclick=\"\">\n\t\t\t\t<span class=\"post-date-day\">\n\t\t\t\t\t02\t\t\t\t<\/span>\n\t\t\t\t<span class=\"post-date-month\">\n\t\t\t\t\tdez\t\t\t\t<\/span>\n\t\t\t<\/div>\n\t\t\t\t\t\t\n\t\t\t<\/header><!-- .entry-header -->\n\n\t\t<div class=\"article-body-container\">\n\t\t\t\n\t\t\t\t\n\t\t\t\t\t\t\t\t\t<h3 class=\"wd-entities-title title post-title\">\n\t\t\t\t\t\t<a href=\"https:\/\/almafitness.com.br\/5-beneficios-do-treino-funcional-para-o-seu-dia-a-dia\/\" rel=\"bookmark\">5 Benef\u00edcios do Treino Funcional para o Seu Dia a Dia<\/a>\n\t\t\t\t\t<\/h3>\n\t\t\t\t\n\t\t\t\t\t\t\t\n\t\t\t\t\t\t\t\n\t\t\t\t                    <div class=\"entry-content wd-entry-content\">\n\t\t\t\t\t\t<p>Descubra como o treino funcional pode transformar sua rotina com for\u00e7a e sa\u00fade.<\/p>\n\n\t\t\t\t\t\t\t\t\t\t\t<\/div><!-- .entry-content -->\n\t\t\t\t\n\t\t\t\t\t\t\t\t\t\t\t\t\t\t<p class=\"read-more-section\">\n\t\t\t\t\t\t<a class=\"btn-read-more more-link\" href=\"https:\/\/almafitness.com.br\/5-beneficios-do-treino-funcional-para-o-seu-dia-a-dia\/\">Continue lendo<\/a>\t\t\t\t\t<\/p>\n\t\t\t\t\t\t\t\t\t\t\t\n\t\t\t\n\t\t\t\t\t<\/div>\n\t<\/div>\n<\/article><!-- #post -->\n\n\n\t\t\t\t\t\t\t\t\t\t\t\n<article id=\"post-38961\" class=\"blog-design-masonry blog-post-loop blog-style-bg wd-add-shadow  col-lg-4 col-md-4 col-sm-6 col-12 post-38961 post type-post status-publish format-standard has-post-thumbnail hentry category-dieta\">\n\t<div class=\"article-inner\">\n\t\t\t\t\t<header class=\"entry-header\">\n\t\t\t\t\t\t\t\t\t\n\t\t\t\t\t<figure id=\"carousel-790\" class=\"entry-thumbnail\" data-owl-carousel data-hide_pagination_control=\"yes\" data-desktop=\"1\" data-tablet=\"1\" data-tablet_landscape=\"1\" data-mobile=\"1\">\n\t\t\t\t\t\t\n\t\t\t\t\t\t\t<div class=\"post-img-wrapp\">\n\t\t\t\t\t\t\t\t<a href=\"https:\/\/almafitness.com.br\/lanche-cetogenico\/\">\n\t\t\t\t\t\t\t\t\t<img width=\"600\" height=\"400\" src=\"https:\/\/almafitness.com.br\/wp-content\/uploads\/2023\/10\/lanche-cetogenico.webp\" class=\"attachment-large size-large\" alt=\"lanche cetogenico\" decoding=\"async\" srcset=\"\/\/almafitness.com.br\/wp-content\/uploads\/2023\/10\/lanche-cetogenico.webp 600w, \/\/almafitness.com.br\/wp-content\/uploads\/2023\/10\/lanche-cetogenico-150x100.webp 150w, \/\/almafitness.com.br\/wp-content\/uploads\/2023\/10\/lanche-cetogenico-300x200.webp 300w\" sizes=\"(max-width: 600px) 100vw, 600px\" \/>\t\t\t\t\t\t\t\t<\/a>\n\t\t\t\t\t\t\t<\/div>\n\t\t\t\t\t\t\t<div class=\"post-image-mask\">\n\t\t\t\t\t\t\t\t<span><\/span>\n\t\t\t\t\t\t\t<\/div>\n\n\t\t\t\t\t\t\n\t\t\t\t\t<\/figure>\n\t\t\t\t\n\t\t\t\t\t\t\t\t\t\t\t\t<div class=\"post-date wd-post-date wd-style-with-bg\" onclick=\"\">\n\t\t\t\t<span class=\"post-date-day\">\n\t\t\t\t\t08\t\t\t\t<\/span>\n\t\t\t\t<span class=\"post-date-month\">\n\t\t\t\t\tset\t\t\t\t<\/span>\n\t\t\t<\/div>\n\t\t\t\t\t\t\n\t\t\t<\/header><!-- .entry-header -->\n\n\t\t<div class=\"article-body-container\">\n\t\t\t\n\t\t\t\t\n\t\t\t\t\t\t\t\t\t<h3 class=\"wd-entities-title title post-title\">\n\t\t\t\t\t\t<a href=\"https:\/\/almafitness.com.br\/lanche-cetogenico\/\" rel=\"bookmark\">Lanche Cetog\u00eanico: Deliciosas op\u00e7\u00f5es para manter a dieta<\/a>\n\t\t\t\t\t<\/h3>\n\t\t\t\t\n\t\t\t\t\t\t\t\n\t\t\t\t\t\t\t\n\t\t\t\t                    <div class=\"entry-content wd-entry-content\">\n\t\t\t\t\t\t<p>Delicioso e saud\u00e1vel, o lanche cetog\u00eanico \u00e9 a op\u00e7\u00e3o perfeita para quem busca uma dieta low carb.<\/p>\n\n\t\t\t\t\t\t\t\t\t\t\t<\/div><!-- .entry-content -->\n\t\t\t\t\n\t\t\t\t\t\t\t\t\t\t\t\t\t\t<p class=\"read-more-section\">\n\t\t\t\t\t\t<a class=\"btn-read-more more-link\" href=\"https:\/\/almafitness.com.br\/lanche-cetogenico\/\">Continue lendo<\/a>\t\t\t\t\t<\/p>\n\t\t\t\t\t\t\t\t\t\t\t\n\t\t\t\n\t\t\t\t\t<\/div>\n\t<\/div>\n<\/article><!-- #post -->\n\n\n\t\t\t\t\t\t\t\t\t\t\t\n<article id=\"post-38954\" class=\"blog-design-masonry blog-post-loop blog-style-bg wd-add-shadow  col-lg-4 col-md-4 col-sm-6 col-12 last  post-38954 post type-post status-publish format-standard has-post-thumbnail hentry category-dieta\">\n\t<div class=\"article-inner\">\n\t\t\t\t\t<header class=\"entry-header\">\n\t\t\t\t\t\t\t\t\t\n\t\t\t\t\t<figure id=\"carousel-599\" class=\"entry-thumbnail\" data-owl-carousel data-hide_pagination_control=\"yes\" data-desktop=\"1\" data-tablet=\"1\" data-tablet_landscape=\"1\" data-mobile=\"1\">\n\t\t\t\t\t\t\n\t\t\t\t\t\t\t<div class=\"post-img-wrapp\">\n\t\t\t\t\t\t\t\t<a href=\"https:\/\/almafitness.com.br\/pequenas-mudancas\/\">\n\t\t\t\t\t\t\t\t\t<img width=\"960\" height=\"540\" src=\"https:\/\/almafitness.com.br\/wp-content\/uploads\/2023\/10\/pequenas-mudancas.webp\" class=\"attachment-large size-large\" alt=\"pequenas mudan\u00e7as\" decoding=\"async\" srcset=\"\/\/almafitness.com.br\/wp-content\/uploads\/2023\/10\/pequenas-mudancas.webp 960w, \/\/almafitness.com.br\/wp-content\/uploads\/2023\/10\/pequenas-mudancas-150x84.webp 150w, \/\/almafitness.com.br\/wp-content\/uploads\/2023\/10\/pequenas-mudancas-300x169.webp 300w, \/\/almafitness.com.br\/wp-content\/uploads\/2023\/10\/pequenas-mudancas-768x432.webp 768w\" sizes=\"(max-width: 960px) 100vw, 960px\" \/>\t\t\t\t\t\t\t\t<\/a>\n\t\t\t\t\t\t\t<\/div>\n\t\t\t\t\t\t\t<div class=\"post-image-mask\">\n\t\t\t\t\t\t\t\t<span><\/span>\n\t\t\t\t\t\t\t<\/div>\n\n\t\t\t\t\t\t\n\t\t\t\t\t<\/figure>\n\t\t\t\t\n\t\t\t\t\t\t\t\t\t\t\t\t<div class=\"post-date wd-post-date wd-style-with-bg\" onclick=\"\">\n\t\t\t\t<span class=\"post-date-day\">\n\t\t\t\t\t07\t\t\t\t<\/span>\n\t\t\t\t<span class=\"post-date-month\">\n\t\t\t\t\tset\t\t\t\t<\/span>\n\t\t\t<\/div>\n\t\t\t\t\t\t\n\t\t\t<\/header><!-- .entry-header -->\n\n\t\t<div class=\"article-body-container\">\n\t\t\t\n\t\t\t\t\n\t\t\t\t\t\t\t\t\t<h3 class=\"wd-entities-title title post-title\">\n\t\t\t\t\t\t<a href=\"https:\/\/almafitness.com.br\/pequenas-mudancas\/\" rel=\"bookmark\">Pequenas Mudan\u00e7as que Podem Fazer Grandes Diferen\u00e7as no seu Dia a Dia<\/a>\n\t\t\t\t\t<\/h3>\n\t\t\t\t\n\t\t\t\t\t\t\t\n\t\t\t\t\t\t\t\n\t\t\t\t                    <div class=\"entry-content wd-entry-content\">\n\t\t\t\t\t\t<p>Transforme sua vida com pequenas mudan\u00e7as di\u00e1rias e conquiste grandes resultados de forma gradual.<\/p>\n\n\t\t\t\t\t\t\t\t\t\t\t<\/div><!-- .entry-content -->\n\t\t\t\t\n\t\t\t\t\t\t\t\t\t\t\t\t\t\t<p class=\"read-more-section\">\n\t\t\t\t\t\t<a class=\"btn-read-more more-link\" href=\"https:\/\/almafitness.com.br\/pequenas-mudancas\/\">Continue lendo<\/a>\t\t\t\t\t<\/p>\n\t\t\t\t\t\t\t\t\t\t\t\n\t\t\t\n\t\t\t\t\t<\/div>\n\t<\/div>\n<\/article><!-- #post -->\n\n\n\t\t\t\t\t\t\t\t\t\t\t\n<article id=\"post-38947\" class=\"blog-design-masonry blog-post-loop blog-style-bg wd-add-shadow  col-lg-4 col-md-4 col-sm-6 col-12 first  post-38947 post type-post status-publish format-standard has-post-thumbnail hentry category-dieta\">\n\t<div class=\"article-inner\">\n\t\t\t\t\t<header class=\"entry-header\">\n\t\t\t\t\t\t\t\t\t\n\t\t\t\t\t<figure id=\"carousel-973\" class=\"entry-thumbnail\" data-owl-carousel data-hide_pagination_control=\"yes\" data-desktop=\"1\" data-tablet=\"1\" data-tablet_landscape=\"1\" data-mobile=\"1\">\n\t\t\t\t\t\t\n\t\t\t\t\t\t\t<div class=\"post-img-wrapp\">\n\t\t\t\t\t\t\t\t<a href=\"https:\/\/almafitness.com.br\/hora-das-refeicoes\/\">\n\t\t\t\t\t\t\t\t\t<img width=\"720\" height=\"480\" src=\"https:\/\/almafitness.com.br\/wp-content\/uploads\/2023\/10\/hora-das-refeicoes.webp\" class=\"attachment-large size-large\" alt=\"hora das refei\u00e7\u00f5es\" decoding=\"async\" srcset=\"\/\/almafitness.com.br\/wp-content\/uploads\/2023\/10\/hora-das-refeicoes.webp 720w, \/\/almafitness.com.br\/wp-content\/uploads\/2023\/10\/hora-das-refeicoes-150x100.webp 150w, \/\/almafitness.com.br\/wp-content\/uploads\/2023\/10\/hora-das-refeicoes-300x200.webp 300w\" sizes=\"(max-width: 720px) 100vw, 720px\" \/>\t\t\t\t\t\t\t\t<\/a>\n\t\t\t\t\t\t\t<\/div>\n\t\t\t\t\t\t\t<div class=\"post-image-mask\">\n\t\t\t\t\t\t\t\t<span><\/span>\n\t\t\t\t\t\t\t<\/div>\n\n\t\t\t\t\t\t\n\t\t\t\t\t<\/figure>\n\t\t\t\t\n\t\t\t\t\t\t\t\t\t\t\t\t<div class=\"post-date wd-post-date wd-style-with-bg\" onclick=\"\">\n\t\t\t\t<span class=\"post-date-day\">\n\t\t\t\t\t07\t\t\t\t<\/span>\n\t\t\t\t<span class=\"post-date-month\">\n\t\t\t\t\tset\t\t\t\t<\/span>\n\t\t\t<\/div>\n\t\t\t\t\t\t\n\t\t\t<\/header><!-- .entry-header -->\n\n\t\t<div class=\"article-body-container\">\n\t\t\t\n\t\t\t\t\n\t\t\t\t\t\t\t\t\t<h3 class=\"wd-entities-title title post-title\">\n\t\t\t\t\t\t<a href=\"https:\/\/almafitness.com.br\/hora-das-refeicoes\/\" rel=\"bookmark\">Descubra a import\u00e2ncia da hora das refei\u00e7\u00f5es<\/a>\n\t\t\t\t\t<\/h3>\n\t\t\t\t\n\t\t\t\t\t\t\t\n\t\t\t\t\t\t\t\n\t\t\t\t                    <div class=\"entry-content wd-entry-content\">\n\t\t\t\t\t\t<p>Durante a hora das refei\u00e7\u00f5es, \u00e9 importante se alimentar de forma saud\u00e1vel e equilibrada para manter a energia e a sa\u00fade.<\/p>\n\n\t\t\t\t\t\t\t\t\t\t\t<\/div><!-- .entry-content -->\n\t\t\t\t\n\t\t\t\t\t\t\t\t\t\t\t\t\t\t<p class=\"read-more-section\">\n\t\t\t\t\t\t<a class=\"btn-read-more more-link\" href=\"https:\/\/almafitness.com.br\/hora-das-refeicoes\/\">Continue lendo<\/a>\t\t\t\t\t<\/p>\n\t\t\t\t\t\t\t\t\t\t\t\n\t\t\t\n\t\t\t\t\t<\/div>\n\t<\/div>\n<\/article><!-- #post -->\n\n\n\t\t\t\t\t\t\t\t\t\t\t\n<article id=\"post-38933\" class=\"blog-design-masonry blog-post-loop blog-style-bg wd-add-shadow  col-lg-4 col-md-4 col-sm-6 col-12 post-38933 post type-post status-publish format-standard has-post-thumbnail hentry category-dieta\">\n\t<div class=\"article-inner\">\n\t\t\t\t\t<header class=\"entry-header\">\n\t\t\t\t\t\t\t\t\t\n\t\t\t\t\t<figure id=\"carousel-537\" class=\"entry-thumbnail\" data-owl-carousel data-hide_pagination_control=\"yes\" data-desktop=\"1\" data-tablet=\"1\" data-tablet_landscape=\"1\" data-mobile=\"1\">\n\t\t\t\t\t\t\n\t\t\t\t\t\t\t<div class=\"post-img-wrapp\">\n\t\t\t\t\t\t\t\t<a href=\"https:\/\/almafitness.com.br\/panqueca-combina-com-que\/\">\n\t\t\t\t\t\t\t\t\t<img width=\"840\" height=\"630\" src=\"https:\/\/almafitness.com.br\/wp-content\/uploads\/2023\/10\/panqueca-combina-com-que.webp\" class=\"attachment-large size-large\" alt=\"panqueca combina com que\" decoding=\"async\" srcset=\"\/\/almafitness.com.br\/wp-content\/uploads\/2023\/10\/panqueca-combina-com-que.webp 840w, \/\/almafitness.com.br\/wp-content\/uploads\/2023\/10\/panqueca-combina-com-que-150x113.webp 150w, \/\/almafitness.com.br\/wp-content\/uploads\/2023\/10\/panqueca-combina-com-que-300x225.webp 300w, \/\/almafitness.com.br\/wp-content\/uploads\/2023\/10\/panqueca-combina-com-que-768x576.webp 768w\" sizes=\"(max-width: 840px) 100vw, 840px\" \/>\t\t\t\t\t\t\t\t<\/a>\n\t\t\t\t\t\t\t<\/div>\n\t\t\t\t\t\t\t<div class=\"post-image-mask\">\n\t\t\t\t\t\t\t\t<span><\/span>\n\t\t\t\t\t\t\t<\/div>\n\n\t\t\t\t\t\t\n\t\t\t\t\t<\/figure>\n\t\t\t\t\n\t\t\t\t\t\t\t\t\t\t\t\t<div class=\"post-date wd-post-date wd-style-with-bg\" onclick=\"\">\n\t\t\t\t<span class=\"post-date-day\">\n\t\t\t\t\t06\t\t\t\t<\/span>\n\t\t\t\t<span class=\"post-date-month\">\n\t\t\t\t\tset\t\t\t\t<\/span>\n\t\t\t<\/div>\n\t\t\t\t\t\t\n\t\t\t<\/header><!-- .entry-header -->\n\n\t\t<div class=\"article-body-container\">\n\t\t\t\n\t\t\t\t\n\t\t\t\t\t\t\t\t\t<h3 class=\"wd-entities-title title post-title\">\n\t\t\t\t\t\t<a href=\"https:\/\/almafitness.com.br\/panqueca-combina-com-que\/\" rel=\"bookmark\">Descubra com o que panqueca combina e surpreenda seu paladar<\/a>\n\t\t\t\t\t<\/h3>\n\t\t\t\t\n\t\t\t\t\t\t\t\n\t\t\t\t\t\t\t\n\t\t\t\t                    <div class=\"entry-content wd-entry-content\">\n\t\t\t\t\t\t<p>Panqueca \u00e9 um prato delicioso e vers\u00e1til que combina com recheios doces ou salgados. Experimente!<\/p>\n\n\t\t\t\t\t\t\t\t\t\t\t<\/div><!-- .entry-content -->\n\t\t\t\t\n\t\t\t\t\t\t\t\t\t\t\t\t\t\t<p class=\"read-more-section\">\n\t\t\t\t\t\t<a class=\"btn-read-more more-link\" href=\"https:\/\/almafitness.com.br\/panqueca-combina-com-que\/\">Continue lendo<\/a>\t\t\t\t\t<\/p>\n\t\t\t\t\t\t\t\t\t\t\t\n\t\t\t\n\t\t\t\t\t<\/div>\n\t<\/div>\n<\/article><!-- #post -->\n\n\n\t\t\t\t\t\t\t\t\t\t\t\n<article id=\"post-38926\" class=\"blog-design-masonry blog-post-loop blog-style-bg wd-add-shadow  col-lg-4 col-md-4 col-sm-6 col-12 last  post-38926 post type-post status-publish format-standard has-post-thumbnail hentry category-dieta\">\n\t<div class=\"article-inner\">\n\t\t\t\t\t<header class=\"entry-header\">\n\t\t\t\t\t\t\t\t\t\n\t\t\t\t\t<figure id=\"carousel-836\" class=\"entry-thumbnail\" data-owl-carousel data-hide_pagination_control=\"yes\" data-desktop=\"1\" data-tablet=\"1\" data-tablet_landscape=\"1\" data-mobile=\"1\">\n\t\t\t\t\t\t\n\t\t\t\t\t\t\t<div class=\"post-img-wrapp\">\n\t\t\t\t\t\t\t\t<a href=\"https:\/\/almafitness.com.br\/coisas-fitness-para-comer\/\">\n\t\t\t\t\t\t\t\t\t<img width=\"1024\" height=\"576\" src=\"https:\/\/almafitness.com.br\/wp-content\/uploads\/2023\/10\/coisas-fitness-para-comer-1024x576.webp\" class=\"attachment-large size-large\" alt=\"coisas fitness para comer\" decoding=\"async\" srcset=\"\/\/almafitness.com.br\/wp-content\/uploads\/2023\/10\/coisas-fitness-para-comer-1024x576.webp 1024w, \/\/almafitness.com.br\/wp-content\/uploads\/2023\/10\/coisas-fitness-para-comer-150x84.webp 150w, \/\/almafitness.com.br\/wp-content\/uploads\/2023\/10\/coisas-fitness-para-comer-300x169.webp 300w, \/\/almafitness.com.br\/wp-content\/uploads\/2023\/10\/coisas-fitness-para-comer-768x432.webp 768w, \/\/almafitness.com.br\/wp-content\/uploads\/2023\/10\/coisas-fitness-para-comer.webp 1120w\" sizes=\"(max-width: 1024px) 100vw, 1024px\" \/>\t\t\t\t\t\t\t\t<\/a>\n\t\t\t\t\t\t\t<\/div>\n\t\t\t\t\t\t\t<div class=\"post-image-mask\">\n\t\t\t\t\t\t\t\t<span><\/span>\n\t\t\t\t\t\t\t<\/div>\n\n\t\t\t\t\t\t\n\t\t\t\t\t<\/figure>\n\t\t\t\t\n\t\t\t\t\t\t\t\t\t\t\t\t<div class=\"post-date wd-post-date wd-style-with-bg\" onclick=\"\">\n\t\t\t\t<span class=\"post-date-day\">\n\t\t\t\t\t06\t\t\t\t<\/span>\n\t\t\t\t<span class=\"post-date-month\">\n\t\t\t\t\tset\t\t\t\t<\/span>\n\t\t\t<\/div>\n\t\t\t\t\t\t\n\t\t\t<\/header><!-- .entry-header -->\n\n\t\t<div class=\"article-body-container\">\n\t\t\t\n\t\t\t\t\n\t\t\t\t\t\t\t\t\t<h3 class=\"wd-entities-title title post-title\">\n\t\t\t\t\t\t<a href=\"https:\/\/almafitness.com.br\/coisas-fitness-para-comer\/\" rel=\"bookmark\">Descubra as 10 melhores coisas fitness para comer<\/a>\n\t\t\t\t\t<\/h3>\n\t\t\t\t\n\t\t\t\t\t\t\t\n\t\t\t\t\t\t\t\n\t\t\t\t                    <div class=\"entry-content wd-entry-content\">\n\t\t\t\t\t\t<p>Descubra 15 op\u00e7\u00f5es saud\u00e1veis e saborosas de coisas fitness para comer e manter seu corpo em forma!<\/p>\n\n\t\t\t\t\t\t\t\t\t\t\t<\/div><!-- .entry-content -->\n\t\t\t\t\n\t\t\t\t\t\t\t\t\t\t\t\t\t\t<p class=\"read-more-section\">\n\t\t\t\t\t\t<a class=\"btn-read-more more-link\" href=\"https:\/\/almafitness.com.br\/coisas-fitness-para-comer\/\">Continue lendo<\/a>\t\t\t\t\t<\/p>\n\t\t\t\t\t\t\t\t\t\t\t\n\t\t\t\n\t\t\t\t\t<\/div>\n\t<\/div>\n<\/article><!-- #post -->\n\n\n\t\t\t\t\t\t\t\t\t\t\t\n<article id=\"post-38905\" class=\"blog-design-masonry blog-post-loop blog-style-bg wd-add-shadow  col-lg-4 col-md-4 col-sm-6 col-12 first  post-38905 post type-post status-publish format-standard has-post-thumbnail hentry category-dieta\">\n\t<div class=\"article-inner\">\n\t\t\t\t\t<header class=\"entry-header\">\n\t\t\t\t\t\t\t\t\t\n\t\t\t\t\t<figure id=\"carousel-172\" class=\"entry-thumbnail\" data-owl-carousel data-hide_pagination_control=\"yes\" data-desktop=\"1\" data-tablet=\"1\" data-tablet_landscape=\"1\" data-mobile=\"1\">\n\t\t\t\t\t\t\n\t\t\t\t\t\t\t<div class=\"post-img-wrapp\">\n\t\t\t\t\t\t\t\t<a href=\"https:\/\/almafitness.com.br\/bem-estar-fitness\/\">\n\t\t\t\t\t\t\t\t\t<img width=\"800\" height=\"600\" src=\"https:\/\/almafitness.com.br\/wp-content\/uploads\/2023\/10\/bem-estar-fitness.webp\" class=\"attachment-large size-large\" alt=\"bem estar fitness\" decoding=\"async\" srcset=\"\/\/almafitness.com.br\/wp-content\/uploads\/2023\/10\/bem-estar-fitness.webp 800w, \/\/almafitness.com.br\/wp-content\/uploads\/2023\/10\/bem-estar-fitness-150x113.webp 150w, \/\/almafitness.com.br\/wp-content\/uploads\/2023\/10\/bem-estar-fitness-300x225.webp 300w, \/\/almafitness.com.br\/wp-content\/uploads\/2023\/10\/bem-estar-fitness-768x576.webp 768w\" sizes=\"(max-width: 800px) 100vw, 800px\" \/>\t\t\t\t\t\t\t\t<\/a>\n\t\t\t\t\t\t\t<\/div>\n\t\t\t\t\t\t\t<div class=\"post-image-mask\">\n\t\t\t\t\t\t\t\t<span><\/span>\n\t\t\t\t\t\t\t<\/div>\n\n\t\t\t\t\t\t\n\t\t\t\t\t<\/figure>\n\t\t\t\t\n\t\t\t\t\t\t\t\t\t\t\t\t<div class=\"post-date wd-post-date wd-style-with-bg\" onclick=\"\">\n\t\t\t\t<span class=\"post-date-day\">\n\t\t\t\t\t05\t\t\t\t<\/span>\n\t\t\t\t<span class=\"post-date-month\">\n\t\t\t\t\tset\t\t\t\t<\/span>\n\t\t\t<\/div>\n\t\t\t\t\t\t\n\t\t\t<\/header><!-- .entry-header -->\n\n\t\t<div class=\"article-body-container\">\n\t\t\t\n\t\t\t\t\n\t\t\t\t\t\t\t\t\t<h3 class=\"wd-entities-title title post-title\">\n\t\t\t\t\t\t<a href=\"https:\/\/almafitness.com.br\/bem-estar-fitness\/\" rel=\"bookmark\">Transforme sua rotina com o bem estar fitness: dicas incr\u00edveis!<\/a>\n\t\t\t\t\t<\/h3>\n\t\t\t\t\n\t\t\t\t\t\t\t\n\t\t\t\t\t\t\t\n\t\t\t\t                    <div class=\"entry-content wd-entry-content\">\n\t\t\t\t\t\t<p>Melhore sua qualidade de vida e sa\u00fade com as pr\u00e1ticas de bem estar fitness dispon\u00edveis.<\/p>\n\n\t\t\t\t\t\t\t\t\t\t\t<\/div><!-- .entry-content -->\n\t\t\t\t\n\t\t\t\t\t\t\t\t\t\t\t\t\t\t<p class=\"read-more-section\">\n\t\t\t\t\t\t<a class=\"btn-read-more more-link\" href=\"https:\/\/almafitness.com.br\/bem-estar-fitness\/\">Continue lendo<\/a>\t\t\t\t\t<\/p>\n\t\t\t\t\t\t\t\t\t\t\t\n\t\t\t\n\t\t\t\t\t<\/div>\n\t<\/div>\n<\/article><!-- #post -->\n\n\n\t\t\t\t\t\t\t\t\t\t\t\n<article id=\"post-38898\" class=\"blog-design-masonry blog-post-loop blog-style-bg wd-add-shadow  col-lg-4 col-md-4 col-sm-6 col-12 post-38898 post type-post status-publish format-standard has-post-thumbnail hentry category-dieta\">\n\t<div class=\"article-inner\">\n\t\t\t\t\t<header class=\"entry-header\">\n\t\t\t\t\t\t\t\t\t\n\t\t\t\t\t<figure id=\"carousel-138\" class=\"entry-thumbnail\" data-owl-carousel data-hide_pagination_control=\"yes\" data-desktop=\"1\" data-tablet=\"1\" data-tablet_landscape=\"1\" data-mobile=\"1\">\n\t\t\t\t\t\t\n\t\t\t\t\t\t\t<div class=\"post-img-wrapp\">\n\t\t\t\t\t\t\t\t<a href=\"https:\/\/almafitness.com.br\/receita-de-abobora-assada-2\/\">\n\t\t\t\t\t\t\t\t\t<img width=\"1019\" height=\"630\" src=\"https:\/\/almafitness.com.br\/wp-content\/uploads\/2023\/10\/receita-de-abobora-assada-1.webp\" class=\"attachment-large size-large\" alt=\"receita de abobora assada\" decoding=\"async\" srcset=\"\/\/almafitness.com.br\/wp-content\/uploads\/2023\/10\/receita-de-abobora-assada-1.webp 1019w, \/\/almafitness.com.br\/wp-content\/uploads\/2023\/10\/receita-de-abobora-assada-1-150x93.webp 150w, \/\/almafitness.com.br\/wp-content\/uploads\/2023\/10\/receita-de-abobora-assada-1-300x185.webp 300w, \/\/almafitness.com.br\/wp-content\/uploads\/2023\/10\/receita-de-abobora-assada-1-768x475.webp 768w\" sizes=\"(max-width: 1019px) 100vw, 1019px\" \/>\t\t\t\t\t\t\t\t<\/a>\n\t\t\t\t\t\t\t<\/div>\n\t\t\t\t\t\t\t<div class=\"post-image-mask\">\n\t\t\t\t\t\t\t\t<span><\/span>\n\t\t\t\t\t\t\t<\/div>\n\n\t\t\t\t\t\t\n\t\t\t\t\t<\/figure>\n\t\t\t\t\n\t\t\t\t\t\t\t\t\t\t\t\t<div class=\"post-date wd-post-date wd-style-with-bg\" onclick=\"\">\n\t\t\t\t<span class=\"post-date-day\">\n\t\t\t\t\t05\t\t\t\t<\/span>\n\t\t\t\t<span class=\"post-date-month\">\n\t\t\t\t\tset\t\t\t\t<\/span>\n\t\t\t<\/div>\n\t\t\t\t\t\t\n\t\t\t<\/header><!-- .entry-header -->\n\n\t\t<div class=\"article-body-container\">\n\t\t\t\n\t\t\t\t\n\t\t\t\t\t\t\t\t\t<h3 class=\"wd-entities-title title post-title\">\n\t\t\t\t\t\t<a href=\"https:\/\/almafitness.com.br\/receita-de-abobora-assada-2\/\" rel=\"bookmark\">Receita de Ab\u00f3bora Assada: Prato saud\u00e1vel e saboroso<\/a>\n\t\t\t\t\t<\/h3>\n\t\t\t\t\n\t\t\t\t\t\t\t\n\t\t\t\t\t\t\t\n\t\t\t\t                    <div class=\"entry-content wd-entry-content\">\n\t\t\t\t\t\t<p>Deliciosa receita de ab\u00f3bora assada com temperos especiais e queijo derretido para saborear em fam\u00edlia.<\/p>\n\n\t\t\t\t\t\t\t\t\t\t\t<\/div><!-- .entry-content -->\n\t\t\t\t\n\t\t\t\t\t\t\t\t\t\t\t\t\t\t<p class=\"read-more-section\">\n\t\t\t\t\t\t<a class=\"btn-read-more more-link\" href=\"https:\/\/almafitness.com.br\/receita-de-abobora-assada-2\/\">Continue lendo<\/a>\t\t\t\t\t<\/p>\n\t\t\t\t\t\t\t\t\t\t\t\n\t\t\t\n\t\t\t\t\t<\/div>\n\t<\/div>\n<\/article><!-- #post -->\n\n\n\t\t\t\t\t\t\t\t\t\t\t\n<article id=\"post-38884\" class=\"blog-design-masonry blog-post-loop blog-style-bg wd-add-shadow  col-lg-4 col-md-4 col-sm-6 col-12 last  post-38884 post type-post status-publish format-standard has-post-thumbnail hentry category-dieta\">\n\t<div class=\"article-inner\">\n\t\t\t\t\t<header class=\"entry-header\">\n\t\t\t\t\t\t\t\t\t\n\t\t\t\t\t<figure id=\"carousel-822\" class=\"entry-thumbnail\" data-owl-carousel data-hide_pagination_control=\"yes\" data-desktop=\"1\" data-tablet=\"1\" data-tablet_landscape=\"1\" data-mobile=\"1\">\n\t\t\t\t\t\t\n\t\t\t\t\t\t\t<div class=\"post-img-wrapp\">\n\t\t\t\t\t\t\t\t<a href=\"https:\/\/almafitness.com.br\/mousse-de-chocolate-low-carb\/\">\n\t\t\t\t\t\t\t\t\t<img width=\"840\" height=\"630\" src=\"https:\/\/almafitness.com.br\/wp-content\/uploads\/2023\/10\/mousse-de-chocolate-low-carb.webp\" class=\"attachment-large size-large\" alt=\"mousse de chocolate low carb\" decoding=\"async\" srcset=\"\/\/almafitness.com.br\/wp-content\/uploads\/2023\/10\/mousse-de-chocolate-low-carb.webp 840w, \/\/almafitness.com.br\/wp-content\/uploads\/2023\/10\/mousse-de-chocolate-low-carb-150x113.webp 150w, \/\/almafitness.com.br\/wp-content\/uploads\/2023\/10\/mousse-de-chocolate-low-carb-300x225.webp 300w, \/\/almafitness.com.br\/wp-content\/uploads\/2023\/10\/mousse-de-chocolate-low-carb-768x576.webp 768w\" sizes=\"(max-width: 840px) 100vw, 840px\" \/>\t\t\t\t\t\t\t\t<\/a>\n\t\t\t\t\t\t\t<\/div>\n\t\t\t\t\t\t\t<div class=\"post-image-mask\">\n\t\t\t\t\t\t\t\t<span><\/span>\n\t\t\t\t\t\t\t<\/div>\n\n\t\t\t\t\t\t\n\t\t\t\t\t<\/figure>\n\t\t\t\t\n\t\t\t\t\t\t\t\t\t\t\t\t<div class=\"post-date wd-post-date wd-style-with-bg\" onclick=\"\">\n\t\t\t\t<span class=\"post-date-day\">\n\t\t\t\t\t04\t\t\t\t<\/span>\n\t\t\t\t<span class=\"post-date-month\">\n\t\t\t\t\tset\t\t\t\t<\/span>\n\t\t\t<\/div>\n\t\t\t\t\t\t\n\t\t\t<\/header><!-- .entry-header -->\n\n\t\t<div class=\"article-body-container\">\n\t\t\t\n\t\t\t\t\n\t\t\t\t\t\t\t\t\t<h3 class=\"wd-entities-title title post-title\">\n\t\t\t\t\t\t<a href=\"https:\/\/almafitness.com.br\/mousse-de-chocolate-low-carb\/\" rel=\"bookmark\">Delicioso Mousse de Chocolate Low Carb: A Receita Perfeita!<\/a>\n\t\t\t\t\t<\/h3>\n\t\t\t\t\n\t\t\t\t\t\t\t\n\t\t\t\t\t\t\t\n\t\t\t\t                    <div class=\"entry-content wd-entry-content\">\n\t\t\t\t\t\t<p>Mousse de chocolate delicioso e saud\u00e1vel, perfeito para quem segue uma dieta com baixo teor de carboidratos.<\/p>\n\n\t\t\t\t\t\t\t\t\t\t\t<\/div><!-- .entry-content -->\n\t\t\t\t\n\t\t\t\t\t\t\t\t\t\t\t\t\t\t<p class=\"read-more-section\">\n\t\t\t\t\t\t<a class=\"btn-read-more more-link\" href=\"https:\/\/almafitness.com.br\/mousse-de-chocolate-low-carb\/\">Continue lendo<\/a>\t\t\t\t\t<\/p>\n\t\t\t\t\t\t\t\t\t\t\t\n\t\t\t\n\t\t\t\t\t<\/div>\n\t<\/div>\n<\/article><!-- #post -->\n\n\n\t\t\t\t\t\t\t\t\t\t\t\n<article id=\"post-38877\" class=\"blog-design-masonry blog-post-loop blog-style-bg wd-add-shadow  col-lg-4 col-md-4 col-sm-6 col-12 first  post-38877 post type-post status-publish format-standard has-post-thumbnail hentry category-dieta\">\n\t<div class=\"article-inner\">\n\t\t\t\t\t<header class=\"entry-header\">\n\t\t\t\t\t\t\t\t\t\n\t\t\t\t\t<figure id=\"carousel-462\" class=\"entry-thumbnail\" data-owl-carousel data-hide_pagination_control=\"yes\" data-desktop=\"1\" data-tablet=\"1\" data-tablet_landscape=\"1\" data-mobile=\"1\">\n\t\t\t\t\t\t\n\t\t\t\t\t\t\t<div class=\"post-img-wrapp\">\n\t\t\t\t\t\t\t\t<a href=\"https:\/\/almafitness.com.br\/como-desinchar-o-corpo-rapido\/\">\n\t\t\t\t\t\t\t\t\t<img width=\"720\" height=\"520\" src=\"https:\/\/almafitness.com.br\/wp-content\/uploads\/2023\/10\/como-desinchar-o-corpo-rapido.webp\" class=\"attachment-large size-large\" alt=\"como desinchar o corpo rapido\" decoding=\"async\" srcset=\"\/\/almafitness.com.br\/wp-content\/uploads\/2023\/10\/como-desinchar-o-corpo-rapido.webp 720w, \/\/almafitness.com.br\/wp-content\/uploads\/2023\/10\/como-desinchar-o-corpo-rapido-150x108.webp 150w, \/\/almafitness.com.br\/wp-content\/uploads\/2023\/10\/como-desinchar-o-corpo-rapido-300x217.webp 300w\" sizes=\"(max-width: 720px) 100vw, 720px\" \/>\t\t\t\t\t\t\t\t<\/a>\n\t\t\t\t\t\t\t<\/div>\n\t\t\t\t\t\t\t<div class=\"post-image-mask\">\n\t\t\t\t\t\t\t\t<span><\/span>\n\t\t\t\t\t\t\t<\/div>\n\n\t\t\t\t\t\t\n\t\t\t\t\t<\/figure>\n\t\t\t\t\n\t\t\t\t\t\t\t\t\t\t\t\t<div class=\"post-date wd-post-date wd-style-with-bg\" onclick=\"\">\n\t\t\t\t<span class=\"post-date-day\">\n\t\t\t\t\t04\t\t\t\t<\/span>\n\t\t\t\t<span class=\"post-date-month\">\n\t\t\t\t\tset\t\t\t\t<\/span>\n\t\t\t<\/div>\n\t\t\t\t\t\t\n\t\t\t<\/header><!-- .entry-header -->\n\n\t\t<div class=\"article-body-container\">\n\t\t\t\n\t\t\t\t\n\t\t\t\t\t\t\t\t\t<h3 class=\"wd-entities-title title post-title\">\n\t\t\t\t\t\t<a href=\"https:\/\/almafitness.com.br\/como-desinchar-o-corpo-rapido\/\" rel=\"bookmark\">Como desinchar o corpo r\u00e1pido: dicas essenciais<\/a>\n\t\t\t\t\t<\/h3>\n\t\t\t\t\n\t\t\t\t\t\t\t\n\t\t\t\t\t\t\t\n\t\t\t\t                    <div class=\"entry-content wd-entry-content\">\n\t\t\t\t\t\t<p>Descubra como desinchar o corpo r\u00e1pido com dicas pr\u00e1ticas e eficazes para uma sensa\u00e7\u00e3o de leveza e bem-estar.<\/p>\n\n\t\t\t\t\t\t\t\t\t\t\t<\/div><!-- .entry-content -->\n\t\t\t\t\n\t\t\t\t\t\t\t\t\t\t\t\t\t\t<p class=\"read-more-section\">\n\t\t\t\t\t\t<a class=\"btn-read-more more-link\" href=\"https:\/\/almafitness.com.br\/como-desinchar-o-corpo-rapido\/\">Continue lendo<\/a>\t\t\t\t\t<\/p>\n\t\t\t\t\t\t\t\t\t\t\t\n\t\t\t\n\t\t\t\t\t<\/div>\n\t<\/div>\n<\/article><!-- #post -->\n\n\n\t\t\t\t\t\t\t\t\t\t\t\n<article id=\"post-38849\" class=\"blog-design-masonry blog-post-loop blog-style-bg wd-add-shadow  col-lg-4 col-md-4 col-sm-6 col-12 post-38849 post type-post status-publish format-standard has-post-thumbnail hentry category-dieta\">\n\t<div class=\"article-inner\">\n\t\t\t\t\t<header class=\"entry-header\">\n\t\t\t\t\t\t\t\t\t\n\t\t\t\t\t<figure id=\"carousel-708\" class=\"entry-thumbnail\" data-owl-carousel data-hide_pagination_control=\"yes\" data-desktop=\"1\" data-tablet=\"1\" data-tablet_landscape=\"1\" data-mobile=\"1\">\n\t\t\t\t\t\t\n\t\t\t\t\t\t\t<div class=\"post-img-wrapp\">\n\t\t\t\t\t\t\t\t<a href=\"https:\/\/almafitness.com.br\/alimentacao-que-emagrece-rapido\/\">\n\t\t\t\t\t\t\t\t\t<img width=\"1024\" height=\"418\" src=\"https:\/\/almafitness.com.br\/wp-content\/uploads\/2023\/10\/alimentacao-que-emagrece-rapido-1024x418.webp\" class=\"attachment-large size-large\" alt=\"alimenta\u00e7\u00e3o que emagrece r\u00e1pido\" decoding=\"async\" srcset=\"\/\/almafitness.com.br\/wp-content\/uploads\/2023\/10\/alimentacao-que-emagrece-rapido-1024x418.webp 1024w, \/\/almafitness.com.br\/wp-content\/uploads\/2023\/10\/alimentacao-que-emagrece-rapido-150x61.webp 150w, \/\/almafitness.com.br\/wp-content\/uploads\/2023\/10\/alimentacao-que-emagrece-rapido-300x122.webp 300w, \/\/almafitness.com.br\/wp-content\/uploads\/2023\/10\/alimentacao-que-emagrece-rapido-768x313.webp 768w, \/\/almafitness.com.br\/wp-content\/uploads\/2023\/10\/alimentacao-que-emagrece-rapido.webp 1140w\" sizes=\"(max-width: 1024px) 100vw, 1024px\" \/>\t\t\t\t\t\t\t\t<\/a>\n\t\t\t\t\t\t\t<\/div>\n\t\t\t\t\t\t\t<div class=\"post-image-mask\">\n\t\t\t\t\t\t\t\t<span><\/span>\n\t\t\t\t\t\t\t<\/div>\n\n\t\t\t\t\t\t\n\t\t\t\t\t<\/figure>\n\t\t\t\t\n\t\t\t\t\t\t\t\t\t\t\t\t<div class=\"post-date wd-post-date wd-style-with-bg\" onclick=\"\">\n\t\t\t\t<span class=\"post-date-day\">\n\t\t\t\t\t02\t\t\t\t<\/span>\n\t\t\t\t<span class=\"post-date-month\">\n\t\t\t\t\tset\t\t\t\t<\/span>\n\t\t\t<\/div>\n\t\t\t\t\t\t\n\t\t\t<\/header><!-- .entry-header -->\n\n\t\t<div class=\"article-body-container\">\n\t\t\t\n\t\t\t\t\n\t\t\t\t\t\t\t\t\t<h3 class=\"wd-entities-title title post-title\">\n\t\t\t\t\t\t<a href=\"https:\/\/almafitness.com.br\/alimentacao-que-emagrece-rapido\/\" rel=\"bookmark\">Descubra a dieta ideal: alimenta\u00e7\u00e3o que emagrece r\u00e1pido<\/a>\n\t\t\t\t\t<\/h3>\n\t\t\t\t\n\t\t\t\t\t\t\t\n\t\t\t\t\t\t\t\n\t\t\t\t                    <div class=\"entry-content wd-entry-content\">\n\t\t\t\t\t\t<p>Descubra os segredos da alimenta\u00e7\u00e3o que emagrece r\u00e1pido e conquiste o corpo dos seus sonhos!<\/p>\n\n\t\t\t\t\t\t\t\t\t\t\t<\/div><!-- .entry-content -->\n\t\t\t\t\n\t\t\t\t\t\t\t\t\t\t\t\t\t\t<p class=\"read-more-section\">\n\t\t\t\t\t\t<a class=\"btn-read-more more-link\" href=\"https:\/\/almafitness.com.br\/alimentacao-que-emagrece-rapido\/\">Continue lendo<\/a>\t\t\t\t\t<\/p>\n\t\t\t\t\t\t\t\t\t\t\t\n\t\t\t\n\t\t\t\t\t<\/div>\n\t<\/div>\n<\/article><!-- #post -->\n\n\n\t\t\t\t\t\n\t\t\t\t\t","status":"have-posts","nextPage":"https:\/\/almafitness.com.br\/blog\/page\/3\/?woo_ajax=1","currentPage":"https:\/\/almafitness.com.br\/blog\/page\/2"}