
			
				
				
					
				

			
		{"items":"\n\t\t\t\t\t\t\t\t\t\t\t\n<article id=\"post-20221\" class=\"blog-design-masonry blog-post-loop blog-style-bg wd-add-shadow  col-lg-4 col-md-4 col-sm-6 col-12 post-20221 post type-post status-publish format-standard has-post-thumbnail hentry category-corrida-e-caminhada\">\n\t<div class=\"article-inner\">\n\t\t\t\t\t<header class=\"entry-header\">\n\t\t\t\t\t\t\t\t\t\n\t\t\t\t\t<figure id=\"carousel-305\" class=\"entry-thumbnail\" data-owl-carousel data-hide_pagination_control=\"yes\" data-desktop=\"1\" data-tablet=\"1\" data-tablet_landscape=\"1\" data-mobile=\"1\">\n\t\t\t\t\t\t\n\t\t\t\t\t\t\t<div class=\"post-img-wrapp\">\n\t\t\t\t\t\t\t\t<a href=\"https:\/\/almafitness.com.br\/caminhada-civica\/\">\n\t\t\t\t\t\t\t\t\t<img width=\"945\" height=\"630\" src=\"https:\/\/almafitness.com.br\/wp-content\/uploads\/2023\/10\/caminhada-civica.webp\" class=\"attachment-large size-large\" alt=\"caminhada c\u00edvica\" decoding=\"async\" srcset=\"\/\/almafitness.com.br\/wp-content\/uploads\/2023\/10\/caminhada-civica.webp 945w, \/\/almafitness.com.br\/wp-content\/uploads\/2023\/10\/caminhada-civica-150x100.webp 150w, \/\/almafitness.com.br\/wp-content\/uploads\/2023\/10\/caminhada-civica-300x200.webp 300w, \/\/almafitness.com.br\/wp-content\/uploads\/2023\/10\/caminhada-civica-768x512.webp 768w\" sizes=\"(max-width: 945px) 100vw, 945px\" \/>\t\t\t\t\t\t\t\t<\/a>\n\t\t\t\t\t\t\t<\/div>\n\t\t\t\t\t\t\t<div class=\"post-image-mask\">\n\t\t\t\t\t\t\t\t<span><\/span>\n\t\t\t\t\t\t\t<\/div>\n\n\t\t\t\t\t\t\n\t\t\t\t\t<\/figure>\n\t\t\t\t\n\t\t\t\t\t\t\t\t\t\t\t\t<div class=\"post-date wd-post-date wd-style-with-bg\" onclick=\"\">\n\t\t\t\t<span class=\"post-date-day\">\n\t\t\t\t\t15\t\t\t\t<\/span>\n\t\t\t\t<span class=\"post-date-month\">\n\t\t\t\t\tjun\t\t\t\t<\/span>\n\t\t\t<\/div>\n\t\t\t\t\t\t\n\t\t\t<\/header><!-- .entry-header -->\n\n\t\t<div class=\"article-body-container\">\n\t\t\t\n\t\t\t\t\n\t\t\t\t\t\t\t\t\t<h3 class=\"wd-entities-title title post-title\">\n\t\t\t\t\t\t<a href=\"https:\/\/almafitness.com.br\/caminhada-civica\/\" rel=\"bookmark\">Descubra a import\u00e2ncia da caminhada c\u00edvica: uma jornada pela cidadania.<\/a>\n\t\t\t\t\t<\/h3>\n\t\t\t\t\n\t\t\t\t\t\t\t\n\t\t\t\t\t\t\t\n\t\t\t\t                    <div class=\"entry-content wd-entry-content\">\n\t\t\t\t\t\t<p>Uma caminhada c\u00edvica \u00e9 uma manifesta\u00e7\u00e3o pac\u00edfica que busca promover a consci\u00eancia e o engajamento pol\u00edtico.<\/p>\n\n\t\t\t\t\t\t\t\t\t\t\t<\/div><!-- .entry-content -->\n\t\t\t\t\n\t\t\t\t\t\t\t\t\t\t\t\t\t\t<p class=\"read-more-section\">\n\t\t\t\t\t\t<a class=\"btn-read-more more-link\" href=\"https:\/\/almafitness.com.br\/caminhada-civica\/\">Continue lendo<\/a>\t\t\t\t\t<\/p>\n\t\t\t\t\t\t\t\t\t\t\t\n\t\t\t\n\t\t\t\t\t<\/div>\n\t<\/div>\n<\/article><!-- #post -->\n\n\n\t\t\t\t\t\t\t\t\t\t\t\n<article id=\"post-20196\" class=\"blog-design-masonry blog-post-loop blog-style-bg wd-add-shadow  col-lg-4 col-md-4 col-sm-6 col-12 first  post-20196 post type-post status-publish format-standard has-post-thumbnail hentry category-corrida-e-caminhada\">\n\t<div class=\"article-inner\">\n\t\t\t\t\t<header class=\"entry-header\">\n\t\t\t\t\t\t\t\t\t\n\t\t\t\t\t<figure id=\"carousel-404\" class=\"entry-thumbnail\" data-owl-carousel data-hide_pagination_control=\"yes\" data-desktop=\"1\" data-tablet=\"1\" data-tablet_landscape=\"1\" data-mobile=\"1\">\n\t\t\t\t\t\t\n\t\t\t\t\t\t\t<div class=\"post-img-wrapp\">\n\t\t\t\t\t\t\t\t<a href=\"https:\/\/almafitness.com.br\/caminhada-abaixa-a-pressao\/\">\n\t\t\t\t\t\t\t\t\t<img width=\"540\" height=\"540\" src=\"https:\/\/almafitness.com.br\/wp-content\/uploads\/2023\/10\/caminhada-abaixa-a-pressao.webp\" class=\"attachment-large size-large\" alt=\"caminhada abaixa a press\u00e3o\" decoding=\"async\" srcset=\"\/\/almafitness.com.br\/wp-content\/uploads\/2023\/10\/caminhada-abaixa-a-pressao.webp 540w, \/\/almafitness.com.br\/wp-content\/uploads\/2023\/10\/caminhada-abaixa-a-pressao-150x150.webp 150w, \/\/almafitness.com.br\/wp-content\/uploads\/2023\/10\/caminhada-abaixa-a-pressao-300x300.webp 300w\" sizes=\"(max-width: 540px) 100vw, 540px\" \/>\t\t\t\t\t\t\t\t<\/a>\n\t\t\t\t\t\t\t<\/div>\n\t\t\t\t\t\t\t<div class=\"post-image-mask\">\n\t\t\t\t\t\t\t\t<span><\/span>\n\t\t\t\t\t\t\t<\/div>\n\n\t\t\t\t\t\t\n\t\t\t\t\t<\/figure>\n\t\t\t\t\n\t\t\t\t\t\t\t\t\t\t\t\t<div class=\"post-date wd-post-date wd-style-with-bg\" onclick=\"\">\n\t\t\t\t<span class=\"post-date-day\">\n\t\t\t\t\t15\t\t\t\t<\/span>\n\t\t\t\t<span class=\"post-date-month\">\n\t\t\t\t\tjun\t\t\t\t<\/span>\n\t\t\t<\/div>\n\t\t\t\t\t\t\n\t\t\t<\/header><!-- .entry-header -->\n\n\t\t<div class=\"article-body-container\">\n\t\t\t\n\t\t\t\t\n\t\t\t\t\t\t\t\t\t<h3 class=\"wd-entities-title title post-title\">\n\t\t\t\t\t\t<a href=\"https:\/\/almafitness.com.br\/caminhada-abaixa-a-pressao\/\" rel=\"bookmark\">Caminhada: o segredo para baixar a press\u00e3o<\/a>\n\t\t\t\t\t<\/h3>\n\t\t\t\t\n\t\t\t\t\t\t\t\n\t\t\t\t\t\t\t\n\t\t\t\t                    <div class=\"entry-content wd-entry-content\">\n\t\t\t\t\t\t<p>A caminhada \u00e9 uma atividade f\u00edsica que reduz a press\u00e3o arterial e melhora a sa\u00fade cardiovascular.<\/p>\n\n\t\t\t\t\t\t\t\t\t\t\t<\/div><!-- .entry-content -->\n\t\t\t\t\n\t\t\t\t\t\t\t\t\t\t\t\t\t\t<p class=\"read-more-section\">\n\t\t\t\t\t\t<a class=\"btn-read-more more-link\" href=\"https:\/\/almafitness.com.br\/caminhada-abaixa-a-pressao\/\">Continue lendo<\/a>\t\t\t\t\t<\/p>\n\t\t\t\t\t\t\t\t\t\t\t\n\t\t\t\n\t\t\t\t\t<\/div>\n\t<\/div>\n<\/article><!-- #post -->\n\n\n\t\t\t\t\t\t\t\t\t\t\t\n<article id=\"post-20214\" class=\"blog-design-masonry blog-post-loop blog-style-bg wd-add-shadow  col-lg-4 col-md-4 col-sm-6 col-12 post-20214 post type-post status-publish format-standard has-post-thumbnail hentry category-corrida-e-caminhada\">\n\t<div class=\"article-inner\">\n\t\t\t\t\t<header class=\"entry-header\">\n\t\t\t\t\t\t\t\t\t\n\t\t\t\t\t<figure id=\"carousel-196\" class=\"entry-thumbnail\" data-owl-carousel data-hide_pagination_control=\"yes\" data-desktop=\"1\" data-tablet=\"1\" data-tablet_landscape=\"1\" data-mobile=\"1\">\n\t\t\t\t\t\t\n\t\t\t\t\t\t\t<div class=\"post-img-wrapp\">\n\t\t\t\t\t\t\t\t<a href=\"https:\/\/almafitness.com.br\/caminhada-10km\/\">\n\t\t\t\t\t\t\t\t\t<img width=\"945\" height=\"630\" src=\"https:\/\/almafitness.com.br\/wp-content\/uploads\/2023\/10\/caminhada-10km-1.webp\" class=\"attachment-large size-large\" alt=\"caminhada 10km\" decoding=\"async\" srcset=\"\/\/almafitness.com.br\/wp-content\/uploads\/2023\/10\/caminhada-10km-1.webp 945w, \/\/almafitness.com.br\/wp-content\/uploads\/2023\/10\/caminhada-10km-1-150x100.webp 150w, \/\/almafitness.com.br\/wp-content\/uploads\/2023\/10\/caminhada-10km-1-300x200.webp 300w, \/\/almafitness.com.br\/wp-content\/uploads\/2023\/10\/caminhada-10km-1-768x512.webp 768w\" sizes=\"(max-width: 945px) 100vw, 945px\" \/>\t\t\t\t\t\t\t\t<\/a>\n\t\t\t\t\t\t\t<\/div>\n\t\t\t\t\t\t\t<div class=\"post-image-mask\">\n\t\t\t\t\t\t\t\t<span><\/span>\n\t\t\t\t\t\t\t<\/div>\n\n\t\t\t\t\t\t\n\t\t\t\t\t<\/figure>\n\t\t\t\t\n\t\t\t\t\t\t\t\t\t\t\t\t<div class=\"post-date wd-post-date wd-style-with-bg\" onclick=\"\">\n\t\t\t\t<span class=\"post-date-day\">\n\t\t\t\t\t14\t\t\t\t<\/span>\n\t\t\t\t<span class=\"post-date-month\">\n\t\t\t\t\tjun\t\t\t\t<\/span>\n\t\t\t<\/div>\n\t\t\t\t\t\t\n\t\t\t<\/header><!-- .entry-header -->\n\n\t\t<div class=\"article-body-container\">\n\t\t\t\n\t\t\t\t\n\t\t\t\t\t\t\t\t\t<h3 class=\"wd-entities-title title post-title\">\n\t\t\t\t\t\t<a href=\"https:\/\/almafitness.com.br\/caminhada-10km\/\" rel=\"bookmark\">Aprenda a se preparar para uma caminhada de 10km: dicas essenciais<\/a>\n\t\t\t\t\t<\/h3>\n\t\t\t\t\n\t\t\t\t\t\t\t\n\t\t\t\t\t\t\t\n\t\t\t\t                    <div class=\"entry-content wd-entry-content\">\n\t\t\t\t\t\t<p>A caminhada de 10km \u00e9 uma \u00f3tima atividade f\u00edsica para manter a sa\u00fade em dia e explorar novos lugares.<\/p>\n\n\t\t\t\t\t\t\t\t\t\t\t<\/div><!-- .entry-content -->\n\t\t\t\t\n\t\t\t\t\t\t\t\t\t\t\t\t\t\t<p class=\"read-more-section\">\n\t\t\t\t\t\t<a class=\"btn-read-more more-link\" href=\"https:\/\/almafitness.com.br\/caminhada-10km\/\">Continue lendo<\/a>\t\t\t\t\t<\/p>\n\t\t\t\t\t\t\t\t\t\t\t\n\t\t\t\n\t\t\t\t\t<\/div>\n\t<\/div>\n<\/article><!-- #post -->\n\n\n\t\t\t\t\t\t\t\t\t\t\t\n<article id=\"post-20203\" class=\"blog-design-masonry blog-post-loop blog-style-bg wd-add-shadow  col-lg-4 col-md-4 col-sm-6 col-12 last  post-20203 post type-post status-publish format-standard has-post-thumbnail hentry category-corrida-e-caminhada\">\n\t<div class=\"article-inner\">\n\t\t\t\t\t<header class=\"entry-header\">\n\t\t\t\t\t\t\t\t\t\n\t\t\t\t\t<figure id=\"carousel-152\" class=\"entry-thumbnail\" data-owl-carousel data-hide_pagination_control=\"yes\" data-desktop=\"1\" data-tablet=\"1\" data-tablet_landscape=\"1\" data-mobile=\"1\">\n\t\t\t\t\t\t\n\t\t\t\t\t\t\t<div class=\"post-img-wrapp\">\n\t\t\t\t\t\t\t\t<a href=\"https:\/\/almafitness.com.br\/caminhada-da-paz-2023\/\">\n\t\t\t\t\t\t\t\t\t<img width=\"945\" height=\"630\" src=\"https:\/\/almafitness.com.br\/wp-content\/uploads\/2023\/10\/caminhada-da-paz-2023-1.webp\" class=\"attachment-large size-large\" alt=\"caminhada da paz 2023\" decoding=\"async\" srcset=\"\/\/almafitness.com.br\/wp-content\/uploads\/2023\/10\/caminhada-da-paz-2023-1.webp 945w, \/\/almafitness.com.br\/wp-content\/uploads\/2023\/10\/caminhada-da-paz-2023-1-150x100.webp 150w, \/\/almafitness.com.br\/wp-content\/uploads\/2023\/10\/caminhada-da-paz-2023-1-300x200.webp 300w, \/\/almafitness.com.br\/wp-content\/uploads\/2023\/10\/caminhada-da-paz-2023-1-768x512.webp 768w\" sizes=\"(max-width: 945px) 100vw, 945px\" \/>\t\t\t\t\t\t\t\t<\/a>\n\t\t\t\t\t\t\t<\/div>\n\t\t\t\t\t\t\t<div class=\"post-image-mask\">\n\t\t\t\t\t\t\t\t<span><\/span>\n\t\t\t\t\t\t\t<\/div>\n\n\t\t\t\t\t\t\n\t\t\t\t\t<\/figure>\n\t\t\t\t\n\t\t\t\t\t\t\t\t\t\t\t\t<div class=\"post-date wd-post-date wd-style-with-bg\" onclick=\"\">\n\t\t\t\t<span class=\"post-date-day\">\n\t\t\t\t\t14\t\t\t\t<\/span>\n\t\t\t\t<span class=\"post-date-month\">\n\t\t\t\t\tjun\t\t\t\t<\/span>\n\t\t\t<\/div>\n\t\t\t\t\t\t\n\t\t\t<\/header><!-- .entry-header -->\n\n\t\t<div class=\"article-body-container\">\n\t\t\t\n\t\t\t\t\n\t\t\t\t\t\t\t\t\t<h3 class=\"wd-entities-title title post-title\">\n\t\t\t\t\t\t<a href=\"https:\/\/almafitness.com.br\/caminhada-da-paz-2023\/\" rel=\"bookmark\">Caminhada da Paz 2023: Rumo a um futuro harmonioso<\/a>\n\t\t\t\t\t<\/h3>\n\t\t\t\t\n\t\t\t\t\t\t\t\n\t\t\t\t\t\t\t\n\t\t\t\t                    <div class=\"entry-content wd-entry-content\">\n\t\t\t\t\t\t<p>A Caminhada da Paz 2023 \u00e9 um evento anual que promove a uni\u00e3o e a conscientiza\u00e7\u00e3o pela paz.<\/p>\n\n\t\t\t\t\t\t\t\t\t\t\t<\/div><!-- .entry-content -->\n\t\t\t\t\n\t\t\t\t\t\t\t\t\t\t\t\t\t\t<p class=\"read-more-section\">\n\t\t\t\t\t\t<a class=\"btn-read-more more-link\" href=\"https:\/\/almafitness.com.br\/caminhada-da-paz-2023\/\">Continue lendo<\/a>\t\t\t\t\t<\/p>\n\t\t\t\t\t\t\t\t\t\t\t\n\t\t\t\n\t\t\t\t\t<\/div>\n\t<\/div>\n<\/article><!-- #post -->\n\n\n\t\t\t\t\t\t\t\t\t\t\t\n<article id=\"post-20092\" class=\"blog-design-masonry blog-post-loop blog-style-bg wd-add-shadow  col-lg-4 col-md-4 col-sm-6 col-12 first  post-20092 post type-post status-publish format-standard has-post-thumbnail hentry category-corrida-e-caminhada\">\n\t<div class=\"article-inner\">\n\t\t\t\t\t<header class=\"entry-header\">\n\t\t\t\t\t\t\t\t\t\n\t\t\t\t\t<figure id=\"carousel-284\" class=\"entry-thumbnail\" data-owl-carousel data-hide_pagination_control=\"yes\" data-desktop=\"1\" data-tablet=\"1\" data-tablet_landscape=\"1\" data-mobile=\"1\">\n\t\t\t\t\t\t\n\t\t\t\t\t\t\t<div class=\"post-img-wrapp\">\n\t\t\t\t\t\t\t\t<a href=\"https:\/\/almafitness.com.br\/caminhada-juntos\/\">\n\t\t\t\t\t\t\t\t\t<img width=\"665\" height=\"600\" src=\"https:\/\/almafitness.com.br\/wp-content\/uploads\/2023\/10\/caminhada-juntos.webp\" class=\"attachment-large size-large\" alt=\"caminhada juntos\" decoding=\"async\" srcset=\"\/\/almafitness.com.br\/wp-content\/uploads\/2023\/10\/caminhada-juntos.webp 665w, \/\/almafitness.com.br\/wp-content\/uploads\/2023\/10\/caminhada-juntos-150x135.webp 150w, \/\/almafitness.com.br\/wp-content\/uploads\/2023\/10\/caminhada-juntos-300x271.webp 300w\" sizes=\"(max-width: 665px) 100vw, 665px\" \/>\t\t\t\t\t\t\t\t<\/a>\n\t\t\t\t\t\t\t<\/div>\n\t\t\t\t\t\t\t<div class=\"post-image-mask\">\n\t\t\t\t\t\t\t\t<span><\/span>\n\t\t\t\t\t\t\t<\/div>\n\n\t\t\t\t\t\t\n\t\t\t\t\t<\/figure>\n\t\t\t\t\n\t\t\t\t\t\t\t\t\t\t\t\t<div class=\"post-date wd-post-date wd-style-with-bg\" onclick=\"\">\n\t\t\t\t<span class=\"post-date-day\">\n\t\t\t\t\t13\t\t\t\t<\/span>\n\t\t\t\t<span class=\"post-date-month\">\n\t\t\t\t\tjun\t\t\t\t<\/span>\n\t\t\t<\/div>\n\t\t\t\t\t\t\n\t\t\t<\/header><!-- .entry-header -->\n\n\t\t<div class=\"article-body-container\">\n\t\t\t\n\t\t\t\t\n\t\t\t\t\t\t\t\t\t<h3 class=\"wd-entities-title title post-title\">\n\t\t\t\t\t\t<a href=\"https:\/\/almafitness.com.br\/caminhada-juntos\/\" rel=\"bookmark\">Caminhada Juntos: a import\u00e2ncia de compartilhar passos<\/a>\n\t\t\t\t\t<\/h3>\n\t\t\t\t\n\t\t\t\t\t\t\t\n\t\t\t\t\t\t\t\n\t\t\t\t                    <div class=\"entry-content wd-entry-content\">\n\t\t\t\t\t\t<p>Caminhada juntos \u00e9 uma atividade que une pessoas e fortalece la\u00e7os de amizade e companheirismo.<\/p>\n\n\t\t\t\t\t\t\t\t\t\t\t<\/div><!-- .entry-content -->\n\t\t\t\t\n\t\t\t\t\t\t\t\t\t\t\t\t\t\t<p class=\"read-more-section\">\n\t\t\t\t\t\t<a class=\"btn-read-more more-link\" href=\"https:\/\/almafitness.com.br\/caminhada-juntos\/\">Continue lendo<\/a>\t\t\t\t\t<\/p>\n\t\t\t\t\t\t\t\t\t\t\t\n\t\t\t\n\t\t\t\t\t<\/div>\n\t<\/div>\n<\/article><!-- #post -->\n\n\n\t\t\t\t\t\t\t\t\t\t\t\n<article id=\"post-20079\" class=\"blog-design-masonry blog-post-loop blog-style-bg wd-add-shadow  col-lg-4 col-md-4 col-sm-6 col-12 post-20079 post type-post status-publish format-standard has-post-thumbnail hentry category-corrida-e-caminhada\">\n\t<div class=\"article-inner\">\n\t\t\t\t\t<header class=\"entry-header\">\n\t\t\t\t\t\t\t\t\t\n\t\t\t\t\t<figure id=\"carousel-815\" class=\"entry-thumbnail\" data-owl-carousel data-hide_pagination_control=\"yes\" data-desktop=\"1\" data-tablet=\"1\" data-tablet_landscape=\"1\" data-mobile=\"1\">\n\t\t\t\t\t\t\n\t\t\t\t\t\t\t<div class=\"post-img-wrapp\">\n\t\t\t\t\t\t\t\t<a href=\"https:\/\/almafitness.com.br\/caminhada-foto\/\">\n\t\t\t\t\t\t\t\t\t<img width=\"626\" height=\"417\" src=\"https:\/\/almafitness.com.br\/wp-content\/uploads\/2023\/10\/caminhada-foto.webp\" class=\"attachment-large size-large\" alt=\"caminhada foto\" decoding=\"async\" srcset=\"\/\/almafitness.com.br\/wp-content\/uploads\/2023\/10\/caminhada-foto.webp 626w, \/\/almafitness.com.br\/wp-content\/uploads\/2023\/10\/caminhada-foto-150x100.webp 150w, \/\/almafitness.com.br\/wp-content\/uploads\/2023\/10\/caminhada-foto-300x200.webp 300w\" sizes=\"(max-width: 626px) 100vw, 626px\" \/>\t\t\t\t\t\t\t\t<\/a>\n\t\t\t\t\t\t\t<\/div>\n\t\t\t\t\t\t\t<div class=\"post-image-mask\">\n\t\t\t\t\t\t\t\t<span><\/span>\n\t\t\t\t\t\t\t<\/div>\n\n\t\t\t\t\t\t\n\t\t\t\t\t<\/figure>\n\t\t\t\t\n\t\t\t\t\t\t\t\t\t\t\t\t<div class=\"post-date wd-post-date wd-style-with-bg\" onclick=\"\">\n\t\t\t\t<span class=\"post-date-day\">\n\t\t\t\t\t12\t\t\t\t<\/span>\n\t\t\t\t<span class=\"post-date-month\">\n\t\t\t\t\tjun\t\t\t\t<\/span>\n\t\t\t<\/div>\n\t\t\t\t\t\t\n\t\t\t<\/header><!-- .entry-header -->\n\n\t\t<div class=\"article-body-container\">\n\t\t\t\n\t\t\t\t\n\t\t\t\t\t\t\t\t\t<h3 class=\"wd-entities-title title post-title\">\n\t\t\t\t\t\t<a href=\"https:\/\/almafitness.com.br\/caminhada-foto\/\" rel=\"bookmark\">Descubra os benef\u00edcios da caminhada foto e como torn\u00e1-la ainda mais prazerosa!<\/a>\n\t\t\t\t\t<\/h3>\n\t\t\t\t\n\t\t\t\t\t\t\t\n\t\t\t\t\t\t\t\n\t\t\t\t                    <div class=\"entry-content wd-entry-content\">\n\t\t\t\t\t\t<p>Uma caminhada ao ar livre \u00e9 perfeita para capturar belas fotos e criar mem\u00f3rias inesquec\u00edveis.<\/p>\n\n\t\t\t\t\t\t\t\t\t\t\t<\/div><!-- .entry-content -->\n\t\t\t\t\n\t\t\t\t\t\t\t\t\t\t\t\t\t\t<p class=\"read-more-section\">\n\t\t\t\t\t\t<a class=\"btn-read-more more-link\" href=\"https:\/\/almafitness.com.br\/caminhada-foto\/\">Continue lendo<\/a>\t\t\t\t\t<\/p>\n\t\t\t\t\t\t\t\t\t\t\t\n\t\t\t\n\t\t\t\t\t<\/div>\n\t<\/div>\n<\/article><!-- #post -->\n\n\n\t\t\t\t\t\t\t\t\t\t\t\n<article id=\"post-20069\" class=\"blog-design-masonry blog-post-loop blog-style-bg wd-add-shadow  col-lg-4 col-md-4 col-sm-6 col-12 last  post-20069 post type-post status-publish format-standard has-post-thumbnail hentry category-corrida-e-caminhada\">\n\t<div class=\"article-inner\">\n\t\t\t\t\t<header class=\"entry-header\">\n\t\t\t\t\t\t\t\t\t\n\t\t\t\t\t<figure id=\"carousel-317\" class=\"entry-thumbnail\" data-owl-carousel data-hide_pagination_control=\"yes\" data-desktop=\"1\" data-tablet=\"1\" data-tablet_landscape=\"1\" data-mobile=\"1\">\n\t\t\t\t\t\t\n\t\t\t\t\t\t\t<div class=\"post-img-wrapp\">\n\t\t\t\t\t\t\t\t<a href=\"https:\/\/almafitness.com.br\/caminhada-antes-ou-depois-da-musculacao\/\">\n\t\t\t\t\t\t\t\t\t<img width=\"1024\" height=\"299\" src=\"https:\/\/almafitness.com.br\/wp-content\/uploads\/2023\/10\/caminhada-antes-ou-depois-da-musculacao-1024x299.webp\" class=\"attachment-large size-large\" alt=\"caminhada antes ou depois da muscula\u00e7\u00e3o\" decoding=\"async\" srcset=\"\/\/almafitness.com.br\/wp-content\/uploads\/2023\/10\/caminhada-antes-ou-depois-da-musculacao-1024x299.webp 1024w, \/\/almafitness.com.br\/wp-content\/uploads\/2023\/10\/caminhada-antes-ou-depois-da-musculacao-150x44.webp 150w, \/\/almafitness.com.br\/wp-content\/uploads\/2023\/10\/caminhada-antes-ou-depois-da-musculacao-1200x350.webp 1200w, \/\/almafitness.com.br\/wp-content\/uploads\/2023\/10\/caminhada-antes-ou-depois-da-musculacao-300x88.webp 300w, \/\/almafitness.com.br\/wp-content\/uploads\/2023\/10\/caminhada-antes-ou-depois-da-musculacao-768x224.webp 768w, \/\/almafitness.com.br\/wp-content\/uploads\/2023\/10\/caminhada-antes-ou-depois-da-musculacao-1536x448.webp 1536w, \/\/almafitness.com.br\/wp-content\/uploads\/2023\/10\/caminhada-antes-ou-depois-da-musculacao.webp 1920w\" sizes=\"(max-width: 1024px) 100vw, 1024px\" \/>\t\t\t\t\t\t\t\t<\/a>\n\t\t\t\t\t\t\t<\/div>\n\t\t\t\t\t\t\t<div class=\"post-image-mask\">\n\t\t\t\t\t\t\t\t<span><\/span>\n\t\t\t\t\t\t\t<\/div>\n\n\t\t\t\t\t\t\n\t\t\t\t\t<\/figure>\n\t\t\t\t\n\t\t\t\t\t\t\t\t\t\t\t\t<div class=\"post-date wd-post-date wd-style-with-bg\" onclick=\"\">\n\t\t\t\t<span class=\"post-date-day\">\n\t\t\t\t\t12\t\t\t\t<\/span>\n\t\t\t\t<span class=\"post-date-month\">\n\t\t\t\t\tjun\t\t\t\t<\/span>\n\t\t\t<\/div>\n\t\t\t\t\t\t\n\t\t\t<\/header><!-- .entry-header -->\n\n\t\t<div class=\"article-body-container\">\n\t\t\t\n\t\t\t\t\n\t\t\t\t\t\t\t\t\t<h3 class=\"wd-entities-title title post-title\">\n\t\t\t\t\t\t<a href=\"https:\/\/almafitness.com.br\/caminhada-antes-ou-depois-da-musculacao\/\" rel=\"bookmark\">Caminhada: benef\u00edcio antes ou depois da muscula\u00e7\u00e3o<\/a>\n\t\t\t\t\t<\/h3>\n\t\t\t\t\n\t\t\t\t\t\t\t\n\t\t\t\t\t\t\t\n\t\t\t\t                    <div class=\"entry-content wd-entry-content\">\n\t\t\t\t\t\t<p>Aproveite os benef\u00edcios de uma caminhada relaxante antes ou depois do treino de muscula\u00e7\u00e3o intensivo.<\/p>\n\n\t\t\t\t\t\t\t\t\t\t\t<\/div><!-- .entry-content -->\n\t\t\t\t\n\t\t\t\t\t\t\t\t\t\t\t\t\t\t<p class=\"read-more-section\">\n\t\t\t\t\t\t<a class=\"btn-read-more more-link\" href=\"https:\/\/almafitness.com.br\/caminhada-antes-ou-depois-da-musculacao\/\">Continue lendo<\/a>\t\t\t\t\t<\/p>\n\t\t\t\t\t\t\t\t\t\t\t\n\t\t\t\n\t\t\t\t\t<\/div>\n\t<\/div>\n<\/article><!-- #post -->\n\n\n\t\t\t\t\t\t\t\t\t\t\t\n<article id=\"post-20059\" class=\"blog-design-masonry blog-post-loop blog-style-bg wd-add-shadow  col-lg-4 col-md-4 col-sm-6 col-12 first  post-20059 post type-post status-publish format-standard has-post-thumbnail hentry category-corrida-e-caminhada\">\n\t<div class=\"article-inner\">\n\t\t\t\t\t<header class=\"entry-header\">\n\t\t\t\t\t\t\t\t\t\n\t\t\t\t\t<figure id=\"carousel-975\" class=\"entry-thumbnail\" data-owl-carousel data-hide_pagination_control=\"yes\" data-desktop=\"1\" data-tablet=\"1\" data-tablet_landscape=\"1\" data-mobile=\"1\">\n\t\t\t\t\t\t\n\t\t\t\t\t\t\t<div class=\"post-img-wrapp\">\n\t\t\t\t\t\t\t\t<a href=\"https:\/\/almafitness.com.br\/caminhada-3-vezes-por-semana-emagrece\/\">\n\t\t\t\t\t\t\t\t\t<img width=\"600\" height=\"354\" src=\"https:\/\/almafitness.com.br\/wp-content\/uploads\/2023\/10\/caminhada-3-vezes-por-semana-emagrece.webp\" class=\"attachment-large size-large\" alt=\"caminhada 3 vezes por semana emagrece\" decoding=\"async\" srcset=\"\/\/almafitness.com.br\/wp-content\/uploads\/2023\/10\/caminhada-3-vezes-por-semana-emagrece.webp 600w, \/\/almafitness.com.br\/wp-content\/uploads\/2023\/10\/caminhada-3-vezes-por-semana-emagrece-150x89.webp 150w, \/\/almafitness.com.br\/wp-content\/uploads\/2023\/10\/caminhada-3-vezes-por-semana-emagrece-300x177.webp 300w\" sizes=\"(max-width: 600px) 100vw, 600px\" \/>\t\t\t\t\t\t\t\t<\/a>\n\t\t\t\t\t\t\t<\/div>\n\t\t\t\t\t\t\t<div class=\"post-image-mask\">\n\t\t\t\t\t\t\t\t<span><\/span>\n\t\t\t\t\t\t\t<\/div>\n\n\t\t\t\t\t\t\n\t\t\t\t\t<\/figure>\n\t\t\t\t\n\t\t\t\t\t\t\t\t\t\t\t\t<div class=\"post-date wd-post-date wd-style-with-bg\" onclick=\"\">\n\t\t\t\t<span class=\"post-date-day\">\n\t\t\t\t\t12\t\t\t\t<\/span>\n\t\t\t\t<span class=\"post-date-month\">\n\t\t\t\t\tjun\t\t\t\t<\/span>\n\t\t\t<\/div>\n\t\t\t\t\t\t\n\t\t\t<\/header><!-- .entry-header -->\n\n\t\t<div class=\"article-body-container\">\n\t\t\t\n\t\t\t\t\n\t\t\t\t\t\t\t\t\t<h3 class=\"wd-entities-title title post-title\">\n\t\t\t\t\t\t<a href=\"https:\/\/almafitness.com.br\/caminhada-3-vezes-por-semana-emagrece\/\" rel=\"bookmark\">Emagre\u00e7a com Sa\u00fade: Caminhada 3x por Semana<\/a>\n\t\t\t\t\t<\/h3>\n\t\t\t\t\n\t\t\t\t\t\t\t\n\t\t\t\t\t\t\t\n\t\t\t\t                    <div class=\"entry-content wd-entry-content\">\n\t\t\t\t\t\t<p>Uma caminhada regular de 3 vezes por semana pode ser a chave para alcan\u00e7ar o emagrecimento saud\u00e1vel.<\/p>\n\n\t\t\t\t\t\t\t\t\t\t\t<\/div><!-- .entry-content -->\n\t\t\t\t\n\t\t\t\t\t\t\t\t\t\t\t\t\t\t<p class=\"read-more-section\">\n\t\t\t\t\t\t<a class=\"btn-read-more more-link\" href=\"https:\/\/almafitness.com.br\/caminhada-3-vezes-por-semana-emagrece\/\">Continue lendo<\/a>\t\t\t\t\t<\/p>\n\t\t\t\t\t\t\t\t\t\t\t\n\t\t\t\n\t\t\t\t\t<\/div>\n\t<\/div>\n<\/article><!-- #post -->\n\n\n\t\t\t\t\t\t\t\t\t\t\t\n<article id=\"post-20039\" class=\"blog-design-masonry blog-post-loop blog-style-bg wd-add-shadow  col-lg-4 col-md-4 col-sm-6 col-12 post-20039 post type-post status-publish format-standard has-post-thumbnail hentry category-corrida-e-caminhada\">\n\t<div class=\"article-inner\">\n\t\t\t\t\t<header class=\"entry-header\">\n\t\t\t\t\t\t\t\t\t\n\t\t\t\t\t<figure id=\"carousel-141\" class=\"entry-thumbnail\" data-owl-carousel data-hide_pagination_control=\"yes\" data-desktop=\"1\" data-tablet=\"1\" data-tablet_landscape=\"1\" data-mobile=\"1\">\n\t\t\t\t\t\t\n\t\t\t\t\t\t\t<div class=\"post-img-wrapp\">\n\t\t\t\t\t\t\t\t<a href=\"https:\/\/almafitness.com.br\/caminhada-queima-gordura\/\">\n\t\t\t\t\t\t\t\t\t<img width=\"1024\" height=\"682\" src=\"https:\/\/almafitness.com.br\/wp-content\/uploads\/2023\/10\/caminhada-queima-gordura-1024x682.webp\" class=\"attachment-large size-large\" alt=\"caminhada queima gordura\" decoding=\"async\" srcset=\"\/\/almafitness.com.br\/wp-content\/uploads\/2023\/10\/caminhada-queima-gordura-1024x682.webp 1024w, \/\/almafitness.com.br\/wp-content\/uploads\/2023\/10\/caminhada-queima-gordura-150x100.webp 150w, \/\/almafitness.com.br\/wp-content\/uploads\/2023\/10\/caminhada-queima-gordura-1200x799.webp 1200w, \/\/almafitness.com.br\/wp-content\/uploads\/2023\/10\/caminhada-queima-gordura-300x200.webp 300w, \/\/almafitness.com.br\/wp-content\/uploads\/2023\/10\/caminhada-queima-gordura-768x511.webp 768w, \/\/almafitness.com.br\/wp-content\/uploads\/2023\/10\/caminhada-queima-gordura-1536x1022.webp 1536w, \/\/almafitness.com.br\/wp-content\/uploads\/2023\/10\/caminhada-queima-gordura.webp 1920w\" sizes=\"(max-width: 1024px) 100vw, 1024px\" \/>\t\t\t\t\t\t\t\t<\/a>\n\t\t\t\t\t\t\t<\/div>\n\t\t\t\t\t\t\t<div class=\"post-image-mask\">\n\t\t\t\t\t\t\t\t<span><\/span>\n\t\t\t\t\t\t\t<\/div>\n\n\t\t\t\t\t\t\n\t\t\t\t\t<\/figure>\n\t\t\t\t\n\t\t\t\t\t\t\t\t\t\t\t\t<div class=\"post-date wd-post-date wd-style-with-bg\" onclick=\"\">\n\t\t\t\t<span class=\"post-date-day\">\n\t\t\t\t\t11\t\t\t\t<\/span>\n\t\t\t\t<span class=\"post-date-month\">\n\t\t\t\t\tjun\t\t\t\t<\/span>\n\t\t\t<\/div>\n\t\t\t\t\t\t\n\t\t\t<\/header><!-- .entry-header -->\n\n\t\t<div class=\"article-body-container\">\n\t\t\t\n\t\t\t\t\n\t\t\t\t\t\t\t\t\t<h3 class=\"wd-entities-title title post-title\">\n\t\t\t\t\t\t<a href=\"https:\/\/almafitness.com.br\/caminhada-queima-gordura\/\" rel=\"bookmark\">Descubra como a caminhada queima gordura de forma eficaz!<\/a>\n\t\t\t\t\t<\/h3>\n\t\t\t\t\n\t\t\t\t\t\t\t\n\t\t\t\t\t\t\t\n\t\t\t\t                    <div class=\"entry-content wd-entry-content\">\n\t\t\t\t\t\t<p>Fa\u00e7a uma caminhada regularmente para queimar gordura e melhorar sua sa\u00fade f\u00edsica e mental.<\/p>\n\n\t\t\t\t\t\t\t\t\t\t\t<\/div><!-- .entry-content -->\n\t\t\t\t\n\t\t\t\t\t\t\t\t\t\t\t\t\t\t<p class=\"read-more-section\">\n\t\t\t\t\t\t<a class=\"btn-read-more more-link\" href=\"https:\/\/almafitness.com.br\/caminhada-queima-gordura\/\">Continue lendo<\/a>\t\t\t\t\t<\/p>\n\t\t\t\t\t\t\t\t\t\t\t\n\t\t\t\n\t\t\t\t\t<\/div>\n\t<\/div>\n<\/article><!-- #post -->\n\n\n\t\t\t\t\t\t\t\t\t\t\t\n<article id=\"post-20029\" class=\"blog-design-masonry blog-post-loop blog-style-bg wd-add-shadow  col-lg-4 col-md-4 col-sm-6 col-12 last  post-20029 post type-post status-publish format-standard has-post-thumbnail hentry category-corrida-e-caminhada\">\n\t<div class=\"article-inner\">\n\t\t\t\t\t<header class=\"entry-header\">\n\t\t\t\t\t\t\t\t\t\n\t\t\t\t\t<figure id=\"carousel-235\" class=\"entry-thumbnail\" data-owl-carousel data-hide_pagination_control=\"yes\" data-desktop=\"1\" data-tablet=\"1\" data-tablet_landscape=\"1\" data-mobile=\"1\">\n\t\t\t\t\t\t\n\t\t\t\t\t\t\t<div class=\"post-img-wrapp\">\n\t\t\t\t\t\t\t\t<a href=\"https:\/\/almafitness.com.br\/caminhada-longa\/\">\n\t\t\t\t\t\t\t\t\t<img width=\"1024\" height=\"641\" src=\"https:\/\/almafitness.com.br\/wp-content\/uploads\/2023\/10\/caminhada-longa-1024x641.webp\" class=\"attachment-large size-large\" alt=\"caminhada longa\" decoding=\"async\" srcset=\"\/\/almafitness.com.br\/wp-content\/uploads\/2023\/10\/caminhada-longa-1024x641.webp 1024w, \/\/almafitness.com.br\/wp-content\/uploads\/2023\/10\/caminhada-longa-150x94.webp 150w, \/\/almafitness.com.br\/wp-content\/uploads\/2023\/10\/caminhada-longa-300x188.webp 300w, \/\/almafitness.com.br\/wp-content\/uploads\/2023\/10\/caminhada-longa-768x481.webp 768w, \/\/almafitness.com.br\/wp-content\/uploads\/2023\/10\/caminhada-longa.webp 1068w\" sizes=\"(max-width: 1024px) 100vw, 1024px\" \/>\t\t\t\t\t\t\t\t<\/a>\n\t\t\t\t\t\t\t<\/div>\n\t\t\t\t\t\t\t<div class=\"post-image-mask\">\n\t\t\t\t\t\t\t\t<span><\/span>\n\t\t\t\t\t\t\t<\/div>\n\n\t\t\t\t\t\t\n\t\t\t\t\t<\/figure>\n\t\t\t\t\n\t\t\t\t\t\t\t\t\t\t\t\t<div class=\"post-date wd-post-date wd-style-with-bg\" onclick=\"\">\n\t\t\t\t<span class=\"post-date-day\">\n\t\t\t\t\t11\t\t\t\t<\/span>\n\t\t\t\t<span class=\"post-date-month\">\n\t\t\t\t\tjun\t\t\t\t<\/span>\n\t\t\t<\/div>\n\t\t\t\t\t\t\n\t\t\t<\/header><!-- .entry-header -->\n\n\t\t<div class=\"article-body-container\">\n\t\t\t\n\t\t\t\t\n\t\t\t\t\t\t\t\t\t<h3 class=\"wd-entities-title title post-title\">\n\t\t\t\t\t\t<a href=\"https:\/\/almafitness.com.br\/caminhada-longa\/\" rel=\"bookmark\">Descubra os benef\u00edcios da caminhada longa para a sua sa\u00fade<\/a>\n\t\t\t\t\t<\/h3>\n\t\t\t\t\n\t\t\t\t\t\t\t\n\t\t\t\t\t\t\t\n\t\t\t\t                    <div class=\"entry-content wd-entry-content\">\n\t\t\t\t\t\t<p>Uma caminhada longa pode ser revigorante, trazendo bem-estar e relaxamento ao corpo e \u00e0 mente.<\/p>\n\n\t\t\t\t\t\t\t\t\t\t\t<\/div><!-- .entry-content -->\n\t\t\t\t\n\t\t\t\t\t\t\t\t\t\t\t\t\t\t<p class=\"read-more-section\">\n\t\t\t\t\t\t<a class=\"btn-read-more more-link\" href=\"https:\/\/almafitness.com.br\/caminhada-longa\/\">Continue lendo<\/a>\t\t\t\t\t<\/p>\n\t\t\t\t\t\t\t\t\t\t\t\n\t\t\t\n\t\t\t\t\t<\/div>\n\t<\/div>\n<\/article><!-- #post -->\n\n\n\t\t\t\t\t\t\t\t\t\t\t\n<article id=\"post-20006\" class=\"blog-design-masonry blog-post-loop blog-style-bg wd-add-shadow  col-lg-4 col-md-4 col-sm-6 col-12 first  post-20006 post type-post status-publish format-standard has-post-thumbnail hentry category-corrida-e-caminhada\">\n\t<div class=\"article-inner\">\n\t\t\t\t\t<header class=\"entry-header\">\n\t\t\t\t\t\t\t\t\t\n\t\t\t\t\t<figure id=\"carousel-550\" class=\"entry-thumbnail\" data-owl-carousel data-hide_pagination_control=\"yes\" data-desktop=\"1\" data-tablet=\"1\" data-tablet_landscape=\"1\" data-mobile=\"1\">\n\t\t\t\t\t\t\n\t\t\t\t\t\t\t<div class=\"post-img-wrapp\">\n\t\t\t\t\t\t\t\t<a href=\"https:\/\/almafitness.com.br\/caminhada-ingles\/\">\n\t\t\t\t\t\t\t\t\t<img width=\"984\" height=\"656\" src=\"https:\/\/almafitness.com.br\/wp-content\/uploads\/2023\/10\/caminhada-ingles.webp\" class=\"attachment-large size-large\" alt=\"caminhada ingles\" decoding=\"async\" srcset=\"\/\/almafitness.com.br\/wp-content\/uploads\/2023\/10\/caminhada-ingles.webp 984w, \/\/almafitness.com.br\/wp-content\/uploads\/2023\/10\/caminhada-ingles-150x100.webp 150w, \/\/almafitness.com.br\/wp-content\/uploads\/2023\/10\/caminhada-ingles-300x200.webp 300w, \/\/almafitness.com.br\/wp-content\/uploads\/2023\/10\/caminhada-ingles-768x512.webp 768w\" sizes=\"(max-width: 984px) 100vw, 984px\" \/>\t\t\t\t\t\t\t\t<\/a>\n\t\t\t\t\t\t\t<\/div>\n\t\t\t\t\t\t\t<div class=\"post-image-mask\">\n\t\t\t\t\t\t\t\t<span><\/span>\n\t\t\t\t\t\t\t<\/div>\n\n\t\t\t\t\t\t\n\t\t\t\t\t<\/figure>\n\t\t\t\t\n\t\t\t\t\t\t\t\t\t\t\t\t<div class=\"post-date wd-post-date wd-style-with-bg\" onclick=\"\">\n\t\t\t\t<span class=\"post-date-day\">\n\t\t\t\t\t10\t\t\t\t<\/span>\n\t\t\t\t<span class=\"post-date-month\">\n\t\t\t\t\tjun\t\t\t\t<\/span>\n\t\t\t<\/div>\n\t\t\t\t\t\t\n\t\t\t<\/header><!-- .entry-header -->\n\n\t\t<div class=\"article-body-container\">\n\t\t\t\n\t\t\t\t\n\t\t\t\t\t\t\t\t\t<h3 class=\"wd-entities-title title post-title\">\n\t\t\t\t\t\t<a href=\"https:\/\/almafitness.com.br\/caminhada-ingles\/\" rel=\"bookmark\">Descubra a natureza brit\u00e2nica em uma incr\u00edvel caminhada inglesa<\/a>\n\t\t\t\t\t<\/h3>\n\t\t\t\t\n\t\t\t\t\t\t\t\n\t\t\t\t\t\t\t\n\t\t\t\t                    <div class=\"entry-content wd-entry-content\">\n\t\t\t\t\t\t<p>Uma caminhada pela charmosa cidade de Cambridge, na Inglaterra, \u00e9 uma experi\u00eancia encantadora e cultural.<\/p>\n\n\t\t\t\t\t\t\t\t\t\t\t<\/div><!-- .entry-content -->\n\t\t\t\t\n\t\t\t\t\t\t\t\t\t\t\t\t\t\t<p class=\"read-more-section\">\n\t\t\t\t\t\t<a class=\"btn-read-more more-link\" href=\"https:\/\/almafitness.com.br\/caminhada-ingles\/\">Continue lendo<\/a>\t\t\t\t\t<\/p>\n\t\t\t\t\t\t\t\t\t\t\t\n\t\t\t\n\t\t\t\t\t<\/div>\n\t<\/div>\n<\/article><!-- #post -->\n\n\n\t\t\t\t\t\t\t\t\t\t\t\n<article id=\"post-19991\" class=\"blog-design-masonry blog-post-loop blog-style-bg wd-add-shadow  col-lg-4 col-md-4 col-sm-6 col-12 post-19991 post type-post status-publish format-standard has-post-thumbnail hentry category-corrida-e-caminhada\">\n\t<div class=\"article-inner\">\n\t\t\t\t\t<header class=\"entry-header\">\n\t\t\t\t\t\t\t\t\t\n\t\t\t\t\t<figure id=\"carousel-212\" class=\"entry-thumbnail\" data-owl-carousel data-hide_pagination_control=\"yes\" data-desktop=\"1\" data-tablet=\"1\" data-tablet_landscape=\"1\" data-mobile=\"1\">\n\t\t\t\t\t\t\n\t\t\t\t\t\t\t<div class=\"post-img-wrapp\">\n\t\t\t\t\t\t\t\t<a href=\"https:\/\/almafitness.com.br\/caminhada-faz-perder-massa-muscular\/\">\n\t\t\t\t\t\t\t\t\t<img width=\"1024\" height=\"421\" src=\"https:\/\/almafitness.com.br\/wp-content\/uploads\/2023\/10\/caminhada-faz-perder-massa-muscular-1024x421.webp\" class=\"attachment-large size-large\" alt=\"caminhada faz perder massa muscular\" decoding=\"async\" srcset=\"\/\/almafitness.com.br\/wp-content\/uploads\/2023\/10\/caminhada-faz-perder-massa-muscular-1024x421.webp 1024w, \/\/almafitness.com.br\/wp-content\/uploads\/2023\/10\/caminhada-faz-perder-massa-muscular-150x62.webp 150w, \/\/almafitness.com.br\/wp-content\/uploads\/2023\/10\/caminhada-faz-perder-massa-muscular-300x123.webp 300w, \/\/almafitness.com.br\/wp-content\/uploads\/2023\/10\/caminhada-faz-perder-massa-muscular-768x315.webp 768w, \/\/almafitness.com.br\/wp-content\/uploads\/2023\/10\/caminhada-faz-perder-massa-muscular.webp 1030w\" sizes=\"(max-width: 1024px) 100vw, 1024px\" \/>\t\t\t\t\t\t\t\t<\/a>\n\t\t\t\t\t\t\t<\/div>\n\t\t\t\t\t\t\t<div class=\"post-image-mask\">\n\t\t\t\t\t\t\t\t<span><\/span>\n\t\t\t\t\t\t\t<\/div>\n\n\t\t\t\t\t\t\n\t\t\t\t\t<\/figure>\n\t\t\t\t\n\t\t\t\t\t\t\t\t\t\t\t\t<div class=\"post-date wd-post-date wd-style-with-bg\" onclick=\"\">\n\t\t\t\t<span class=\"post-date-day\">\n\t\t\t\t\t10\t\t\t\t<\/span>\n\t\t\t\t<span class=\"post-date-month\">\n\t\t\t\t\tjun\t\t\t\t<\/span>\n\t\t\t<\/div>\n\t\t\t\t\t\t\n\t\t\t<\/header><!-- .entry-header -->\n\n\t\t<div class=\"article-body-container\">\n\t\t\t\n\t\t\t\t\n\t\t\t\t\t\t\t\t\t<h3 class=\"wd-entities-title title post-title\">\n\t\t\t\t\t\t<a href=\"https:\/\/almafitness.com.br\/caminhada-faz-perder-massa-muscular\/\" rel=\"bookmark\">Caminhada e perda de massa muscular: entenda a rela\u00e7\u00e3o<\/a>\n\t\t\t\t\t<\/h3>\n\t\t\t\t\n\t\t\t\t\t\t\t\n\t\t\t\t\t\t\t\n\t\t\t\t                    <div class=\"entry-content wd-entry-content\">\n\t\t\t\t\t\t<p>Praticar exerc\u00edcios regularmente, como a caminhada, ajuda a evitar a perda de massa muscular.<\/p>\n\n\t\t\t\t\t\t\t\t\t\t\t<\/div><!-- .entry-content -->\n\t\t\t\t\n\t\t\t\t\t\t\t\t\t\t\t\t\t\t<p class=\"read-more-section\">\n\t\t\t\t\t\t<a class=\"btn-read-more more-link\" href=\"https:\/\/almafitness.com.br\/caminhada-faz-perder-massa-muscular\/\">Continue lendo<\/a>\t\t\t\t\t<\/p>\n\t\t\t\t\t\t\t\t\t\t\t\n\t\t\t\n\t\t\t\t\t<\/div>\n\t<\/div>\n<\/article><!-- #post -->\n\n\n\t\t\t\t\t\t\t\t\t\t\t\n<article id=\"post-19979\" class=\"blog-design-masonry blog-post-loop blog-style-bg wd-add-shadow  col-lg-4 col-md-4 col-sm-6 col-12 last  post-19979 post type-post status-publish format-standard has-post-thumbnail hentry category-corrida-e-caminhada\">\n\t<div class=\"article-inner\">\n\t\t\t\t\t<header class=\"entry-header\">\n\t\t\t\t\t\t\t\t\t\n\t\t\t\t\t<figure id=\"carousel-731\" class=\"entry-thumbnail\" data-owl-carousel data-hide_pagination_control=\"yes\" data-desktop=\"1\" data-tablet=\"1\" data-tablet_landscape=\"1\" data-mobile=\"1\">\n\t\t\t\t\t\t\n\t\t\t\t\t\t\t<div class=\"post-img-wrapp\">\n\t\t\t\t\t\t\t\t<a href=\"https:\/\/almafitness.com.br\/caminhada-fortalece-os-musculos\/\">\n\t\t\t\t\t\t\t\t\t<img width=\"1024\" height=\"650\" src=\"https:\/\/almafitness.com.br\/wp-content\/uploads\/2023\/10\/caminhada-fortalece-os-musculos-1024x650.webp\" class=\"attachment-large size-large\" alt=\"caminhada fortalece os m\u00fasculos\" decoding=\"async\" srcset=\"\/\/almafitness.com.br\/wp-content\/uploads\/2023\/10\/caminhada-fortalece-os-musculos-1024x650.webp 1024w, \/\/almafitness.com.br\/wp-content\/uploads\/2023\/10\/caminhada-fortalece-os-musculos-150x95.webp 150w, \/\/almafitness.com.br\/wp-content\/uploads\/2023\/10\/caminhada-fortalece-os-musculos-300x191.webp 300w, \/\/almafitness.com.br\/wp-content\/uploads\/2023\/10\/caminhada-fortalece-os-musculos-768x488.webp 768w, \/\/almafitness.com.br\/wp-content\/uploads\/2023\/10\/caminhada-fortalece-os-musculos.webp 1200w\" sizes=\"(max-width: 1024px) 100vw, 1024px\" \/>\t\t\t\t\t\t\t\t<\/a>\n\t\t\t\t\t\t\t<\/div>\n\t\t\t\t\t\t\t<div class=\"post-image-mask\">\n\t\t\t\t\t\t\t\t<span><\/span>\n\t\t\t\t\t\t\t<\/div>\n\n\t\t\t\t\t\t\n\t\t\t\t\t<\/figure>\n\t\t\t\t\n\t\t\t\t\t\t\t\t\t\t\t\t<div class=\"post-date wd-post-date wd-style-with-bg\" onclick=\"\">\n\t\t\t\t<span class=\"post-date-day\">\n\t\t\t\t\t10\t\t\t\t<\/span>\n\t\t\t\t<span class=\"post-date-month\">\n\t\t\t\t\tjun\t\t\t\t<\/span>\n\t\t\t<\/div>\n\t\t\t\t\t\t\n\t\t\t<\/header><!-- .entry-header -->\n\n\t\t<div class=\"article-body-container\">\n\t\t\t\n\t\t\t\t\n\t\t\t\t\t\t\t\t\t<h3 class=\"wd-entities-title title post-title\">\n\t\t\t\t\t\t<a href=\"https:\/\/almafitness.com.br\/caminhada-fortalece-os-musculos\/\" rel=\"bookmark\">Caminhada: O exerc\u00edcio perfeito para fortalecer os m\u00fasculos<\/a>\n\t\t\t\t\t<\/h3>\n\t\t\t\t\n\t\t\t\t\t\t\t\n\t\t\t\t\t\t\t\n\t\t\t\t                    <div class=\"entry-content wd-entry-content\">\n\t\t\t\t\t\t<p>A pr\u00e1tica regular de caminhada fortalece os m\u00fasculos e promove um corpo saud\u00e1vel e resistente.<\/p>\n\n\t\t\t\t\t\t\t\t\t\t\t<\/div><!-- .entry-content -->\n\t\t\t\t\n\t\t\t\t\t\t\t\t\t\t\t\t\t\t<p class=\"read-more-section\">\n\t\t\t\t\t\t<a class=\"btn-read-more more-link\" href=\"https:\/\/almafitness.com.br\/caminhada-fortalece-os-musculos\/\">Continue lendo<\/a>\t\t\t\t\t<\/p>\n\t\t\t\t\t\t\t\t\t\t\t\n\t\t\t\n\t\t\t\t\t<\/div>\n\t<\/div>\n<\/article><!-- #post -->\n\n\n\t\t\t\t\t\t\t\t\t\t\t\n<article id=\"post-19967\" class=\"blog-design-masonry blog-post-loop blog-style-bg wd-add-shadow  col-lg-4 col-md-4 col-sm-6 col-12 first  post-19967 post type-post status-publish format-standard has-post-thumbnail hentry category-corrida-e-caminhada\">\n\t<div class=\"article-inner\">\n\t\t\t\t\t<header class=\"entry-header\">\n\t\t\t\t\t\t\t\t\t\n\t\t\t\t\t<figure id=\"carousel-946\" class=\"entry-thumbnail\" data-owl-carousel data-hide_pagination_control=\"yes\" data-desktop=\"1\" data-tablet=\"1\" data-tablet_landscape=\"1\" data-mobile=\"1\">\n\t\t\t\t\t\t\n\t\t\t\t\t\t\t<div class=\"post-img-wrapp\">\n\t\t\t\t\t\t\t\t<a href=\"https:\/\/almafitness.com.br\/caminhada-calorias-por-km\/\">\n\t\t\t\t\t\t\t\t\t<img width=\"730\" height=\"445\" src=\"https:\/\/almafitness.com.br\/wp-content\/uploads\/2023\/10\/caminhada-calorias-por-km.webp\" class=\"attachment-large size-large\" alt=\"caminhada calorias por km\" decoding=\"async\" srcset=\"\/\/almafitness.com.br\/wp-content\/uploads\/2023\/10\/caminhada-calorias-por-km.webp 730w, \/\/almafitness.com.br\/wp-content\/uploads\/2023\/10\/caminhada-calorias-por-km-150x91.webp 150w, \/\/almafitness.com.br\/wp-content\/uploads\/2023\/10\/caminhada-calorias-por-km-300x183.webp 300w\" sizes=\"(max-width: 730px) 100vw, 730px\" \/>\t\t\t\t\t\t\t\t<\/a>\n\t\t\t\t\t\t\t<\/div>\n\t\t\t\t\t\t\t<div class=\"post-image-mask\">\n\t\t\t\t\t\t\t\t<span><\/span>\n\t\t\t\t\t\t\t<\/div>\n\n\t\t\t\t\t\t\n\t\t\t\t\t<\/figure>\n\t\t\t\t\n\t\t\t\t\t\t\t\t\t\t\t\t<div class=\"post-date wd-post-date wd-style-with-bg\" onclick=\"\">\n\t\t\t\t<span class=\"post-date-day\">\n\t\t\t\t\t09\t\t\t\t<\/span>\n\t\t\t\t<span class=\"post-date-month\">\n\t\t\t\t\tjun\t\t\t\t<\/span>\n\t\t\t<\/div>\n\t\t\t\t\t\t\n\t\t\t<\/header><!-- .entry-header -->\n\n\t\t<div class=\"article-body-container\">\n\t\t\t\n\t\t\t\t\n\t\t\t\t\t\t\t\t\t<h3 class=\"wd-entities-title title post-title\">\n\t\t\t\t\t\t<a href=\"https:\/\/almafitness.com.br\/caminhada-calorias-por-km\/\" rel=\"bookmark\">Descubra os Benef\u00edcios da Caminhada: Calorias por Km<\/a>\n\t\t\t\t\t<\/h3>\n\t\t\t\t\n\t\t\t\t\t\t\t\n\t\t\t\t\t\t\t\n\t\t\t\t                    <div class=\"entry-content wd-entry-content\">\n\t\t\t\t\t\t<p>Descubra quantas calorias voc\u00ea queima por km durante uma caminhada para manter seu corpo saud\u00e1vel.<\/p>\n\n\t\t\t\t\t\t\t\t\t\t\t<\/div><!-- .entry-content -->\n\t\t\t\t\n\t\t\t\t\t\t\t\t\t\t\t\t\t\t<p class=\"read-more-section\">\n\t\t\t\t\t\t<a class=\"btn-read-more more-link\" href=\"https:\/\/almafitness.com.br\/caminhada-calorias-por-km\/\">Continue lendo<\/a>\t\t\t\t\t<\/p>\n\t\t\t\t\t\t\t\t\t\t\t\n\t\t\t\n\t\t\t\t\t<\/div>\n\t<\/div>\n<\/article><!-- #post -->\n\n\n\t\t\t\t\t\t\t\t\t\t\t\n<article id=\"post-19957\" class=\"blog-design-masonry blog-post-loop blog-style-bg wd-add-shadow  col-lg-4 col-md-4 col-sm-6 col-12 post-19957 post type-post status-publish format-standard has-post-thumbnail hentry category-corrida-e-caminhada\">\n\t<div class=\"article-inner\">\n\t\t\t\t\t<header class=\"entry-header\">\n\t\t\t\t\t\t\t\t\t\n\t\t\t\t\t<figure id=\"carousel-502\" class=\"entry-thumbnail\" data-owl-carousel data-hide_pagination_control=\"yes\" data-desktop=\"1\" data-tablet=\"1\" data-tablet_landscape=\"1\" data-mobile=\"1\">\n\t\t\t\t\t\t\n\t\t\t\t\t\t\t<div class=\"post-img-wrapp\">\n\t\t\t\t\t\t\t\t<a href=\"https:\/\/almafitness.com.br\/caminhada-crista\/\">\n\t\t\t\t\t\t\t\t\t<img width=\"665\" height=\"600\" src=\"https:\/\/almafitness.com.br\/wp-content\/uploads\/2023\/10\/caminhada-crista.webp\" class=\"attachment-large size-large\" alt=\"caminhada crist\u00e3\" decoding=\"async\" srcset=\"\/\/almafitness.com.br\/wp-content\/uploads\/2023\/10\/caminhada-crista.webp 665w, \/\/almafitness.com.br\/wp-content\/uploads\/2023\/10\/caminhada-crista-150x135.webp 150w, \/\/almafitness.com.br\/wp-content\/uploads\/2023\/10\/caminhada-crista-300x271.webp 300w\" sizes=\"(max-width: 665px) 100vw, 665px\" \/>\t\t\t\t\t\t\t\t<\/a>\n\t\t\t\t\t\t\t<\/div>\n\t\t\t\t\t\t\t<div class=\"post-image-mask\">\n\t\t\t\t\t\t\t\t<span><\/span>\n\t\t\t\t\t\t\t<\/div>\n\n\t\t\t\t\t\t\n\t\t\t\t\t<\/figure>\n\t\t\t\t\n\t\t\t\t\t\t\t\t\t\t\t\t<div class=\"post-date wd-post-date wd-style-with-bg\" onclick=\"\">\n\t\t\t\t<span class=\"post-date-day\">\n\t\t\t\t\t09\t\t\t\t<\/span>\n\t\t\t\t<span class=\"post-date-month\">\n\t\t\t\t\tjun\t\t\t\t<\/span>\n\t\t\t<\/div>\n\t\t\t\t\t\t\n\t\t\t<\/header><!-- .entry-header -->\n\n\t\t<div class=\"article-body-container\">\n\t\t\t\n\t\t\t\t\n\t\t\t\t\t\t\t\t\t<h3 class=\"wd-entities-title title post-title\">\n\t\t\t\t\t\t<a href=\"https:\/\/almafitness.com.br\/caminhada-crista\/\" rel=\"bookmark\">Uma Jornada de F\u00e9: Caminhada Crist\u00e3 para uma Vida Plena.<\/a>\n\t\t\t\t\t<\/h3>\n\t\t\t\t\n\t\t\t\t\t\t\t\n\t\t\t\t\t\t\t\n\t\t\t\t                    <div class=\"entry-content wd-entry-content\">\n\t\t\t\t\t\t<p>A caminhada crist\u00e3 \u00e9 uma jornada de f\u00e9, amor e dedica\u00e7\u00e3o \u00e0 Deus e ao pr\u00f3ximo.<\/p>\n\n\t\t\t\t\t\t\t\t\t\t\t<\/div><!-- .entry-content -->\n\t\t\t\t\n\t\t\t\t\t\t\t\t\t\t\t\t\t\t<p class=\"read-more-section\">\n\t\t\t\t\t\t<a class=\"btn-read-more more-link\" href=\"https:\/\/almafitness.com.br\/caminhada-crista\/\">Continue lendo<\/a>\t\t\t\t\t<\/p>\n\t\t\t\t\t\t\t\t\t\t\t\n\t\t\t\n\t\t\t\t\t<\/div>\n\t<\/div>\n<\/article><!-- #post -->\n\n\n\t\t\t\t\t\t\t\t\t\t\t\n<article id=\"post-19934\" class=\"blog-design-masonry blog-post-loop blog-style-bg wd-add-shadow  col-lg-4 col-md-4 col-sm-6 col-12 last  post-19934 post type-post status-publish format-standard has-post-thumbnail hentry category-corrida-e-caminhada\">\n\t<div class=\"article-inner\">\n\t\t\t\t\t<header class=\"entry-header\">\n\t\t\t\t\t\t\t\t\t\n\t\t\t\t\t<figure id=\"carousel-271\" class=\"entry-thumbnail\" data-owl-carousel data-hide_pagination_control=\"yes\" data-desktop=\"1\" data-tablet=\"1\" data-tablet_landscape=\"1\" data-mobile=\"1\">\n\t\t\t\t\t\t\n\t\t\t\t\t\t\t<div class=\"post-img-wrapp\">\n\t\t\t\t\t\t\t\t<a href=\"https:\/\/almafitness.com.br\/caminhada-cifra\/\">\n\t\t\t\t\t\t\t\t\t<img width=\"1024\" height=\"576\" src=\"https:\/\/almafitness.com.br\/wp-content\/uploads\/2023\/10\/caminhada-cifra-1024x576.webp\" class=\"attachment-large size-large\" alt=\"caminhada cifra\" decoding=\"async\" srcset=\"\/\/almafitness.com.br\/wp-content\/uploads\/2023\/10\/caminhada-cifra-1024x576.webp 1024w, \/\/almafitness.com.br\/wp-content\/uploads\/2023\/10\/caminhada-cifra-150x84.webp 150w, \/\/almafitness.com.br\/wp-content\/uploads\/2023\/10\/caminhada-cifra-1200x675.webp 1200w, \/\/almafitness.com.br\/wp-content\/uploads\/2023\/10\/caminhada-cifra-300x169.webp 300w, \/\/almafitness.com.br\/wp-content\/uploads\/2023\/10\/caminhada-cifra-768x432.webp 768w, \/\/almafitness.com.br\/wp-content\/uploads\/2023\/10\/caminhada-cifra.webp 1280w\" sizes=\"(max-width: 1024px) 100vw, 1024px\" \/>\t\t\t\t\t\t\t\t<\/a>\n\t\t\t\t\t\t\t<\/div>\n\t\t\t\t\t\t\t<div class=\"post-image-mask\">\n\t\t\t\t\t\t\t\t<span><\/span>\n\t\t\t\t\t\t\t<\/div>\n\n\t\t\t\t\t\t\n\t\t\t\t\t<\/figure>\n\t\t\t\t\n\t\t\t\t\t\t\t\t\t\t\t\t<div class=\"post-date wd-post-date wd-style-with-bg\" onclick=\"\">\n\t\t\t\t<span class=\"post-date-day\">\n\t\t\t\t\t09\t\t\t\t<\/span>\n\t\t\t\t<span class=\"post-date-month\">\n\t\t\t\t\tjun\t\t\t\t<\/span>\n\t\t\t<\/div>\n\t\t\t\t\t\t\n\t\t\t<\/header><!-- .entry-header -->\n\n\t\t<div class=\"article-body-container\">\n\t\t\t\n\t\t\t\t\n\t\t\t\t\t\t\t\t\t<h3 class=\"wd-entities-title title post-title\">\n\t\t\t\t\t\t<a href=\"https:\/\/almafitness.com.br\/caminhada-cifra\/\" rel=\"bookmark\">Caminhada Cifra: Aprenda a tocar enquanto se exercita!<\/a>\n\t\t\t\t\t<\/h3>\n\t\t\t\t\n\t\t\t\t\t\t\t\n\t\t\t\t\t\t\t\n\t\t\t\t                    <div class=\"entry-content wd-entry-content\">\n\t\t\t\t\t\t<p>Uma caminhada animada ao som de uma cifra, ideal para relaxar e aproveitar a natureza.<\/p>\n\n\t\t\t\t\t\t\t\t\t\t\t<\/div><!-- .entry-content -->\n\t\t\t\t\n\t\t\t\t\t\t\t\t\t\t\t\t\t\t<p class=\"read-more-section\">\n\t\t\t\t\t\t<a class=\"btn-read-more more-link\" href=\"https:\/\/almafitness.com.br\/caminhada-cifra\/\">Continue lendo<\/a>\t\t\t\t\t<\/p>\n\t\t\t\t\t\t\t\t\t\t\t\n\t\t\t\n\t\t\t\t\t<\/div>\n\t<\/div>\n<\/article><!-- #post -->\n\n\n\t\t\t\t\t\t\t\t\t\t\t\n<article id=\"post-19948\" class=\"blog-design-masonry blog-post-loop blog-style-bg wd-add-shadow  col-lg-4 col-md-4 col-sm-6 col-12 first  post-19948 post type-post status-publish format-standard has-post-thumbnail hentry category-corrida-e-caminhada\">\n\t<div class=\"article-inner\">\n\t\t\t\t\t<header class=\"entry-header\">\n\t\t\t\t\t\t\t\t\t\n\t\t\t\t\t<figure id=\"carousel-949\" class=\"entry-thumbnail\" data-owl-carousel data-hide_pagination_control=\"yes\" data-desktop=\"1\" data-tablet=\"1\" data-tablet_landscape=\"1\" data-mobile=\"1\">\n\t\t\t\t\t\t\n\t\t\t\t\t\t\t<div class=\"post-img-wrapp\">\n\t\t\t\t\t\t\t\t<a href=\"https:\/\/almafitness.com.br\/caminhada-cifra-2\/\">\n\t\t\t\t\t\t\t\t\t<img width=\"1024\" height=\"683\" src=\"https:\/\/almafitness.com.br\/wp-content\/uploads\/2023\/10\/caminhada-cifra-1-1024x683.webp\" class=\"attachment-large size-large\" alt=\"caminhada cifra\" decoding=\"async\" srcset=\"\/\/almafitness.com.br\/wp-content\/uploads\/2023\/10\/caminhada-cifra-1-1024x683.webp 1024w, \/\/almafitness.com.br\/wp-content\/uploads\/2023\/10\/caminhada-cifra-1-150x100.webp 150w, \/\/almafitness.com.br\/wp-content\/uploads\/2023\/10\/caminhada-cifra-1-300x200.webp 300w, \/\/almafitness.com.br\/wp-content\/uploads\/2023\/10\/caminhada-cifra-1-768x512.webp 768w, \/\/almafitness.com.br\/wp-content\/uploads\/2023\/10\/caminhada-cifra-1.webp 1200w\" sizes=\"(max-width: 1024px) 100vw, 1024px\" \/>\t\t\t\t\t\t\t\t<\/a>\n\t\t\t\t\t\t\t<\/div>\n\t\t\t\t\t\t\t<div class=\"post-image-mask\">\n\t\t\t\t\t\t\t\t<span><\/span>\n\t\t\t\t\t\t\t<\/div>\n\n\t\t\t\t\t\t\n\t\t\t\t\t<\/figure>\n\t\t\t\t\n\t\t\t\t\t\t\t\t\t\t\t\t<div class=\"post-date wd-post-date wd-style-with-bg\" onclick=\"\">\n\t\t\t\t<span class=\"post-date-day\">\n\t\t\t\t\t09\t\t\t\t<\/span>\n\t\t\t\t<span class=\"post-date-month\">\n\t\t\t\t\tjun\t\t\t\t<\/span>\n\t\t\t<\/div>\n\t\t\t\t\t\t\n\t\t\t<\/header><!-- .entry-header -->\n\n\t\t<div class=\"article-body-container\">\n\t\t\t\n\t\t\t\t\n\t\t\t\t\t\t\t\t\t<h3 class=\"wd-entities-title title post-title\">\n\t\t\t\t\t\t<a href=\"https:\/\/almafitness.com.br\/caminhada-cifra-2\/\" rel=\"bookmark\">Descubra os benef\u00edcios da caminhada cifra e melhore sua sa\u00fade<\/a>\n\t\t\t\t\t<\/h3>\n\t\t\t\t\n\t\t\t\t\t\t\t\n\t\t\t\t\t\t\t\n\t\t\t\t                    <div class=\"entry-content wd-entry-content\">\n\t\t\t\t\t\t<p>Uma caminhada musical com belas cifras para desfrutar em meio \u00e0 natureza e relaxar.<\/p>\n\n\t\t\t\t\t\t\t\t\t\t\t<\/div><!-- .entry-content -->\n\t\t\t\t\n\t\t\t\t\t\t\t\t\t\t\t\t\t\t<p class=\"read-more-section\">\n\t\t\t\t\t\t<a class=\"btn-read-more more-link\" href=\"https:\/\/almafitness.com.br\/caminhada-cifra-2\/\">Continue lendo<\/a>\t\t\t\t\t<\/p>\n\t\t\t\t\t\t\t\t\t\t\t\n\t\t\t\n\t\t\t\t\t<\/div>\n\t<\/div>\n<\/article><!-- #post -->\n\n\n\t\t\t\t\t\t\t\t\t\t\t\n<article id=\"post-19909\" class=\"blog-design-masonry blog-post-loop blog-style-bg wd-add-shadow  col-lg-4 col-md-4 col-sm-6 col-12 post-19909 post type-post status-publish format-standard has-post-thumbnail hentry category-corrida-e-caminhada\">\n\t<div class=\"article-inner\">\n\t\t\t\t\t<header class=\"entry-header\">\n\t\t\t\t\t\t\t\t\t\n\t\t\t\t\t<figure id=\"carousel-871\" class=\"entry-thumbnail\" data-owl-carousel data-hide_pagination_control=\"yes\" data-desktop=\"1\" data-tablet=\"1\" data-tablet_landscape=\"1\" data-mobile=\"1\">\n\t\t\t\t\t\t\n\t\t\t\t\t\t\t<div class=\"post-img-wrapp\">\n\t\t\t\t\t\t\t\t<a href=\"https:\/\/almafitness.com.br\/caminhada-baixa-glicose\/\">\n\t\t\t\t\t\t\t\t\t<img width=\"1024\" height=\"576\" src=\"https:\/\/almafitness.com.br\/wp-content\/uploads\/2023\/10\/caminhada-baixa-glicose-1024x576.webp\" class=\"attachment-large size-large\" alt=\"caminhada baixa glicose\" decoding=\"async\" srcset=\"\/\/almafitness.com.br\/wp-content\/uploads\/2023\/10\/caminhada-baixa-glicose-1024x576.webp 1024w, \/\/almafitness.com.br\/wp-content\/uploads\/2023\/10\/caminhada-baixa-glicose-150x84.webp 150w, \/\/almafitness.com.br\/wp-content\/uploads\/2023\/10\/caminhada-baixa-glicose-1200x675.webp 1200w, \/\/almafitness.com.br\/wp-content\/uploads\/2023\/10\/caminhada-baixa-glicose-300x169.webp 300w, \/\/almafitness.com.br\/wp-content\/uploads\/2023\/10\/caminhada-baixa-glicose-768x432.webp 768w, \/\/almafitness.com.br\/wp-content\/uploads\/2023\/10\/caminhada-baixa-glicose-1536x864.webp 1536w, \/\/almafitness.com.br\/wp-content\/uploads\/2023\/10\/caminhada-baixa-glicose.webp 1920w\" sizes=\"(max-width: 1024px) 100vw, 1024px\" \/>\t\t\t\t\t\t\t\t<\/a>\n\t\t\t\t\t\t\t<\/div>\n\t\t\t\t\t\t\t<div class=\"post-image-mask\">\n\t\t\t\t\t\t\t\t<span><\/span>\n\t\t\t\t\t\t\t<\/div>\n\n\t\t\t\t\t\t\n\t\t\t\t\t<\/figure>\n\t\t\t\t\n\t\t\t\t\t\t\t\t\t\t\t\t<div class=\"post-date wd-post-date wd-style-with-bg\" onclick=\"\">\n\t\t\t\t<span class=\"post-date-day\">\n\t\t\t\t\t08\t\t\t\t<\/span>\n\t\t\t\t<span class=\"post-date-month\">\n\t\t\t\t\tjun\t\t\t\t<\/span>\n\t\t\t<\/div>\n\t\t\t\t\t\t\n\t\t\t<\/header><!-- .entry-header -->\n\n\t\t<div class=\"article-body-container\">\n\t\t\t\n\t\t\t\t\n\t\t\t\t\t\t\t\t\t<h3 class=\"wd-entities-title title post-title\">\n\t\t\t\t\t\t<a href=\"https:\/\/almafitness.com.br\/caminhada-baixa-glicose\/\" rel=\"bookmark\">Descubra como a caminhada pode ajudar a baixar a glicose!<\/a>\n\t\t\t\t\t<\/h3>\n\t\t\t\t\n\t\t\t\t\t\t\t\n\t\t\t\t\t\t\t\n\t\t\t\t                    <div class=\"entry-content wd-entry-content\">\n\t\t\t\t\t\t<p>Descubra os benef\u00edcios da caminhada para controlar a glicose e manter uma vida saud\u00e1vel.<\/p>\n\n\t\t\t\t\t\t\t\t\t\t\t<\/div><!-- .entry-content -->\n\t\t\t\t\n\t\t\t\t\t\t\t\t\t\t\t\t\t\t<p class=\"read-more-section\">\n\t\t\t\t\t\t<a class=\"btn-read-more more-link\" href=\"https:\/\/almafitness.com.br\/caminhada-baixa-glicose\/\">Continue lendo<\/a>\t\t\t\t\t<\/p>\n\t\t\t\t\t\t\t\t\t\t\t\n\t\t\t\n\t\t\t\t\t<\/div>\n\t<\/div>\n<\/article><!-- #post -->\n\n\n\t\t\t\t\t\t\t\t\t\t\t\n<article id=\"post-19899\" class=\"blog-design-masonry blog-post-loop blog-style-bg wd-add-shadow  col-lg-4 col-md-4 col-sm-6 col-12 last  post-19899 post type-post status-publish format-standard has-post-thumbnail hentry category-corrida-e-caminhada\">\n\t<div class=\"article-inner\">\n\t\t\t\t\t<header class=\"entry-header\">\n\t\t\t\t\t\t\t\t\t\n\t\t\t\t\t<figure id=\"carousel-138\" class=\"entry-thumbnail\" data-owl-carousel data-hide_pagination_control=\"yes\" data-desktop=\"1\" data-tablet=\"1\" data-tablet_landscape=\"1\" data-mobile=\"1\">\n\t\t\t\t\t\t\n\t\t\t\t\t\t\t<div class=\"post-img-wrapp\">\n\t\t\t\t\t\t\t\t<a href=\"https:\/\/almafitness.com.br\/caminhada-afina-as-pernas\/\">\n\t\t\t\t\t\t\t\t\t<img width=\"1024\" height=\"769\" src=\"https:\/\/almafitness.com.br\/wp-content\/uploads\/2023\/10\/caminhada-afina-as-pernas-1024x769.webp\" class=\"attachment-large size-large\" alt=\"caminhada afina as pernas\" decoding=\"async\" srcset=\"\/\/almafitness.com.br\/wp-content\/uploads\/2023\/10\/caminhada-afina-as-pernas-1024x769.webp 1024w, \/\/almafitness.com.br\/wp-content\/uploads\/2023\/10\/caminhada-afina-as-pernas-150x113.webp 150w, \/\/almafitness.com.br\/wp-content\/uploads\/2023\/10\/caminhada-afina-as-pernas-300x225.webp 300w, \/\/almafitness.com.br\/wp-content\/uploads\/2023\/10\/caminhada-afina-as-pernas-768x577.webp 768w, \/\/almafitness.com.br\/wp-content\/uploads\/2023\/10\/caminhada-afina-as-pernas.webp 1200w\" sizes=\"(max-width: 1024px) 100vw, 1024px\" \/>\t\t\t\t\t\t\t\t<\/a>\n\t\t\t\t\t\t\t<\/div>\n\t\t\t\t\t\t\t<div class=\"post-image-mask\">\n\t\t\t\t\t\t\t\t<span><\/span>\n\t\t\t\t\t\t\t<\/div>\n\n\t\t\t\t\t\t\n\t\t\t\t\t<\/figure>\n\t\t\t\t\n\t\t\t\t\t\t\t\t\t\t\t\t<div class=\"post-date wd-post-date wd-style-with-bg\" onclick=\"\">\n\t\t\t\t<span class=\"post-date-day\">\n\t\t\t\t\t08\t\t\t\t<\/span>\n\t\t\t\t<span class=\"post-date-month\">\n\t\t\t\t\tjun\t\t\t\t<\/span>\n\t\t\t<\/div>\n\t\t\t\t\t\t\n\t\t\t<\/header><!-- .entry-header -->\n\n\t\t<div class=\"article-body-container\">\n\t\t\t\n\t\t\t\t\n\t\t\t\t\t\t\t\t\t<h3 class=\"wd-entities-title title post-title\">\n\t\t\t\t\t\t<a href=\"https:\/\/almafitness.com.br\/caminhada-afina-as-pernas\/\" rel=\"bookmark\">Caminhada: o segredo para afinar as pernas!<\/a>\n\t\t\t\t\t<\/h3>\n\t\t\t\t\n\t\t\t\t\t\t\t\n\t\t\t\t\t\t\t\n\t\t\t\t                    <div class=\"entry-content wd-entry-content\">\n\t\t\t\t\t\t<p>Caminhada \u00e9 uma \u00f3tima atividade f\u00edsica que ajuda a fortalecer e afinar as pernas de forma saud\u00e1vel.<\/p>\n\n\t\t\t\t\t\t\t\t\t\t\t<\/div><!-- .entry-content -->\n\t\t\t\t\n\t\t\t\t\t\t\t\t\t\t\t\t\t\t<p class=\"read-more-section\">\n\t\t\t\t\t\t<a class=\"btn-read-more more-link\" href=\"https:\/\/almafitness.com.br\/caminhada-afina-as-pernas\/\">Continue lendo<\/a>\t\t\t\t\t<\/p>\n\t\t\t\t\t\t\t\t\t\t\t\n\t\t\t\n\t\t\t\t\t<\/div>\n\t<\/div>\n<\/article><!-- #post -->\n\n\n\t\t\t\t\t\t\t\t\t\t\t\n<article id=\"post-19889\" class=\"blog-design-masonry blog-post-loop blog-style-bg wd-add-shadow  col-lg-4 col-md-4 col-sm-6 col-12 first  post-19889 post type-post status-publish format-standard has-post-thumbnail hentry category-corrida-e-caminhada\">\n\t<div class=\"article-inner\">\n\t\t\t\t\t<header class=\"entry-header\">\n\t\t\t\t\t\t\t\t\t\n\t\t\t\t\t<figure id=\"carousel-758\" class=\"entry-thumbnail\" data-owl-carousel data-hide_pagination_control=\"yes\" data-desktop=\"1\" data-tablet=\"1\" data-tablet_landscape=\"1\" data-mobile=\"1\">\n\t\t\t\t\t\t\n\t\t\t\t\t\t\t<div class=\"post-img-wrapp\">\n\t\t\t\t\t\t\t\t<a href=\"https:\/\/almafitness.com.br\/caminhada-30-minutos-calorias\/\">\n\t\t\t\t\t\t\t\t\t<img width=\"1024\" height=\"683\" src=\"https:\/\/almafitness.com.br\/wp-content\/uploads\/2023\/10\/caminhada-30-minutos-calorias-1024x683.webp\" class=\"attachment-large size-large\" alt=\"caminhada 30 minutos calorias\" decoding=\"async\" srcset=\"\/\/almafitness.com.br\/wp-content\/uploads\/2023\/10\/caminhada-30-minutos-calorias-1024x683.webp 1024w, \/\/almafitness.com.br\/wp-content\/uploads\/2023\/10\/caminhada-30-minutos-calorias-150x100.webp 150w, \/\/almafitness.com.br\/wp-content\/uploads\/2023\/10\/caminhada-30-minutos-calorias-300x200.webp 300w, \/\/almafitness.com.br\/wp-content\/uploads\/2023\/10\/caminhada-30-minutos-calorias-768x512.webp 768w, \/\/almafitness.com.br\/wp-content\/uploads\/2023\/10\/caminhada-30-minutos-calorias.webp 1200w\" sizes=\"(max-width: 1024px) 100vw, 1024px\" \/>\t\t\t\t\t\t\t\t<\/a>\n\t\t\t\t\t\t\t<\/div>\n\t\t\t\t\t\t\t<div class=\"post-image-mask\">\n\t\t\t\t\t\t\t\t<span><\/span>\n\t\t\t\t\t\t\t<\/div>\n\n\t\t\t\t\t\t\n\t\t\t\t\t<\/figure>\n\t\t\t\t\n\t\t\t\t\t\t\t\t\t\t\t\t<div class=\"post-date wd-post-date wd-style-with-bg\" onclick=\"\">\n\t\t\t\t<span class=\"post-date-day\">\n\t\t\t\t\t07\t\t\t\t<\/span>\n\t\t\t\t<span class=\"post-date-month\">\n\t\t\t\t\tjun\t\t\t\t<\/span>\n\t\t\t<\/div>\n\t\t\t\t\t\t\n\t\t\t<\/header><!-- .entry-header -->\n\n\t\t<div class=\"article-body-container\">\n\t\t\t\n\t\t\t\t\n\t\t\t\t\t\t\t\t\t<h3 class=\"wd-entities-title title post-title\">\n\t\t\t\t\t\t<a href=\"https:\/\/almafitness.com.br\/caminhada-30-minutos-calorias\/\" rel=\"bookmark\">Queime calorias: os benef\u00edcios da caminhada de 30 minutos<\/a>\n\t\t\t\t\t<\/h3>\n\t\t\t\t\n\t\t\t\t\t\t\t\n\t\t\t\t\t\t\t\n\t\t\t\t                    <div class=\"entry-content wd-entry-content\">\n\t\t\t\t\t\t<p>Melhore a sua sa\u00fade e queime calorias com uma caminhada di\u00e1ria de 30 minutos ao ar livre.<\/p>\n\n\t\t\t\t\t\t\t\t\t\t\t<\/div><!-- .entry-content -->\n\t\t\t\t\n\t\t\t\t\t\t\t\t\t\t\t\t\t\t<p class=\"read-more-section\">\n\t\t\t\t\t\t<a class=\"btn-read-more more-link\" href=\"https:\/\/almafitness.com.br\/caminhada-30-minutos-calorias\/\">Continue lendo<\/a>\t\t\t\t\t<\/p>\n\t\t\t\t\t\t\t\t\t\t\t\n\t\t\t\n\t\t\t\t\t<\/div>\n\t<\/div>\n<\/article><!-- #post -->\n\n\n\t\t\t\t\t\t\t\t\t\t\t\n<article id=\"post-19880\" class=\"blog-design-masonry blog-post-loop blog-style-bg wd-add-shadow  col-lg-4 col-md-4 col-sm-6 col-12 post-19880 post type-post status-publish format-standard has-post-thumbnail hentry category-corrida-e-caminhada\">\n\t<div class=\"article-inner\">\n\t\t\t\t\t<header class=\"entry-header\">\n\t\t\t\t\t\t\t\t\t\n\t\t\t\t\t<figure id=\"carousel-272\" class=\"entry-thumbnail\" data-owl-carousel data-hide_pagination_control=\"yes\" data-desktop=\"1\" data-tablet=\"1\" data-tablet_landscape=\"1\" data-mobile=\"1\">\n\t\t\t\t\t\t\n\t\t\t\t\t\t\t<div class=\"post-img-wrapp\">\n\t\t\t\t\t\t\t\t<a href=\"https:\/\/almafitness.com.br\/caminhada-em-casas-03\/\">\n\t\t\t\t\t\t\t\t\t<img width=\"1024\" height=\"680\" src=\"https:\/\/almafitness.com.br\/wp-content\/uploads\/2023\/10\/caminhada-em-casas-03-1024x680.webp\" class=\"attachment-large size-large\" alt=\"caminhada em casas 03\" decoding=\"async\" srcset=\"\/\/almafitness.com.br\/wp-content\/uploads\/2023\/10\/caminhada-em-casas-03-1024x680.webp 1024w, \/\/almafitness.com.br\/wp-content\/uploads\/2023\/10\/caminhada-em-casas-03-150x100.webp 150w, \/\/almafitness.com.br\/wp-content\/uploads\/2023\/10\/caminhada-em-casas-03-300x199.webp 300w, \/\/almafitness.com.br\/wp-content\/uploads\/2023\/10\/caminhada-em-casas-03-768x510.webp 768w, \/\/almafitness.com.br\/wp-content\/uploads\/2023\/10\/caminhada-em-casas-03.webp 1160w\" sizes=\"(max-width: 1024px) 100vw, 1024px\" \/>\t\t\t\t\t\t\t\t<\/a>\n\t\t\t\t\t\t\t<\/div>\n\t\t\t\t\t\t\t<div class=\"post-image-mask\">\n\t\t\t\t\t\t\t\t<span><\/span>\n\t\t\t\t\t\t\t<\/div>\n\n\t\t\t\t\t\t\n\t\t\t\t\t<\/figure>\n\t\t\t\t\n\t\t\t\t\t\t\t\t\t\t\t\t<div class=\"post-date wd-post-date wd-style-with-bg\" onclick=\"\">\n\t\t\t\t<span class=\"post-date-day\">\n\t\t\t\t\t07\t\t\t\t<\/span>\n\t\t\t\t<span class=\"post-date-month\">\n\t\t\t\t\tjun\t\t\t\t<\/span>\n\t\t\t<\/div>\n\t\t\t\t\t\t\n\t\t\t<\/header><!-- .entry-header -->\n\n\t\t<div class=\"article-body-container\">\n\t\t\t\n\t\t\t\t\n\t\t\t\t\t\t\t\t\t<h3 class=\"wd-entities-title title post-title\">\n\t\t\t\t\t\t<a href=\"https:\/\/almafitness.com.br\/caminhada-em-casas-03\/\" rel=\"bookmark\">Descubra os Benef\u00edcios da Caminhada em Casas com Estilo<\/a>\n\t\t\t\t\t<\/h3>\n\t\t\t\t\n\t\t\t\t\t\t\t\n\t\t\t\t\t\t\t\n\t\t\t\t                    <div class=\"entry-content wd-entry-content\">\n\t\t\t\t\t\t<p>Explore a cidade de uma forma \u00fanica com a caminhada em casas 03, uma experi\u00eancia encantadora e inesquec\u00edvel.<\/p>\n\n\t\t\t\t\t\t\t\t\t\t\t<\/div><!-- .entry-content -->\n\t\t\t\t\n\t\t\t\t\t\t\t\t\t\t\t\t\t\t<p class=\"read-more-section\">\n\t\t\t\t\t\t<a class=\"btn-read-more more-link\" href=\"https:\/\/almafitness.com.br\/caminhada-em-casas-03\/\">Continue lendo<\/a>\t\t\t\t\t<\/p>\n\t\t\t\t\t\t\t\t\t\t\t\n\t\t\t\n\t\t\t\t\t<\/div>\n\t<\/div>\n<\/article><!-- #post -->\n\n\n\t\t\t\t\t\t\t\t\t\t\t\n<article id=\"post-19869\" class=\"blog-design-masonry blog-post-loop blog-style-bg wd-add-shadow  col-lg-4 col-md-4 col-sm-6 col-12 last  post-19869 post type-post status-publish format-standard has-post-thumbnail hentry category-corrida-e-caminhada\">\n\t<div class=\"article-inner\">\n\t\t\t\t\t<header class=\"entry-header\">\n\t\t\t\t\t\t\t\t\t\n\t\t\t\t\t<figure id=\"carousel-782\" class=\"entry-thumbnail\" data-owl-carousel data-hide_pagination_control=\"yes\" data-desktop=\"1\" data-tablet=\"1\" data-tablet_landscape=\"1\" data-mobile=\"1\">\n\t\t\t\t\t\t\n\t\t\t\t\t\t\t<div class=\"post-img-wrapp\">\n\t\t\t\t\t\t\t\t<a href=\"https:\/\/almafitness.com.br\/caminhada-setembro-amarelo\/\">\n\t\t\t\t\t\t\t\t\t<img width=\"1024\" height=\"558\" src=\"https:\/\/almafitness.com.br\/wp-content\/uploads\/2023\/10\/caminhada-setembro-amarelo-1024x558.webp\" class=\"attachment-large size-large\" alt=\"caminhada setembro amarelo\" decoding=\"async\" srcset=\"\/\/almafitness.com.br\/wp-content\/uploads\/2023\/10\/caminhada-setembro-amarelo-1024x558.webp 1024w, \/\/almafitness.com.br\/wp-content\/uploads\/2023\/10\/caminhada-setembro-amarelo-150x82.webp 150w, \/\/almafitness.com.br\/wp-content\/uploads\/2023\/10\/caminhada-setembro-amarelo-1200x654.webp 1200w, \/\/almafitness.com.br\/wp-content\/uploads\/2023\/10\/caminhada-setembro-amarelo-300x164.webp 300w, \/\/almafitness.com.br\/wp-content\/uploads\/2023\/10\/caminhada-setembro-amarelo-768x419.webp 768w, \/\/almafitness.com.br\/wp-content\/uploads\/2023\/10\/caminhada-setembro-amarelo.webp 1500w\" sizes=\"(max-width: 1024px) 100vw, 1024px\" \/>\t\t\t\t\t\t\t\t<\/a>\n\t\t\t\t\t\t\t<\/div>\n\t\t\t\t\t\t\t<div class=\"post-image-mask\">\n\t\t\t\t\t\t\t\t<span><\/span>\n\t\t\t\t\t\t\t<\/div>\n\n\t\t\t\t\t\t\n\t\t\t\t\t<\/figure>\n\t\t\t\t\n\t\t\t\t\t\t\t\t\t\t\t\t<div class=\"post-date wd-post-date wd-style-with-bg\" onclick=\"\">\n\t\t\t\t<span class=\"post-date-day\">\n\t\t\t\t\t07\t\t\t\t<\/span>\n\t\t\t\t<span class=\"post-date-month\">\n\t\t\t\t\tjun\t\t\t\t<\/span>\n\t\t\t<\/div>\n\t\t\t\t\t\t\n\t\t\t<\/header><!-- .entry-header -->\n\n\t\t<div class=\"article-body-container\">\n\t\t\t\n\t\t\t\t\n\t\t\t\t\t\t\t\t\t<h3 class=\"wd-entities-title title post-title\">\n\t\t\t\t\t\t<a href=\"https:\/\/almafitness.com.br\/caminhada-setembro-amarelo\/\" rel=\"bookmark\">Caminhada Setembro Amarelo: Como a atividade f\u00edsica pode ajudar na preven\u00e7\u00e3o da depress\u00e3o<\/a>\n\t\t\t\t\t<\/h3>\n\t\t\t\t\n\t\t\t\t\t\t\t\n\t\t\t\t\t\t\t\n\t\t\t\t                    <div class=\"entry-content wd-entry-content\">\n\t\t\t\t\t\t<p>Caminhada solid\u00e1ria para conscientiza\u00e7\u00e3o e preven\u00e7\u00e3o do suic\u00eddio, em apoio ao movimento Setembro Amarelo.<\/p>\n\n\t\t\t\t\t\t\t\t\t\t\t<\/div><!-- .entry-content -->\n\t\t\t\t\n\t\t\t\t\t\t\t\t\t\t\t\t\t\t<p class=\"read-more-section\">\n\t\t\t\t\t\t<a class=\"btn-read-more more-link\" href=\"https:\/\/almafitness.com.br\/caminhada-setembro-amarelo\/\">Continue lendo<\/a>\t\t\t\t\t<\/p>\n\t\t\t\t\t\t\t\t\t\t\t\n\t\t\t\n\t\t\t\t\t<\/div>\n\t<\/div>\n<\/article><!-- #post -->\n\n\n\t\t\t\t\t\t\t\t\t\t\t\n<article id=\"post-19862\" class=\"blog-design-masonry blog-post-loop blog-style-bg wd-add-shadow  col-lg-4 col-md-4 col-sm-6 col-12 first  post-19862 post type-post status-publish format-standard has-post-thumbnail hentry category-corrida-e-caminhada\">\n\t<div class=\"article-inner\">\n\t\t\t\t\t<header class=\"entry-header\">\n\t\t\t\t\t\t\t\t\t\n\t\t\t\t\t<figure id=\"carousel-512\" class=\"entry-thumbnail\" data-owl-carousel data-hide_pagination_control=\"yes\" data-desktop=\"1\" data-tablet=\"1\" data-tablet_landscape=\"1\" data-mobile=\"1\">\n\t\t\t\t\t\t\n\t\t\t\t\t\t\t<div class=\"post-img-wrapp\">\n\t\t\t\t\t\t\t\t<a href=\"https:\/\/almafitness.com.br\/caminhada-rapida\/\">\n\t\t\t\t\t\t\t\t\t<img width=\"750\" height=\"500\" src=\"https:\/\/almafitness.com.br\/wp-content\/uploads\/2023\/10\/caminhada-rapida.webp\" class=\"attachment-large size-large\" alt=\"caminhada rapida\" decoding=\"async\" srcset=\"\/\/almafitness.com.br\/wp-content\/uploads\/2023\/10\/caminhada-rapida.webp 750w, \/\/almafitness.com.br\/wp-content\/uploads\/2023\/10\/caminhada-rapida-150x100.webp 150w, \/\/almafitness.com.br\/wp-content\/uploads\/2023\/10\/caminhada-rapida-300x200.webp 300w\" sizes=\"(max-width: 750px) 100vw, 750px\" \/>\t\t\t\t\t\t\t\t<\/a>\n\t\t\t\t\t\t\t<\/div>\n\t\t\t\t\t\t\t<div class=\"post-image-mask\">\n\t\t\t\t\t\t\t\t<span><\/span>\n\t\t\t\t\t\t\t<\/div>\n\n\t\t\t\t\t\t\n\t\t\t\t\t<\/figure>\n\t\t\t\t\n\t\t\t\t\t\t\t\t\t\t\t\t<div class=\"post-date wd-post-date wd-style-with-bg\" onclick=\"\">\n\t\t\t\t<span class=\"post-date-day\">\n\t\t\t\t\t06\t\t\t\t<\/span>\n\t\t\t\t<span class=\"post-date-month\">\n\t\t\t\t\tjun\t\t\t\t<\/span>\n\t\t\t<\/div>\n\t\t\t\t\t\t\n\t\t\t<\/header><!-- .entry-header -->\n\n\t\t<div class=\"article-body-container\">\n\t\t\t\n\t\t\t\t\n\t\t\t\t\t\t\t\t\t<h3 class=\"wd-entities-title title post-title\">\n\t\t\t\t\t\t<a href=\"https:\/\/almafitness.com.br\/caminhada-rapida\/\" rel=\"bookmark\">Caminhada R\u00e1pida: Benef\u00edcios e Dicas Para Praticar Com Efici\u00eancia<\/a>\n\t\t\t\t\t<\/h3>\n\t\t\t\t\n\t\t\t\t\t\t\t\n\t\t\t\t\t\t\t\n\t\t\t\t                    <div class=\"entry-content wd-entry-content\">\n\t\t\t\t\t\t<p>A caminhada r\u00e1pida \u00e9 uma \u00f3tima op\u00e7\u00e3o de exerc\u00edcio para manter a sa\u00fade e o bem-estar em dia.<\/p>\n\n\t\t\t\t\t\t\t\t\t\t\t<\/div><!-- .entry-content -->\n\t\t\t\t\n\t\t\t\t\t\t\t\t\t\t\t\t\t\t<p class=\"read-more-section\">\n\t\t\t\t\t\t<a class=\"btn-read-more more-link\" href=\"https:\/\/almafitness.com.br\/caminhada-rapida\/\">Continue lendo<\/a>\t\t\t\t\t<\/p>\n\t\t\t\t\t\t\t\t\t\t\t\n\t\t\t\n\t\t\t\t\t<\/div>\n\t<\/div>\n<\/article><!-- #post -->\n\n\n\t\t\t\t\t\t\t\t\t\t\t\n<article id=\"post-19852\" class=\"blog-design-masonry blog-post-loop blog-style-bg wd-add-shadow  col-lg-4 col-md-4 col-sm-6 col-12 post-19852 post type-post status-publish format-standard has-post-thumbnail hentry category-corrida-e-caminhada\">\n\t<div class=\"article-inner\">\n\t\t\t\t\t<header class=\"entry-header\">\n\t\t\t\t\t\t\t\t\t\n\t\t\t\t\t<figure id=\"carousel-217\" class=\"entry-thumbnail\" data-owl-carousel data-hide_pagination_control=\"yes\" data-desktop=\"1\" data-tablet=\"1\" data-tablet_landscape=\"1\" data-mobile=\"1\">\n\t\t\t\t\t\t\n\t\t\t\t\t\t\t<div class=\"post-img-wrapp\">\n\t\t\t\t\t\t\t\t<a href=\"https:\/\/almafitness.com.br\/caminhada-gif\/\">\n\t\t\t\t\t\t\t\t\t<img width=\"1024\" height=\"575\" src=\"https:\/\/almafitness.com.br\/wp-content\/uploads\/2023\/10\/caminhada-gif.webp\" class=\"attachment-large size-large\" alt=\"caminhada gif\" decoding=\"async\" srcset=\"\/\/almafitness.com.br\/wp-content\/uploads\/2023\/10\/caminhada-gif.webp 1024w, \/\/almafitness.com.br\/wp-content\/uploads\/2023\/10\/caminhada-gif-150x84.webp 150w, \/\/almafitness.com.br\/wp-content\/uploads\/2023\/10\/caminhada-gif-300x168.webp 300w, \/\/almafitness.com.br\/wp-content\/uploads\/2023\/10\/caminhada-gif-768x431.webp 768w\" sizes=\"(max-width: 1024px) 100vw, 1024px\" \/>\t\t\t\t\t\t\t\t<\/a>\n\t\t\t\t\t\t\t<\/div>\n\t\t\t\t\t\t\t<div class=\"post-image-mask\">\n\t\t\t\t\t\t\t\t<span><\/span>\n\t\t\t\t\t\t\t<\/div>\n\n\t\t\t\t\t\t\n\t\t\t\t\t<\/figure>\n\t\t\t\t\n\t\t\t\t\t\t\t\t\t\t\t\t<div class=\"post-date wd-post-date wd-style-with-bg\" onclick=\"\">\n\t\t\t\t<span class=\"post-date-day\">\n\t\t\t\t\t06\t\t\t\t<\/span>\n\t\t\t\t<span class=\"post-date-month\">\n\t\t\t\t\tjun\t\t\t\t<\/span>\n\t\t\t<\/div>\n\t\t\t\t\t\t\n\t\t\t<\/header><!-- .entry-header -->\n\n\t\t<div class=\"article-body-container\">\n\t\t\t\n\t\t\t\t\n\t\t\t\t\t\t\t\t\t<h3 class=\"wd-entities-title title post-title\">\n\t\t\t\t\t\t<a href=\"https:\/\/almafitness.com.br\/caminhada-gif\/\" rel=\"bookmark\">Descubra os Benef\u00edcios da Caminhada com Gifs Motivadores<\/a>\n\t\t\t\t\t<\/h3>\n\t\t\t\t\n\t\t\t\t\t\t\t\n\t\t\t\t\t\t\t\n\t\t\t\t                    <div class=\"entry-content wd-entry-content\">\n\t\t\t\t\t\t<p>Descubra as maravilhas da natureza atrav\u00e9s de um caminhada incr\u00edvel ilustrada em um lindo gif.<\/p>\n\n\t\t\t\t\t\t\t\t\t\t\t<\/div><!-- .entry-content -->\n\t\t\t\t\n\t\t\t\t\t\t\t\t\t\t\t\t\t\t<p class=\"read-more-section\">\n\t\t\t\t\t\t<a class=\"btn-read-more more-link\" href=\"https:\/\/almafitness.com.br\/caminhada-gif\/\">Continue lendo<\/a>\t\t\t\t\t<\/p>\n\t\t\t\t\t\t\t\t\t\t\t\n\t\t\t\n\t\t\t\t\t<\/div>\n\t<\/div>\n<\/article><!-- #post -->\n\n\n\t\t\t\t\t\t\t\t\t\t\t\n<article id=\"post-19845\" class=\"blog-design-masonry blog-post-loop blog-style-bg wd-add-shadow  col-lg-4 col-md-4 col-sm-6 col-12 last  post-19845 post type-post status-publish format-standard has-post-thumbnail hentry category-corrida-e-caminhada\">\n\t<div class=\"article-inner\">\n\t\t\t\t\t<header class=\"entry-header\">\n\t\t\t\t\t\t\t\t\t\n\t\t\t\t\t<figure id=\"carousel-685\" class=\"entry-thumbnail\" data-owl-carousel data-hide_pagination_control=\"yes\" data-desktop=\"1\" data-tablet=\"1\" data-tablet_landscape=\"1\" data-mobile=\"1\">\n\t\t\t\t\t\t\n\t\t\t\t\t\t\t<div class=\"post-img-wrapp\">\n\t\t\t\t\t\t\t\t<a href=\"https:\/\/almafitness.com.br\/caminhada-gasta-quantas-calorias\/\">\n\t\t\t\t\t\t\t\t\t<img width=\"1024\" height=\"558\" src=\"https:\/\/almafitness.com.br\/wp-content\/uploads\/2023\/10\/caminhada-gasta-quantas-calorias-1024x558.webp\" class=\"attachment-large size-large\" alt=\"caminhada gasta quantas calorias\" decoding=\"async\" srcset=\"\/\/almafitness.com.br\/wp-content\/uploads\/2023\/10\/caminhada-gasta-quantas-calorias-1024x558.webp 1024w, \/\/almafitness.com.br\/wp-content\/uploads\/2023\/10\/caminhada-gasta-quantas-calorias-150x82.webp 150w, \/\/almafitness.com.br\/wp-content\/uploads\/2023\/10\/caminhada-gasta-quantas-calorias-1200x654.webp 1200w, \/\/almafitness.com.br\/wp-content\/uploads\/2023\/10\/caminhada-gasta-quantas-calorias-300x164.webp 300w, \/\/almafitness.com.br\/wp-content\/uploads\/2023\/10\/caminhada-gasta-quantas-calorias-768x419.webp 768w, \/\/almafitness.com.br\/wp-content\/uploads\/2023\/10\/caminhada-gasta-quantas-calorias.webp 1500w\" sizes=\"(max-width: 1024px) 100vw, 1024px\" \/>\t\t\t\t\t\t\t\t<\/a>\n\t\t\t\t\t\t\t<\/div>\n\t\t\t\t\t\t\t<div class=\"post-image-mask\">\n\t\t\t\t\t\t\t\t<span><\/span>\n\t\t\t\t\t\t\t<\/div>\n\n\t\t\t\t\t\t\n\t\t\t\t\t<\/figure>\n\t\t\t\t\n\t\t\t\t\t\t\t\t\t\t\t\t<div class=\"post-date wd-post-date wd-style-with-bg\" onclick=\"\">\n\t\t\t\t<span class=\"post-date-day\">\n\t\t\t\t\t06\t\t\t\t<\/span>\n\t\t\t\t<span class=\"post-date-month\">\n\t\t\t\t\tjun\t\t\t\t<\/span>\n\t\t\t<\/div>\n\t\t\t\t\t\t\n\t\t\t<\/header><!-- .entry-header -->\n\n\t\t<div class=\"article-body-container\">\n\t\t\t\n\t\t\t\t\n\t\t\t\t\t\t\t\t\t<h3 class=\"wd-entities-title title post-title\">\n\t\t\t\t\t\t<a href=\"https:\/\/almafitness.com.br\/caminhada-gasta-quantas-calorias\/\" rel=\"bookmark\">Descubra: Caminhada gasta quantas calorias &#8211; Dicas e benef\u00edcios!<\/a>\n\t\t\t\t\t<\/h3>\n\t\t\t\t\n\t\t\t\t\t\t\t\n\t\t\t\t\t\t\t\n\t\t\t\t                    <div class=\"entry-content wd-entry-content\">\n\t\t\t\t\t\t<p>Caminhada: exerc\u00edcio simples e prazeroso que pode queimar muitas calorias em pouco tempo. Experimente!<\/p>\n\n\t\t\t\t\t\t\t\t\t\t\t<\/div><!-- .entry-content -->\n\t\t\t\t\n\t\t\t\t\t\t\t\t\t\t\t\t\t\t<p class=\"read-more-section\">\n\t\t\t\t\t\t<a class=\"btn-read-more more-link\" href=\"https:\/\/almafitness.com.br\/caminhada-gasta-quantas-calorias\/\">Continue lendo<\/a>\t\t\t\t\t<\/p>\n\t\t\t\t\t\t\t\t\t\t\t\n\t\t\t\n\t\t\t\t\t<\/div>\n\t<\/div>\n<\/article><!-- #post -->\n\n\n\t\t\t\t\t\t\t\t\t\t\t\n<article id=\"post-19837\" class=\"blog-design-masonry blog-post-loop blog-style-bg wd-add-shadow  col-lg-4 col-md-4 col-sm-6 col-12 first  post-19837 post type-post status-publish format-standard has-post-thumbnail hentry category-corrida-e-caminhada\">\n\t<div class=\"article-inner\">\n\t\t\t\t\t<header class=\"entry-header\">\n\t\t\t\t\t\t\t\t\t\n\t\t\t\t\t<figure id=\"carousel-847\" class=\"entry-thumbnail\" data-owl-carousel data-hide_pagination_control=\"yes\" data-desktop=\"1\" data-tablet=\"1\" data-tablet_landscape=\"1\" data-mobile=\"1\">\n\t\t\t\t\t\t\n\t\t\t\t\t\t\t<div class=\"post-img-wrapp\">\n\t\t\t\t\t\t\t\t<a href=\"https:\/\/almafitness.com.br\/caminhada-faz-ganhar-massa-muscular\/\">\n\t\t\t\t\t\t\t\t\t<img width=\"888\" height=\"592\" src=\"https:\/\/almafitness.com.br\/wp-content\/uploads\/2023\/10\/caminhada-faz-ganhar-massa-muscular.webp\" class=\"attachment-large size-large\" alt=\"caminhada faz ganhar massa muscular\" decoding=\"async\" srcset=\"\/\/almafitness.com.br\/wp-content\/uploads\/2023\/10\/caminhada-faz-ganhar-massa-muscular.webp 888w, \/\/almafitness.com.br\/wp-content\/uploads\/2023\/10\/caminhada-faz-ganhar-massa-muscular-150x100.webp 150w, \/\/almafitness.com.br\/wp-content\/uploads\/2023\/10\/caminhada-faz-ganhar-massa-muscular-300x200.webp 300w, \/\/almafitness.com.br\/wp-content\/uploads\/2023\/10\/caminhada-faz-ganhar-massa-muscular-768x512.webp 768w\" sizes=\"(max-width: 888px) 100vw, 888px\" \/>\t\t\t\t\t\t\t\t<\/a>\n\t\t\t\t\t\t\t<\/div>\n\t\t\t\t\t\t\t<div class=\"post-image-mask\">\n\t\t\t\t\t\t\t\t<span><\/span>\n\t\t\t\t\t\t\t<\/div>\n\n\t\t\t\t\t\t\n\t\t\t\t\t<\/figure>\n\t\t\t\t\n\t\t\t\t\t\t\t\t\t\t\t\t<div class=\"post-date wd-post-date wd-style-with-bg\" onclick=\"\">\n\t\t\t\t<span class=\"post-date-day\">\n\t\t\t\t\t05\t\t\t\t<\/span>\n\t\t\t\t<span class=\"post-date-month\">\n\t\t\t\t\tjun\t\t\t\t<\/span>\n\t\t\t<\/div>\n\t\t\t\t\t\t\n\t\t\t<\/header><!-- .entry-header -->\n\n\t\t<div class=\"article-body-container\">\n\t\t\t\n\t\t\t\t\n\t\t\t\t\t\t\t\t\t<h3 class=\"wd-entities-title title post-title\">\n\t\t\t\t\t\t<a href=\"https:\/\/almafitness.com.br\/caminhada-faz-ganhar-massa-muscular\/\" rel=\"bookmark\">Descubra os benef\u00edcios da caminhada para ganhar massa muscular!<\/a>\n\t\t\t\t\t<\/h3>\n\t\t\t\t\n\t\t\t\t\t\t\t\n\t\t\t\t\t\t\t\n\t\t\t\t                    <div class=\"entry-content wd-entry-content\">\n\t\t\t\t\t\t<p>Praticar caminhada regularmente \u00e9 uma forma eficaz de ganhar massa muscular e manter a sa\u00fade em dia.<\/p>\n\n\t\t\t\t\t\t\t\t\t\t\t<\/div><!-- .entry-content -->\n\t\t\t\t\n\t\t\t\t\t\t\t\t\t\t\t\t\t\t<p class=\"read-more-section\">\n\t\t\t\t\t\t<a class=\"btn-read-more more-link\" href=\"https:\/\/almafitness.com.br\/caminhada-faz-ganhar-massa-muscular\/\">Continue lendo<\/a>\t\t\t\t\t<\/p>\n\t\t\t\t\t\t\t\t\t\t\t\n\t\t\t\n\t\t\t\t\t<\/div>\n\t<\/div>\n<\/article><!-- #post -->\n\n\n\t\t\t\t\t\t\t\t\t\t\t\n<article id=\"post-19829\" class=\"blog-design-masonry blog-post-loop blog-style-bg wd-add-shadow  col-lg-4 col-md-4 col-sm-6 col-12 post-19829 post type-post status-publish format-standard has-post-thumbnail hentry category-corrida-e-caminhada\">\n\t<div class=\"article-inner\">\n\t\t\t\t\t<header class=\"entry-header\">\n\t\t\t\t\t\t\t\t\t\n\t\t\t\t\t<figure id=\"carousel-313\" class=\"entry-thumbnail\" data-owl-carousel data-hide_pagination_control=\"yes\" data-desktop=\"1\" data-tablet=\"1\" data-tablet_landscape=\"1\" data-mobile=\"1\">\n\t\t\t\t\t\t\n\t\t\t\t\t\t\t<div class=\"post-img-wrapp\">\n\t\t\t\t\t\t\t\t<a href=\"https:\/\/almafitness.com.br\/caminhada-estacionaria\/\">\n\t\t\t\t\t\t\t\t\t<img width=\"1024\" height=\"684\" src=\"https:\/\/almafitness.com.br\/wp-content\/uploads\/2023\/10\/caminhada-estacionaria-1024x684.webp\" class=\"attachment-large size-large\" alt=\"caminhada estacion\u00e1ria\" decoding=\"async\" srcset=\"\/\/almafitness.com.br\/wp-content\/uploads\/2023\/10\/caminhada-estacionaria-1024x684.webp 1024w, \/\/almafitness.com.br\/wp-content\/uploads\/2023\/10\/caminhada-estacionaria-150x100.webp 150w, \/\/almafitness.com.br\/wp-content\/uploads\/2023\/10\/caminhada-estacionaria-300x200.webp 300w, \/\/almafitness.com.br\/wp-content\/uploads\/2023\/10\/caminhada-estacionaria-768x513.webp 768w, \/\/almafitness.com.br\/wp-content\/uploads\/2023\/10\/caminhada-estacionaria.webp 1200w\" sizes=\"(max-width: 1024px) 100vw, 1024px\" \/>\t\t\t\t\t\t\t\t<\/a>\n\t\t\t\t\t\t\t<\/div>\n\t\t\t\t\t\t\t<div class=\"post-image-mask\">\n\t\t\t\t\t\t\t\t<span><\/span>\n\t\t\t\t\t\t\t<\/div>\n\n\t\t\t\t\t\t\n\t\t\t\t\t<\/figure>\n\t\t\t\t\n\t\t\t\t\t\t\t\t\t\t\t\t<div class=\"post-date wd-post-date wd-style-with-bg\" onclick=\"\">\n\t\t\t\t<span class=\"post-date-day\">\n\t\t\t\t\t05\t\t\t\t<\/span>\n\t\t\t\t<span class=\"post-date-month\">\n\t\t\t\t\tjun\t\t\t\t<\/span>\n\t\t\t<\/div>\n\t\t\t\t\t\t\n\t\t\t<\/header><!-- .entry-header -->\n\n\t\t<div class=\"article-body-container\">\n\t\t\t\n\t\t\t\t\n\t\t\t\t\t\t\t\t\t<h3 class=\"wd-entities-title title post-title\">\n\t\t\t\t\t\t<a href=\"https:\/\/almafitness.com.br\/caminhada-estacionaria\/\" rel=\"bookmark\">Transforme sua rotina com a caminhada estacion\u00e1ria: benef\u00edcios comprovados!<\/a>\n\t\t\t\t\t<\/h3>\n\t\t\t\t\n\t\t\t\t\t\t\t\n\t\t\t\t\t\t\t\n\t\t\t\t                    <div class=\"entry-content wd-entry-content\">\n\t\t\t\t\t\t<p>A caminhada estacion\u00e1ria \u00e9 uma atividade f\u00edsica que promove a sa\u00fade e o bem-estar sem sair do lugar.<\/p>\n\n\t\t\t\t\t\t\t\t\t\t\t<\/div><!-- .entry-content -->\n\t\t\t\t\n\t\t\t\t\t\t\t\t\t\t\t\t\t\t<p class=\"read-more-section\">\n\t\t\t\t\t\t<a class=\"btn-read-more more-link\" href=\"https:\/\/almafitness.com.br\/caminhada-estacionaria\/\">Continue lendo<\/a>\t\t\t\t\t<\/p>\n\t\t\t\t\t\t\t\t\t\t\t\n\t\t\t\n\t\t\t\t\t<\/div>\n\t<\/div>\n<\/article><!-- #post -->\n\n\n\t\t\t\t\t\t\t\t\t\t\t\n<article id=\"post-19822\" class=\"blog-design-masonry blog-post-loop blog-style-bg wd-add-shadow  col-lg-4 col-md-4 col-sm-6 col-12 last  post-19822 post type-post status-publish format-standard has-post-thumbnail hentry category-corrida-e-caminhada\">\n\t<div class=\"article-inner\">\n\t\t\t\t\t<header class=\"entry-header\">\n\t\t\t\t\t\t\t\t\t\n\t\t\t\t\t<figure id=\"carousel-838\" class=\"entry-thumbnail\" data-owl-carousel data-hide_pagination_control=\"yes\" data-desktop=\"1\" data-tablet=\"1\" data-tablet_landscape=\"1\" data-mobile=\"1\">\n\t\t\t\t\t\t\n\t\t\t\t\t\t\t<div class=\"post-img-wrapp\">\n\t\t\t\t\t\t\t\t<a href=\"https:\/\/almafitness.com.br\/caminhada-cura-diabetes\/\">\n\t\t\t\t\t\t\t\t\t<img width=\"832\" height=\"520\" src=\"https:\/\/almafitness.com.br\/wp-content\/uploads\/2023\/10\/caminhada-cura-diabetes.webp\" class=\"attachment-large size-large\" alt=\"caminhada cura diabetes\" decoding=\"async\" srcset=\"\/\/almafitness.com.br\/wp-content\/uploads\/2023\/10\/caminhada-cura-diabetes.webp 832w, \/\/almafitness.com.br\/wp-content\/uploads\/2023\/10\/caminhada-cura-diabetes-150x94.webp 150w, \/\/almafitness.com.br\/wp-content\/uploads\/2023\/10\/caminhada-cura-diabetes-300x188.webp 300w, \/\/almafitness.com.br\/wp-content\/uploads\/2023\/10\/caminhada-cura-diabetes-768x480.webp 768w\" sizes=\"(max-width: 832px) 100vw, 832px\" \/>\t\t\t\t\t\t\t\t<\/a>\n\t\t\t\t\t\t\t<\/div>\n\t\t\t\t\t\t\t<div class=\"post-image-mask\">\n\t\t\t\t\t\t\t\t<span><\/span>\n\t\t\t\t\t\t\t<\/div>\n\n\t\t\t\t\t\t\n\t\t\t\t\t<\/figure>\n\t\t\t\t\n\t\t\t\t\t\t\t\t\t\t\t\t<div class=\"post-date wd-post-date wd-style-with-bg\" onclick=\"\">\n\t\t\t\t<span class=\"post-date-day\">\n\t\t\t\t\t05\t\t\t\t<\/span>\n\t\t\t\t<span class=\"post-date-month\">\n\t\t\t\t\tjun\t\t\t\t<\/span>\n\t\t\t<\/div>\n\t\t\t\t\t\t\n\t\t\t<\/header><!-- .entry-header -->\n\n\t\t<div class=\"article-body-container\">\n\t\t\t\n\t\t\t\t\n\t\t\t\t\t\t\t\t\t<h3 class=\"wd-entities-title title post-title\">\n\t\t\t\t\t\t<a href=\"https:\/\/almafitness.com.br\/caminhada-cura-diabetes\/\" rel=\"bookmark\">Caminhada: O Melhor Rem\u00e9dio contra Diabetes &#8211; Dicas de Sa\u00fade<\/a>\n\t\t\t\t\t<\/h3>\n\t\t\t\t\n\t\t\t\t\t\t\t\n\t\t\t\t\t\t\t\n\t\t\t\t                    <div class=\"entry-content wd-entry-content\">\n\t\t\t\t\t\t<p>A caminhada regular \u00e9 uma poderosa aliada na preven\u00e7\u00e3o e controle do diabetes, trazendo in\u00fameros benef\u00edcios para a sa\u00fade.<\/p>\n\n\t\t\t\t\t\t\t\t\t\t\t<\/div><!-- .entry-content -->\n\t\t\t\t\n\t\t\t\t\t\t\t\t\t\t\t\t\t\t<p class=\"read-more-section\">\n\t\t\t\t\t\t<a class=\"btn-read-more more-link\" href=\"https:\/\/almafitness.com.br\/caminhada-cura-diabetes\/\">Continue lendo<\/a>\t\t\t\t\t<\/p>\n\t\t\t\t\t\t\t\t\t\t\t\n\t\t\t\n\t\t\t\t\t<\/div>\n\t<\/div>\n<\/article><!-- #post -->\n\n\n\t\t\t\t\t\t\t\t\t\t\t\n<article id=\"post-19811\" class=\"blog-design-masonry blog-post-loop blog-style-bg wd-add-shadow  col-lg-4 col-md-4 col-sm-6 col-12 first  post-19811 post type-post status-publish format-standard has-post-thumbnail hentry category-corrida-e-caminhada\">\n\t<div class=\"article-inner\">\n\t\t\t\t\t<header class=\"entry-header\">\n\t\t\t\t\t\t\t\t\t\n\t\t\t\t\t<figure id=\"carousel-457\" class=\"entry-thumbnail\" data-owl-carousel data-hide_pagination_control=\"yes\" data-desktop=\"1\" data-tablet=\"1\" data-tablet_landscape=\"1\" data-mobile=\"1\">\n\t\t\t\t\t\t\n\t\t\t\t\t\t\t<div class=\"post-img-wrapp\">\n\t\t\t\t\t\t\t\t<a href=\"https:\/\/almafitness.com.br\/caminhada-aumenta-os-gluteos\/\">\n\t\t\t\t\t\t\t\t\t<img width=\"1024\" height=\"683\" src=\"https:\/\/almafitness.com.br\/wp-content\/uploads\/2023\/10\/caminhada-aumenta-os-gluteos-1024x683.webp\" class=\"attachment-large size-large\" alt=\"caminhada aumenta os gl\u00fateos\" decoding=\"async\" srcset=\"\/\/almafitness.com.br\/wp-content\/uploads\/2023\/10\/caminhada-aumenta-os-gluteos-1024x683.webp 1024w, \/\/almafitness.com.br\/wp-content\/uploads\/2023\/10\/caminhada-aumenta-os-gluteos-150x100.webp 150w, \/\/almafitness.com.br\/wp-content\/uploads\/2023\/10\/caminhada-aumenta-os-gluteos-300x200.webp 300w, \/\/almafitness.com.br\/wp-content\/uploads\/2023\/10\/caminhada-aumenta-os-gluteos-768x512.webp 768w, \/\/almafitness.com.br\/wp-content\/uploads\/2023\/10\/caminhada-aumenta-os-gluteos.webp 1200w\" sizes=\"(max-width: 1024px) 100vw, 1024px\" \/>\t\t\t\t\t\t\t\t<\/a>\n\t\t\t\t\t\t\t<\/div>\n\t\t\t\t\t\t\t<div class=\"post-image-mask\">\n\t\t\t\t\t\t\t\t<span><\/span>\n\t\t\t\t\t\t\t<\/div>\n\n\t\t\t\t\t\t\n\t\t\t\t\t<\/figure>\n\t\t\t\t\n\t\t\t\t\t\t\t\t\t\t\t\t<div class=\"post-date wd-post-date wd-style-with-bg\" onclick=\"\">\n\t\t\t\t<span class=\"post-date-day\">\n\t\t\t\t\t04\t\t\t\t<\/span>\n\t\t\t\t<span class=\"post-date-month\">\n\t\t\t\t\tjun\t\t\t\t<\/span>\n\t\t\t<\/div>\n\t\t\t\t\t\t\n\t\t\t<\/header><!-- .entry-header -->\n\n\t\t<div class=\"article-body-container\">\n\t\t\t\n\t\t\t\t\n\t\t\t\t\t\t\t\t\t<h3 class=\"wd-entities-title title post-title\">\n\t\t\t\t\t\t<a href=\"https:\/\/almafitness.com.br\/caminhada-aumenta-os-gluteos\/\" rel=\"bookmark\">Descubra como a caminhada pode aumentar seus gl\u00fateos em apenas alguns minutos<\/a>\n\t\t\t\t\t<\/h3>\n\t\t\t\t\n\t\t\t\t\t\t\t\n\t\t\t\t\t\t\t\n\t\t\t\t                    <div class=\"entry-content wd-entry-content\">\n\t\t\t\t\t\t<p>Pratique a caminhada regularmente para obter gl\u00fateos mais firmes e definidos. Melhore sua sa\u00fade e apar\u00eancia.<\/p>\n\n\t\t\t\t\t\t\t\t\t\t\t<\/div><!-- .entry-content -->\n\t\t\t\t\n\t\t\t\t\t\t\t\t\t\t\t\t\t\t<p class=\"read-more-section\">\n\t\t\t\t\t\t<a class=\"btn-read-more more-link\" href=\"https:\/\/almafitness.com.br\/caminhada-aumenta-os-gluteos\/\">Continue lendo<\/a>\t\t\t\t\t<\/p>\n\t\t\t\t\t\t\t\t\t\t\t\n\t\t\t\n\t\t\t\t\t<\/div>\n\t<\/div>\n<\/article><!-- #post -->\n\n\n\t\t\t\t\t\t\t\t\t\t\t\n<article id=\"post-19804\" class=\"blog-design-masonry blog-post-loop blog-style-bg wd-add-shadow  col-lg-4 col-md-4 col-sm-6 col-12 post-19804 post type-post status-publish format-standard has-post-thumbnail hentry category-corrida-e-caminhada\">\n\t<div class=\"article-inner\">\n\t\t\t\t\t<header class=\"entry-header\">\n\t\t\t\t\t\t\t\t\t\n\t\t\t\t\t<figure id=\"carousel-152\" class=\"entry-thumbnail\" data-owl-carousel data-hide_pagination_control=\"yes\" data-desktop=\"1\" data-tablet=\"1\" data-tablet_landscape=\"1\" data-mobile=\"1\">\n\t\t\t\t\t\t\n\t\t\t\t\t\t\t<div class=\"post-img-wrapp\">\n\t\t\t\t\t\t\t\t<a href=\"https:\/\/almafitness.com.br\/caminhada-30-minutos-por-dia-emagrece\/\">\n\t\t\t\t\t\t\t\t\t<img width=\"1024\" height=\"641\" src=\"https:\/\/almafitness.com.br\/wp-content\/uploads\/2023\/10\/caminhada-30-minutos-por-dia-emagrece-1024x641.webp\" class=\"attachment-large size-large\" alt=\"caminhada 30 minutos por dia emagrece\" decoding=\"async\" srcset=\"\/\/almafitness.com.br\/wp-content\/uploads\/2023\/10\/caminhada-30-minutos-por-dia-emagrece-1024x641.webp 1024w, \/\/almafitness.com.br\/wp-content\/uploads\/2023\/10\/caminhada-30-minutos-por-dia-emagrece-150x94.webp 150w, \/\/almafitness.com.br\/wp-content\/uploads\/2023\/10\/caminhada-30-minutos-por-dia-emagrece-300x188.webp 300w, \/\/almafitness.com.br\/wp-content\/uploads\/2023\/10\/caminhada-30-minutos-por-dia-emagrece-768x481.webp 768w, \/\/almafitness.com.br\/wp-content\/uploads\/2023\/10\/caminhada-30-minutos-por-dia-emagrece.webp 1068w\" sizes=\"(max-width: 1024px) 100vw, 1024px\" \/>\t\t\t\t\t\t\t\t<\/a>\n\t\t\t\t\t\t\t<\/div>\n\t\t\t\t\t\t\t<div class=\"post-image-mask\">\n\t\t\t\t\t\t\t\t<span><\/span>\n\t\t\t\t\t\t\t<\/div>\n\n\t\t\t\t\t\t\n\t\t\t\t\t<\/figure>\n\t\t\t\t\n\t\t\t\t\t\t\t\t\t\t\t\t<div class=\"post-date wd-post-date wd-style-with-bg\" onclick=\"\">\n\t\t\t\t<span class=\"post-date-day\">\n\t\t\t\t\t04\t\t\t\t<\/span>\n\t\t\t\t<span class=\"post-date-month\">\n\t\t\t\t\tjun\t\t\t\t<\/span>\n\t\t\t<\/div>\n\t\t\t\t\t\t\n\t\t\t<\/header><!-- .entry-header -->\n\n\t\t<div class=\"article-body-container\">\n\t\t\t\n\t\t\t\t\n\t\t\t\t\t\t\t\t\t<h3 class=\"wd-entities-title title post-title\">\n\t\t\t\t\t\t<a href=\"https:\/\/almafitness.com.br\/caminhada-30-minutos-por-dia-emagrece\/\" rel=\"bookmark\">Emagre\u00e7a com sa\u00fade: Caminhada de 30 minutos por dia faz toda a diferen\u00e7a!<\/a>\n\t\t\t\t\t<\/h3>\n\t\t\t\t\n\t\t\t\t\t\t\t\n\t\t\t\t\t\t\t\n\t\t\t\t                    <div class=\"entry-content wd-entry-content\">\n\t\t\t\t\t\t<p>Realizar uma caminhada de 30 minutos todos os dias pode ajudar a emagrecer e melhorar a sa\u00fade.<\/p>\n\n\t\t\t\t\t\t\t\t\t\t\t<\/div><!-- .entry-content -->\n\t\t\t\t\n\t\t\t\t\t\t\t\t\t\t\t\t\t\t<p class=\"read-more-section\">\n\t\t\t\t\t\t<a class=\"btn-read-more more-link\" href=\"https:\/\/almafitness.com.br\/caminhada-30-minutos-por-dia-emagrece\/\">Continue lendo<\/a>\t\t\t\t\t<\/p>\n\t\t\t\t\t\t\t\t\t\t\t\n\t\t\t\n\t\t\t\t\t<\/div>\n\t<\/div>\n<\/article><!-- #post -->\n\n\n\t\t\t\t\t\n\t\t\t\t\t","status":"have-posts","nextPage":"https:\/\/almafitness.com.br\/blog\/page\/16\/?woo_ajax=1","currentPage":"https:\/\/almafitness.com.br\/blog\/page\/15"}