
			
				
				
					
				

			
		{"items":"\n\t\t\t\t\t\t\t\t\t\t\t\n<article id=\"post-20492\" class=\"blog-design-masonry blog-post-loop blog-style-bg wd-add-shadow  col-lg-4 col-md-4 col-sm-6 col-12 post-20492 post type-post status-publish format-standard has-post-thumbnail hentry category-corrida-e-caminhada\">\n\t<div class=\"article-inner\">\n\t\t\t\t\t<header class=\"entry-header\">\n\t\t\t\t\t\t\t\t\t\n\t\t\t\t\t<figure id=\"carousel-769\" class=\"entry-thumbnail\" data-owl-carousel data-hide_pagination_control=\"yes\" data-desktop=\"1\" data-tablet=\"1\" data-tablet_landscape=\"1\" data-mobile=\"1\">\n\t\t\t\t\t\t\n\t\t\t\t\t\t\t<div class=\"post-img-wrapp\">\n\t\t\t\t\t\t\t\t<a href=\"https:\/\/almafitness.com.br\/caminhada-conta-como-cardio\/\">\n\t\t\t\t\t\t\t\t\t<img width=\"1000\" height=\"500\" src=\"https:\/\/almafitness.com.br\/wp-content\/uploads\/2023\/10\/caminhada-conta-como-cardio.webp\" class=\"attachment-large size-large\" alt=\"caminhada conta como cardio\" decoding=\"async\" srcset=\"\/\/almafitness.com.br\/wp-content\/uploads\/2023\/10\/caminhada-conta-como-cardio.webp 1000w, \/\/almafitness.com.br\/wp-content\/uploads\/2023\/10\/caminhada-conta-como-cardio-150x75.webp 150w, \/\/almafitness.com.br\/wp-content\/uploads\/2023\/10\/caminhada-conta-como-cardio-300x150.webp 300w, \/\/almafitness.com.br\/wp-content\/uploads\/2023\/10\/caminhada-conta-como-cardio-768x384.webp 768w\" sizes=\"(max-width: 1000px) 100vw, 1000px\" \/>\t\t\t\t\t\t\t\t<\/a>\n\t\t\t\t\t\t\t<\/div>\n\t\t\t\t\t\t\t<div class=\"post-image-mask\">\n\t\t\t\t\t\t\t\t<span><\/span>\n\t\t\t\t\t\t\t<\/div>\n\n\t\t\t\t\t\t\n\t\t\t\t\t<\/figure>\n\t\t\t\t\n\t\t\t\t\t\t\t\t\t\t\t\t<div class=\"post-date wd-post-date wd-style-with-bg\" onclick=\"\">\n\t\t\t\t<span class=\"post-date-day\">\n\t\t\t\t\t27\t\t\t\t<\/span>\n\t\t\t\t<span class=\"post-date-month\">\n\t\t\t\t\tjun\t\t\t\t<\/span>\n\t\t\t<\/div>\n\t\t\t\t\t\t\n\t\t\t<\/header><!-- .entry-header -->\n\n\t\t<div class=\"article-body-container\">\n\t\t\t\n\t\t\t\t\n\t\t\t\t\t\t\t\t\t<h3 class=\"wd-entities-title title post-title\">\n\t\t\t\t\t\t<a href=\"https:\/\/almafitness.com.br\/caminhada-conta-como-cardio\/\" rel=\"bookmark\">Caminhada: o melhor exerc\u00edcio cardio para sua sa\u00fade<\/a>\n\t\t\t\t\t<\/h3>\n\t\t\t\t\n\t\t\t\t\t\t\t\n\t\t\t\t\t\t\t\n\t\t\t\t                    <div class=\"entry-content wd-entry-content\">\n\t\t\t\t\t\t<p>Praticar caminhada regularmente \u00e9 uma excelente forma de melhorar a sa\u00fade cardiovascular e aumentar a resist\u00eancia f\u00edsica.<\/p>\n\n\t\t\t\t\t\t\t\t\t\t\t<\/div><!-- .entry-content -->\n\t\t\t\t\n\t\t\t\t\t\t\t\t\t\t\t\t\t\t<p class=\"read-more-section\">\n\t\t\t\t\t\t<a class=\"btn-read-more more-link\" href=\"https:\/\/almafitness.com.br\/caminhada-conta-como-cardio\/\">Continue lendo<\/a>\t\t\t\t\t<\/p>\n\t\t\t\t\t\t\t\t\t\t\t\n\t\t\t\n\t\t\t\t\t<\/div>\n\t<\/div>\n<\/article><!-- #post -->\n\n\n\t\t\t\t\t\t\t\t\t\t\t\n<article id=\"post-20485\" class=\"blog-design-masonry blog-post-loop blog-style-bg wd-add-shadow  col-lg-4 col-md-4 col-sm-6 col-12 first  post-20485 post type-post status-publish format-standard has-post-thumbnail hentry category-corrida-e-caminhada\">\n\t<div class=\"article-inner\">\n\t\t\t\t\t<header class=\"entry-header\">\n\t\t\t\t\t\t\t\t\t\n\t\t\t\t\t<figure id=\"carousel-796\" class=\"entry-thumbnail\" data-owl-carousel data-hide_pagination_control=\"yes\" data-desktop=\"1\" data-tablet=\"1\" data-tablet_landscape=\"1\" data-mobile=\"1\">\n\t\t\t\t\t\t\n\t\t\t\t\t\t\t<div class=\"post-img-wrapp\">\n\t\t\t\t\t\t\t\t<a href=\"https:\/\/almafitness.com.br\/caminhada-apos-almoco\/\">\n\t\t\t\t\t\t\t\t\t<img width=\"992\" height=\"630\" src=\"https:\/\/almafitness.com.br\/wp-content\/uploads\/2023\/10\/caminhada-apos-almoco.webp\" class=\"attachment-large size-large\" alt=\"caminhada apos almo\u00e7o\" decoding=\"async\" srcset=\"\/\/almafitness.com.br\/wp-content\/uploads\/2023\/10\/caminhada-apos-almoco.webp 992w, \/\/almafitness.com.br\/wp-content\/uploads\/2023\/10\/caminhada-apos-almoco-150x95.webp 150w, \/\/almafitness.com.br\/wp-content\/uploads\/2023\/10\/caminhada-apos-almoco-300x191.webp 300w, \/\/almafitness.com.br\/wp-content\/uploads\/2023\/10\/caminhada-apos-almoco-768x488.webp 768w\" sizes=\"(max-width: 992px) 100vw, 992px\" \/>\t\t\t\t\t\t\t\t<\/a>\n\t\t\t\t\t\t\t<\/div>\n\t\t\t\t\t\t\t<div class=\"post-image-mask\">\n\t\t\t\t\t\t\t\t<span><\/span>\n\t\t\t\t\t\t\t<\/div>\n\n\t\t\t\t\t\t\n\t\t\t\t\t<\/figure>\n\t\t\t\t\n\t\t\t\t\t\t\t\t\t\t\t\t<div class=\"post-date wd-post-date wd-style-with-bg\" onclick=\"\">\n\t\t\t\t<span class=\"post-date-day\">\n\t\t\t\t\t27\t\t\t\t<\/span>\n\t\t\t\t<span class=\"post-date-month\">\n\t\t\t\t\tjun\t\t\t\t<\/span>\n\t\t\t<\/div>\n\t\t\t\t\t\t\n\t\t\t<\/header><!-- .entry-header -->\n\n\t\t<div class=\"article-body-container\">\n\t\t\t\n\t\t\t\t\n\t\t\t\t\t\t\t\t\t<h3 class=\"wd-entities-title title post-title\">\n\t\t\t\t\t\t<a href=\"https:\/\/almafitness.com.br\/caminhada-apos-almoco\/\" rel=\"bookmark\">Benef\u00edcios da caminhada ap\u00f3s o almo\u00e7o: mantenha-se ativo e saud\u00e1vel!<\/a>\n\t\t\t\t\t<\/h3>\n\t\t\t\t\n\t\t\t\t\t\t\t\n\t\t\t\t\t\t\t\n\t\t\t\t                    <div class=\"entry-content wd-entry-content\">\n\t\t\t\t\t\t<p>A caminhada ap\u00f3s almo\u00e7o \u00e9 uma \u00f3tima forma de relaxar e manter a sa\u00fade em dia.<\/p>\n\n\t\t\t\t\t\t\t\t\t\t\t<\/div><!-- .entry-content -->\n\t\t\t\t\n\t\t\t\t\t\t\t\t\t\t\t\t\t\t<p class=\"read-more-section\">\n\t\t\t\t\t\t<a class=\"btn-read-more more-link\" href=\"https:\/\/almafitness.com.br\/caminhada-apos-almoco\/\">Continue lendo<\/a>\t\t\t\t\t<\/p>\n\t\t\t\t\t\t\t\t\t\t\t\n\t\t\t\n\t\t\t\t\t<\/div>\n\t<\/div>\n<\/article><!-- #post -->\n\n\n\t\t\t\t\t\t\t\t\t\t\t\n<article id=\"post-20478\" class=\"blog-design-masonry blog-post-loop blog-style-bg wd-add-shadow  col-lg-4 col-md-4 col-sm-6 col-12 post-20478 post type-post status-publish format-standard has-post-thumbnail hentry category-corrida-e-caminhada\">\n\t<div class=\"article-inner\">\n\t\t\t\t\t<header class=\"entry-header\">\n\t\t\t\t\t\t\t\t\t\n\t\t\t\t\t<figure id=\"carousel-402\" class=\"entry-thumbnail\" data-owl-carousel data-hide_pagination_control=\"yes\" data-desktop=\"1\" data-tablet=\"1\" data-tablet_landscape=\"1\" data-mobile=\"1\">\n\t\t\t\t\t\t\n\t\t\t\t\t\t\t<div class=\"post-img-wrapp\">\n\t\t\t\t\t\t\t\t<a href=\"https:\/\/almafitness.com.br\/caminhada-abaixa-o-colesterol\/\">\n\t\t\t\t\t\t\t\t\t<img width=\"929\" height=\"517\" src=\"https:\/\/almafitness.com.br\/wp-content\/uploads\/2023\/10\/caminhada-abaixa-o-colesterol.webp\" class=\"attachment-large size-large\" alt=\"caminhada abaixa o colesterol\" decoding=\"async\" srcset=\"\/\/almafitness.com.br\/wp-content\/uploads\/2023\/10\/caminhada-abaixa-o-colesterol.webp 929w, \/\/almafitness.com.br\/wp-content\/uploads\/2023\/10\/caminhada-abaixa-o-colesterol-150x83.webp 150w, \/\/almafitness.com.br\/wp-content\/uploads\/2023\/10\/caminhada-abaixa-o-colesterol-300x167.webp 300w, \/\/almafitness.com.br\/wp-content\/uploads\/2023\/10\/caminhada-abaixa-o-colesterol-768x427.webp 768w\" sizes=\"(max-width: 929px) 100vw, 929px\" \/>\t\t\t\t\t\t\t\t<\/a>\n\t\t\t\t\t\t\t<\/div>\n\t\t\t\t\t\t\t<div class=\"post-image-mask\">\n\t\t\t\t\t\t\t\t<span><\/span>\n\t\t\t\t\t\t\t<\/div>\n\n\t\t\t\t\t\t\n\t\t\t\t\t<\/figure>\n\t\t\t\t\n\t\t\t\t\t\t\t\t\t\t\t\t<div class=\"post-date wd-post-date wd-style-with-bg\" onclick=\"\">\n\t\t\t\t<span class=\"post-date-day\">\n\t\t\t\t\t27\t\t\t\t<\/span>\n\t\t\t\t<span class=\"post-date-month\">\n\t\t\t\t\tjun\t\t\t\t<\/span>\n\t\t\t<\/div>\n\t\t\t\t\t\t\n\t\t\t<\/header><!-- .entry-header -->\n\n\t\t<div class=\"article-body-container\">\n\t\t\t\n\t\t\t\t\n\t\t\t\t\t\t\t\t\t<h3 class=\"wd-entities-title title post-title\">\n\t\t\t\t\t\t<a href=\"https:\/\/almafitness.com.br\/caminhada-abaixa-o-colesterol\/\" rel=\"bookmark\">Reduza o colesterol caminhando: dicas e benef\u00edcios<\/a>\n\t\t\t\t\t<\/h3>\n\t\t\t\t\n\t\t\t\t\t\t\t\n\t\t\t\t\t\t\t\n\t\t\t\t                    <div class=\"entry-content wd-entry-content\">\n\t\t\t\t\t\t<p>A pr\u00e1tica regular de caminhada ajuda a diminuir os n\u00edveis de colesterol no organismo.<\/p>\n\n\t\t\t\t\t\t\t\t\t\t\t<\/div><!-- .entry-content -->\n\t\t\t\t\n\t\t\t\t\t\t\t\t\t\t\t\t\t\t<p class=\"read-more-section\">\n\t\t\t\t\t\t<a class=\"btn-read-more more-link\" href=\"https:\/\/almafitness.com.br\/caminhada-abaixa-o-colesterol\/\">Continue lendo<\/a>\t\t\t\t\t<\/p>\n\t\t\t\t\t\t\t\t\t\t\t\n\t\t\t\n\t\t\t\t\t<\/div>\n\t<\/div>\n<\/article><!-- #post -->\n\n\n\t\t\t\t\t\t\t\t\t\t\t\n<article id=\"post-20459\" class=\"blog-design-masonry blog-post-loop blog-style-bg wd-add-shadow  col-lg-4 col-md-4 col-sm-6 col-12 last  post-20459 post type-post status-publish format-standard has-post-thumbnail hentry category-corrida-e-caminhada\">\n\t<div class=\"article-inner\">\n\t\t\t\t\t<header class=\"entry-header\">\n\t\t\t\t\t\t\t\t\t\n\t\t\t\t\t<figure id=\"carousel-598\" class=\"entry-thumbnail\" data-owl-carousel data-hide_pagination_control=\"yes\" data-desktop=\"1\" data-tablet=\"1\" data-tablet_landscape=\"1\" data-mobile=\"1\">\n\t\t\t\t\t\t\n\t\t\t\t\t\t\t<div class=\"post-img-wrapp\">\n\t\t\t\t\t\t\t\t<a href=\"https:\/\/almafitness.com.br\/caminhada-aos-70-anos\/\">\n\t\t\t\t\t\t\t\t\t<img width=\"949\" height=\"630\" src=\"https:\/\/almafitness.com.br\/wp-content\/uploads\/2023\/10\/caminhada-aos-70-anos.webp\" class=\"attachment-large size-large\" alt=\"caminhada aos 70 anos\" decoding=\"async\" srcset=\"\/\/almafitness.com.br\/wp-content\/uploads\/2023\/10\/caminhada-aos-70-anos.webp 949w, \/\/almafitness.com.br\/wp-content\/uploads\/2023\/10\/caminhada-aos-70-anos-150x100.webp 150w, \/\/almafitness.com.br\/wp-content\/uploads\/2023\/10\/caminhada-aos-70-anos-300x199.webp 300w, \/\/almafitness.com.br\/wp-content\/uploads\/2023\/10\/caminhada-aos-70-anos-768x510.webp 768w\" sizes=\"(max-width: 949px) 100vw, 949px\" \/>\t\t\t\t\t\t\t\t<\/a>\n\t\t\t\t\t\t\t<\/div>\n\t\t\t\t\t\t\t<div class=\"post-image-mask\">\n\t\t\t\t\t\t\t\t<span><\/span>\n\t\t\t\t\t\t\t<\/div>\n\n\t\t\t\t\t\t\n\t\t\t\t\t<\/figure>\n\t\t\t\t\n\t\t\t\t\t\t\t\t\t\t\t\t<div class=\"post-date wd-post-date wd-style-with-bg\" onclick=\"\">\n\t\t\t\t<span class=\"post-date-day\">\n\t\t\t\t\t26\t\t\t\t<\/span>\n\t\t\t\t<span class=\"post-date-month\">\n\t\t\t\t\tjun\t\t\t\t<\/span>\n\t\t\t<\/div>\n\t\t\t\t\t\t\n\t\t\t<\/header><!-- .entry-header -->\n\n\t\t<div class=\"article-body-container\">\n\t\t\t\n\t\t\t\t\n\t\t\t\t\t\t\t\t\t<h3 class=\"wd-entities-title title post-title\">\n\t\t\t\t\t\t<a href=\"https:\/\/almafitness.com.br\/caminhada-aos-70-anos\/\" rel=\"bookmark\">Caminhada aos 70 anos: como manter a sa\u00fade e bem-estar!<\/a>\n\t\t\t\t\t<\/h3>\n\t\t\t\t\n\t\t\t\t\t\t\t\n\t\t\t\t\t\t\t\n\t\t\t\t                    <div class=\"entry-content wd-entry-content\">\n\t\t\t\t\t\t<p>Uma jornada de descobertas e supera\u00e7\u00e3o para os aventureiros que encaram a caminhada aos 70 anos.<\/p>\n\n\t\t\t\t\t\t\t\t\t\t\t<\/div><!-- .entry-content -->\n\t\t\t\t\n\t\t\t\t\t\t\t\t\t\t\t\t\t\t<p class=\"read-more-section\">\n\t\t\t\t\t\t<a class=\"btn-read-more more-link\" href=\"https:\/\/almafitness.com.br\/caminhada-aos-70-anos\/\">Continue lendo<\/a>\t\t\t\t\t<\/p>\n\t\t\t\t\t\t\t\t\t\t\t\n\t\t\t\n\t\t\t\t\t<\/div>\n\t<\/div>\n<\/article><!-- #post -->\n\n\n\t\t\t\t\t\t\t\t\t\t\t\n<article id=\"post-20445\" class=\"blog-design-masonry blog-post-loop blog-style-bg wd-add-shadow  col-lg-4 col-md-4 col-sm-6 col-12 first  post-20445 post type-post status-publish format-standard has-post-thumbnail hentry category-corrida-e-caminhada\">\n\t<div class=\"article-inner\">\n\t\t\t\t\t<header class=\"entry-header\">\n\t\t\t\t\t\t\t\t\t\n\t\t\t\t\t<figure id=\"carousel-104\" class=\"entry-thumbnail\" data-owl-carousel data-hide_pagination_control=\"yes\" data-desktop=\"1\" data-tablet=\"1\" data-tablet_landscape=\"1\" data-mobile=\"1\">\n\t\t\t\t\t\t\n\t\t\t\t\t\t\t<div class=\"post-img-wrapp\">\n\t\t\t\t\t\t\t\t<a href=\"https:\/\/almafitness.com.br\/caminhar-40-minutos-por-dia-emagrece\/\">\n\t\t\t\t\t\t\t\t\t<img width=\"945\" height=\"630\" src=\"https:\/\/almafitness.com.br\/wp-content\/uploads\/2023\/10\/caminhar-40-minutos-por-dia-emagrece.webp\" class=\"attachment-large size-large\" alt=\"caminhar 40 minutos por dia emagrece\" decoding=\"async\" srcset=\"\/\/almafitness.com.br\/wp-content\/uploads\/2023\/10\/caminhar-40-minutos-por-dia-emagrece.webp 945w, \/\/almafitness.com.br\/wp-content\/uploads\/2023\/10\/caminhar-40-minutos-por-dia-emagrece-150x100.webp 150w, \/\/almafitness.com.br\/wp-content\/uploads\/2023\/10\/caminhar-40-minutos-por-dia-emagrece-300x200.webp 300w, \/\/almafitness.com.br\/wp-content\/uploads\/2023\/10\/caminhar-40-minutos-por-dia-emagrece-768x512.webp 768w\" sizes=\"(max-width: 945px) 100vw, 945px\" \/>\t\t\t\t\t\t\t\t<\/a>\n\t\t\t\t\t\t\t<\/div>\n\t\t\t\t\t\t\t<div class=\"post-image-mask\">\n\t\t\t\t\t\t\t\t<span><\/span>\n\t\t\t\t\t\t\t<\/div>\n\n\t\t\t\t\t\t\n\t\t\t\t\t<\/figure>\n\t\t\t\t\n\t\t\t\t\t\t\t\t\t\t\t\t<div class=\"post-date wd-post-date wd-style-with-bg\" onclick=\"\">\n\t\t\t\t<span class=\"post-date-day\">\n\t\t\t\t\t25\t\t\t\t<\/span>\n\t\t\t\t<span class=\"post-date-month\">\n\t\t\t\t\tjun\t\t\t\t<\/span>\n\t\t\t<\/div>\n\t\t\t\t\t\t\n\t\t\t<\/header><!-- .entry-header -->\n\n\t\t<div class=\"article-body-container\">\n\t\t\t\n\t\t\t\t\n\t\t\t\t\t\t\t\t\t<h3 class=\"wd-entities-title title post-title\">\n\t\t\t\t\t\t<a href=\"https:\/\/almafitness.com.br\/caminhar-40-minutos-por-dia-emagrece\/\" rel=\"bookmark\">Emagre\u00e7a caminhando: 40 minutos por dia \u00e9 o segredo!<\/a>\n\t\t\t\t\t<\/h3>\n\t\t\t\t\n\t\t\t\t\t\t\t\n\t\t\t\t\t\t\t\n\t\t\t\t                    <div class=\"entry-content wd-entry-content\">\n\t\t\t\t\t\t<p>Caminhar por 40 minutos todos os dias pode ser um \u00f3timo aliado para perder peso e manter a sa\u00fade em dia.<\/p>\n\n\t\t\t\t\t\t\t\t\t\t\t<\/div><!-- .entry-content -->\n\t\t\t\t\n\t\t\t\t\t\t\t\t\t\t\t\t\t\t<p class=\"read-more-section\">\n\t\t\t\t\t\t<a class=\"btn-read-more more-link\" href=\"https:\/\/almafitness.com.br\/caminhar-40-minutos-por-dia-emagrece\/\">Continue lendo<\/a>\t\t\t\t\t<\/p>\n\t\t\t\t\t\t\t\t\t\t\t\n\t\t\t\n\t\t\t\t\t<\/div>\n\t<\/div>\n<\/article><!-- #post -->\n\n\n\t\t\t\t\t\t\t\t\t\t\t\n<article id=\"post-20438\" class=\"blog-design-masonry blog-post-loop blog-style-bg wd-add-shadow  col-lg-4 col-md-4 col-sm-6 col-12 post-20438 post type-post status-publish format-standard has-post-thumbnail hentry category-corrida-e-caminhada\">\n\t<div class=\"article-inner\">\n\t\t\t\t\t<header class=\"entry-header\">\n\t\t\t\t\t\t\t\t\t\n\t\t\t\t\t<figure id=\"carousel-559\" class=\"entry-thumbnail\" data-owl-carousel data-hide_pagination_control=\"yes\" data-desktop=\"1\" data-tablet=\"1\" data-tablet_landscape=\"1\" data-mobile=\"1\">\n\t\t\t\t\t\t\n\t\t\t\t\t\t\t<div class=\"post-img-wrapp\">\n\t\t\t\t\t\t\t\t<a href=\"https:\/\/almafitness.com.br\/caminhar-40-km-por-dia\/\">\n\t\t\t\t\t\t\t\t\t<img width=\"944\" height=\"630\" src=\"https:\/\/almafitness.com.br\/wp-content\/uploads\/2023\/10\/caminhar-40-km-por-dia.webp\" class=\"attachment-large size-large\" alt=\"caminhar 40 km por dia\" decoding=\"async\" srcset=\"\/\/almafitness.com.br\/wp-content\/uploads\/2023\/10\/caminhar-40-km-por-dia.webp 944w, \/\/almafitness.com.br\/wp-content\/uploads\/2023\/10\/caminhar-40-km-por-dia-150x100.webp 150w, \/\/almafitness.com.br\/wp-content\/uploads\/2023\/10\/caminhar-40-km-por-dia-300x200.webp 300w, \/\/almafitness.com.br\/wp-content\/uploads\/2023\/10\/caminhar-40-km-por-dia-768x513.webp 768w\" sizes=\"(max-width: 944px) 100vw, 944px\" \/>\t\t\t\t\t\t\t\t<\/a>\n\t\t\t\t\t\t\t<\/div>\n\t\t\t\t\t\t\t<div class=\"post-image-mask\">\n\t\t\t\t\t\t\t\t<span><\/span>\n\t\t\t\t\t\t\t<\/div>\n\n\t\t\t\t\t\t\n\t\t\t\t\t<\/figure>\n\t\t\t\t\n\t\t\t\t\t\t\t\t\t\t\t\t<div class=\"post-date wd-post-date wd-style-with-bg\" onclick=\"\">\n\t\t\t\t<span class=\"post-date-day\">\n\t\t\t\t\t25\t\t\t\t<\/span>\n\t\t\t\t<span class=\"post-date-month\">\n\t\t\t\t\tjun\t\t\t\t<\/span>\n\t\t\t<\/div>\n\t\t\t\t\t\t\n\t\t\t<\/header><!-- .entry-header -->\n\n\t\t<div class=\"article-body-container\">\n\t\t\t\n\t\t\t\t\n\t\t\t\t\t\t\t\t\t<h3 class=\"wd-entities-title title post-title\">\n\t\t\t\t\t\t<a href=\"https:\/\/almafitness.com.br\/caminhar-40-km-por-dia\/\" rel=\"bookmark\">Descubra os benef\u00edcios de caminhar 40 km por dia e transforme sua rotina!<\/a>\n\t\t\t\t\t<\/h3>\n\t\t\t\t\n\t\t\t\t\t\t\t\n\t\t\t\t\t\t\t\n\t\t\t\t                    <div class=\"entry-content wd-entry-content\">\n\t\t\t\t\t\t<p>Rotina intensa de exerc\u00edcios f\u00edsicos que inclui a pr\u00e1tica de caminhar 40 km por dia.<\/p>\n\n\t\t\t\t\t\t\t\t\t\t\t<\/div><!-- .entry-content -->\n\t\t\t\t\n\t\t\t\t\t\t\t\t\t\t\t\t\t\t<p class=\"read-more-section\">\n\t\t\t\t\t\t<a class=\"btn-read-more more-link\" href=\"https:\/\/almafitness.com.br\/caminhar-40-km-por-dia\/\">Continue lendo<\/a>\t\t\t\t\t<\/p>\n\t\t\t\t\t\t\t\t\t\t\t\n\t\t\t\n\t\t\t\t\t<\/div>\n\t<\/div>\n<\/article><!-- #post -->\n\n\n\t\t\t\t\t\t\t\t\t\t\t\n<article id=\"post-20431\" class=\"blog-design-masonry blog-post-loop blog-style-bg wd-add-shadow  col-lg-4 col-md-4 col-sm-6 col-12 last  post-20431 post type-post status-publish format-standard has-post-thumbnail hentry category-corrida-e-caminhada\">\n\t<div class=\"article-inner\">\n\t\t\t\t\t<header class=\"entry-header\">\n\t\t\t\t\t\t\t\t\t\n\t\t\t\t\t<figure id=\"carousel-209\" class=\"entry-thumbnail\" data-owl-carousel data-hide_pagination_control=\"yes\" data-desktop=\"1\" data-tablet=\"1\" data-tablet_landscape=\"1\" data-mobile=\"1\">\n\t\t\t\t\t\t\n\t\t\t\t\t\t\t<div class=\"post-img-wrapp\">\n\t\t\t\t\t\t\t\t<a href=\"https:\/\/almafitness.com.br\/caminhada-5km\/\">\n\t\t\t\t\t\t\t\t\t<img width=\"800\" height=\"480\" src=\"https:\/\/almafitness.com.br\/wp-content\/uploads\/2023\/10\/caminhada-5km.webp\" class=\"attachment-large size-large\" alt=\"caminhada 5km\" decoding=\"async\" srcset=\"\/\/almafitness.com.br\/wp-content\/uploads\/2023\/10\/caminhada-5km.webp 800w, \/\/almafitness.com.br\/wp-content\/uploads\/2023\/10\/caminhada-5km-150x90.webp 150w, \/\/almafitness.com.br\/wp-content\/uploads\/2023\/10\/caminhada-5km-300x180.webp 300w, \/\/almafitness.com.br\/wp-content\/uploads\/2023\/10\/caminhada-5km-768x461.webp 768w\" sizes=\"(max-width: 800px) 100vw, 800px\" \/>\t\t\t\t\t\t\t\t<\/a>\n\t\t\t\t\t\t\t<\/div>\n\t\t\t\t\t\t\t<div class=\"post-image-mask\">\n\t\t\t\t\t\t\t\t<span><\/span>\n\t\t\t\t\t\t\t<\/div>\n\n\t\t\t\t\t\t\n\t\t\t\t\t<\/figure>\n\t\t\t\t\n\t\t\t\t\t\t\t\t\t\t\t\t<div class=\"post-date wd-post-date wd-style-with-bg\" onclick=\"\">\n\t\t\t\t<span class=\"post-date-day\">\n\t\t\t\t\t25\t\t\t\t<\/span>\n\t\t\t\t<span class=\"post-date-month\">\n\t\t\t\t\tjun\t\t\t\t<\/span>\n\t\t\t<\/div>\n\t\t\t\t\t\t\n\t\t\t<\/header><!-- .entry-header -->\n\n\t\t<div class=\"article-body-container\">\n\t\t\t\n\t\t\t\t\n\t\t\t\t\t\t\t\t\t<h3 class=\"wd-entities-title title post-title\">\n\t\t\t\t\t\t<a href=\"https:\/\/almafitness.com.br\/caminhada-5km\/\" rel=\"bookmark\">Descubra os benef\u00edcios da caminhada 5km: sa\u00fade e bem-estar!<\/a>\n\t\t\t\t\t<\/h3>\n\t\t\t\t\n\t\t\t\t\t\t\t\n\t\t\t\t\t\t\t\n\t\t\t\t                    <div class=\"entry-content wd-entry-content\">\n\t\t\t\t\t\t<p>Uma caminhada de 5km pode trazer diversos benef\u00edcios para a sa\u00fade e bem-estar do corpo e mente.<\/p>\n\n\t\t\t\t\t\t\t\t\t\t\t<\/div><!-- .entry-content -->\n\t\t\t\t\n\t\t\t\t\t\t\t\t\t\t\t\t\t\t<p class=\"read-more-section\">\n\t\t\t\t\t\t<a class=\"btn-read-more more-link\" href=\"https:\/\/almafitness.com.br\/caminhada-5km\/\">Continue lendo<\/a>\t\t\t\t\t<\/p>\n\t\t\t\t\t\t\t\t\t\t\t\n\t\t\t\n\t\t\t\t\t<\/div>\n\t<\/div>\n<\/article><!-- #post -->\n\n\n\t\t\t\t\t\t\t\t\t\t\t\n<article id=\"post-20424\" class=\"blog-design-masonry blog-post-loop blog-style-bg wd-add-shadow  col-lg-4 col-md-4 col-sm-6 col-12 first  post-20424 post type-post status-publish format-standard has-post-thumbnail hentry category-corrida-e-caminhada\">\n\t<div class=\"article-inner\">\n\t\t\t\t\t<header class=\"entry-header\">\n\t\t\t\t\t\t\t\t\t\n\t\t\t\t\t<figure id=\"carousel-261\" class=\"entry-thumbnail\" data-owl-carousel data-hide_pagination_control=\"yes\" data-desktop=\"1\" data-tablet=\"1\" data-tablet_landscape=\"1\" data-mobile=\"1\">\n\t\t\t\t\t\t\n\t\t\t\t\t\t\t<div class=\"post-img-wrapp\">\n\t\t\t\t\t\t\t\t<a href=\"https:\/\/almafitness.com.br\/caminhada-dos-castores-2023\/\">\n\t\t\t\t\t\t\t\t\t<img width=\"1024\" height=\"328\" src=\"https:\/\/almafitness.com.br\/wp-content\/uploads\/2023\/10\/caminhada-dos-castores-2023-1024x328.webp\" class=\"attachment-large size-large\" alt=\"caminhada dos castores 2023\" decoding=\"async\" srcset=\"\/\/almafitness.com.br\/wp-content\/uploads\/2023\/10\/caminhada-dos-castores-2023-1024x328.webp 1024w, \/\/almafitness.com.br\/wp-content\/uploads\/2023\/10\/caminhada-dos-castores-2023-150x48.webp 150w, \/\/almafitness.com.br\/wp-content\/uploads\/2023\/10\/caminhada-dos-castores-2023-300x96.webp 300w, \/\/almafitness.com.br\/wp-content\/uploads\/2023\/10\/caminhada-dos-castores-2023-768x246.webp 768w, \/\/almafitness.com.br\/wp-content\/uploads\/2023\/10\/caminhada-dos-castores-2023.webp 1200w\" sizes=\"(max-width: 1024px) 100vw, 1024px\" \/>\t\t\t\t\t\t\t\t<\/a>\n\t\t\t\t\t\t\t<\/div>\n\t\t\t\t\t\t\t<div class=\"post-image-mask\">\n\t\t\t\t\t\t\t\t<span><\/span>\n\t\t\t\t\t\t\t<\/div>\n\n\t\t\t\t\t\t\n\t\t\t\t\t<\/figure>\n\t\t\t\t\n\t\t\t\t\t\t\t\t\t\t\t\t<div class=\"post-date wd-post-date wd-style-with-bg\" onclick=\"\">\n\t\t\t\t<span class=\"post-date-day\">\n\t\t\t\t\t24\t\t\t\t<\/span>\n\t\t\t\t<span class=\"post-date-month\">\n\t\t\t\t\tjun\t\t\t\t<\/span>\n\t\t\t<\/div>\n\t\t\t\t\t\t\n\t\t\t<\/header><!-- .entry-header -->\n\n\t\t<div class=\"article-body-container\">\n\t\t\t\n\t\t\t\t\n\t\t\t\t\t\t\t\t\t<h3 class=\"wd-entities-title title post-title\">\n\t\t\t\t\t\t<a href=\"https:\/\/almafitness.com.br\/caminhada-dos-castores-2023\/\" rel=\"bookmark\">A emocionante Caminhada dos Castores 2023: Uma aventura inesquec\u00edvel!<\/a>\n\t\t\t\t\t<\/h3>\n\t\t\t\t\n\t\t\t\t\t\t\t\n\t\t\t\t\t\t\t\n\t\t\t\t                    <div class=\"entry-content wd-entry-content\">\n\t\t\t\t\t\t<p>Participe da emocionante e divertida caminhada dos castores em 2023 e encante-se com a natureza!<\/p>\n\n\t\t\t\t\t\t\t\t\t\t\t<\/div><!-- .entry-content -->\n\t\t\t\t\n\t\t\t\t\t\t\t\t\t\t\t\t\t\t<p class=\"read-more-section\">\n\t\t\t\t\t\t<a class=\"btn-read-more more-link\" href=\"https:\/\/almafitness.com.br\/caminhada-dos-castores-2023\/\">Continue lendo<\/a>\t\t\t\t\t<\/p>\n\t\t\t\t\t\t\t\t\t\t\t\n\t\t\t\n\t\t\t\t\t<\/div>\n\t<\/div>\n<\/article><!-- #post -->\n\n\n\t\t\t\t\t\t\t\t\t\t\t\n<article id=\"post-20417\" class=\"blog-design-masonry blog-post-loop blog-style-bg wd-add-shadow  col-lg-4 col-md-4 col-sm-6 col-12 post-20417 post type-post status-publish format-standard has-post-thumbnail hentry category-corrida-e-caminhada\">\n\t<div class=\"article-inner\">\n\t\t\t\t\t<header class=\"entry-header\">\n\t\t\t\t\t\t\t\t\t\n\t\t\t\t\t<figure id=\"carousel-254\" class=\"entry-thumbnail\" data-owl-carousel data-hide_pagination_control=\"yes\" data-desktop=\"1\" data-tablet=\"1\" data-tablet_landscape=\"1\" data-mobile=\"1\">\n\t\t\t\t\t\t\n\t\t\t\t\t\t\t<div class=\"post-img-wrapp\">\n\t\t\t\t\t\t\t\t<a href=\"https:\/\/almafitness.com.br\/caminhada-seca-barriga\/\">\n\t\t\t\t\t\t\t\t\t<img width=\"839\" height=\"630\" src=\"https:\/\/almafitness.com.br\/wp-content\/uploads\/2023\/10\/caminhada-seca-barriga.webp\" class=\"attachment-large size-large\" alt=\"caminhada seca barriga\" decoding=\"async\" srcset=\"\/\/almafitness.com.br\/wp-content\/uploads\/2023\/10\/caminhada-seca-barriga.webp 839w, \/\/almafitness.com.br\/wp-content\/uploads\/2023\/10\/caminhada-seca-barriga-150x113.webp 150w, \/\/almafitness.com.br\/wp-content\/uploads\/2023\/10\/caminhada-seca-barriga-300x225.webp 300w, \/\/almafitness.com.br\/wp-content\/uploads\/2023\/10\/caminhada-seca-barriga-768x577.webp 768w\" sizes=\"(max-width: 839px) 100vw, 839px\" \/>\t\t\t\t\t\t\t\t<\/a>\n\t\t\t\t\t\t\t<\/div>\n\t\t\t\t\t\t\t<div class=\"post-image-mask\">\n\t\t\t\t\t\t\t\t<span><\/span>\n\t\t\t\t\t\t\t<\/div>\n\n\t\t\t\t\t\t\n\t\t\t\t\t<\/figure>\n\t\t\t\t\n\t\t\t\t\t\t\t\t\t\t\t\t<div class=\"post-date wd-post-date wd-style-with-bg\" onclick=\"\">\n\t\t\t\t<span class=\"post-date-day\">\n\t\t\t\t\t24\t\t\t\t<\/span>\n\t\t\t\t<span class=\"post-date-month\">\n\t\t\t\t\tjun\t\t\t\t<\/span>\n\t\t\t<\/div>\n\t\t\t\t\t\t\n\t\t\t<\/header><!-- .entry-header -->\n\n\t\t<div class=\"article-body-container\">\n\t\t\t\n\t\t\t\t\n\t\t\t\t\t\t\t\t\t<h3 class=\"wd-entities-title title post-title\">\n\t\t\t\t\t\t<a href=\"https:\/\/almafitness.com.br\/caminhada-seca-barriga\/\" rel=\"bookmark\">Emagre\u00e7a de forma saud\u00e1vel com a caminhada seca barriga<\/a>\n\t\t\t\t\t<\/h3>\n\t\t\t\t\n\t\t\t\t\t\t\t\n\t\t\t\t\t\t\t\n\t\t\t\t                    <div class=\"entry-content wd-entry-content\">\n\t\t\t\t\t\t<p>Uma caminhada leve e regular pode ser o segredo para conquistar uma barriga seca e definida.<\/p>\n\n\t\t\t\t\t\t\t\t\t\t\t<\/div><!-- .entry-content -->\n\t\t\t\t\n\t\t\t\t\t\t\t\t\t\t\t\t\t\t<p class=\"read-more-section\">\n\t\t\t\t\t\t<a class=\"btn-read-more more-link\" href=\"https:\/\/almafitness.com.br\/caminhada-seca-barriga\/\">Continue lendo<\/a>\t\t\t\t\t<\/p>\n\t\t\t\t\t\t\t\t\t\t\t\n\t\t\t\n\t\t\t\t\t<\/div>\n\t<\/div>\n<\/article><!-- #post -->\n\n\n\t\t\t\t\t\t\t\t\t\t\t\n<article id=\"post-20410\" class=\"blog-design-masonry blog-post-loop blog-style-bg wd-add-shadow  col-lg-4 col-md-4 col-sm-6 col-12 last  post-20410 post type-post status-publish format-standard has-post-thumbnail hentry category-corrida-e-caminhada\">\n\t<div class=\"article-inner\">\n\t\t\t\t\t<header class=\"entry-header\">\n\t\t\t\t\t\t\t\t\t\n\t\t\t\t\t<figure id=\"carousel-529\" class=\"entry-thumbnail\" data-owl-carousel data-hide_pagination_control=\"yes\" data-desktop=\"1\" data-tablet=\"1\" data-tablet_landscape=\"1\" data-mobile=\"1\">\n\t\t\t\t\t\t\n\t\t\t\t\t\t\t<div class=\"post-img-wrapp\">\n\t\t\t\t\t\t\t\t<a href=\"https:\/\/almafitness.com.br\/caminhada-rosa\/\">\n\t\t\t\t\t\t\t\t\t<img width=\"875\" height=\"584\" src=\"https:\/\/almafitness.com.br\/wp-content\/uploads\/2023\/10\/caminhada-rosa.webp\" class=\"attachment-large size-large\" alt=\"caminhada rosa\" decoding=\"async\" srcset=\"\/\/almafitness.com.br\/wp-content\/uploads\/2023\/10\/caminhada-rosa.webp 875w, \/\/almafitness.com.br\/wp-content\/uploads\/2023\/10\/caminhada-rosa-150x100.webp 150w, \/\/almafitness.com.br\/wp-content\/uploads\/2023\/10\/caminhada-rosa-300x200.webp 300w, \/\/almafitness.com.br\/wp-content\/uploads\/2023\/10\/caminhada-rosa-768x513.webp 768w\" sizes=\"(max-width: 875px) 100vw, 875px\" \/>\t\t\t\t\t\t\t\t<\/a>\n\t\t\t\t\t\t\t<\/div>\n\t\t\t\t\t\t\t<div class=\"post-image-mask\">\n\t\t\t\t\t\t\t\t<span><\/span>\n\t\t\t\t\t\t\t<\/div>\n\n\t\t\t\t\t\t\n\t\t\t\t\t<\/figure>\n\t\t\t\t\n\t\t\t\t\t\t\t\t\t\t\t\t<div class=\"post-date wd-post-date wd-style-with-bg\" onclick=\"\">\n\t\t\t\t<span class=\"post-date-day\">\n\t\t\t\t\t24\t\t\t\t<\/span>\n\t\t\t\t<span class=\"post-date-month\">\n\t\t\t\t\tjun\t\t\t\t<\/span>\n\t\t\t<\/div>\n\t\t\t\t\t\t\n\t\t\t<\/header><!-- .entry-header -->\n\n\t\t<div class=\"article-body-container\">\n\t\t\t\n\t\t\t\t\n\t\t\t\t\t\t\t\t\t<h3 class=\"wd-entities-title title post-title\">\n\t\t\t\t\t\t<a href=\"https:\/\/almafitness.com.br\/caminhada-rosa\/\" rel=\"bookmark\">7 Motivos para Participar da Caminhada Rosa e Cuidar da sua Sa\u00fade!<\/a>\n\t\t\t\t\t<\/h3>\n\t\t\t\t\n\t\t\t\t\t\t\t\n\t\t\t\t\t\t\t\n\t\t\t\t                    <div class=\"entry-content wd-entry-content\">\n\t\t\t\t\t\t<p>Uma caminhada tranquila com a paisagem envolvente da natureza em tons suaves de rosa.<\/p>\n\n\t\t\t\t\t\t\t\t\t\t\t<\/div><!-- .entry-content -->\n\t\t\t\t\n\t\t\t\t\t\t\t\t\t\t\t\t\t\t<p class=\"read-more-section\">\n\t\t\t\t\t\t<a class=\"btn-read-more more-link\" href=\"https:\/\/almafitness.com.br\/caminhada-rosa\/\">Continue lendo<\/a>\t\t\t\t\t<\/p>\n\t\t\t\t\t\t\t\t\t\t\t\n\t\t\t\n\t\t\t\t\t<\/div>\n\t<\/div>\n<\/article><!-- #post -->\n\n\n\t\t\t\t\t\t\t\t\t\t\t\n<article id=\"post-20403\" class=\"blog-design-masonry blog-post-loop blog-style-bg wd-add-shadow  col-lg-4 col-md-4 col-sm-6 col-12 first  post-20403 post type-post status-publish format-standard has-post-thumbnail hentry category-corrida-e-caminhada\">\n\t<div class=\"article-inner\">\n\t\t\t\t\t<header class=\"entry-header\">\n\t\t\t\t\t\t\t\t\t\n\t\t\t\t\t<figure id=\"carousel-600\" class=\"entry-thumbnail\" data-owl-carousel data-hide_pagination_control=\"yes\" data-desktop=\"1\" data-tablet=\"1\" data-tablet_landscape=\"1\" data-mobile=\"1\">\n\t\t\t\t\t\t\n\t\t\t\t\t\t\t<div class=\"post-img-wrapp\">\n\t\t\t\t\t\t\t\t<a href=\"https:\/\/almafitness.com.br\/caminhada-quantas-vezes-por-semana\/\">\n\t\t\t\t\t\t\t\t\t<img width=\"1023\" height=\"630\" src=\"https:\/\/almafitness.com.br\/wp-content\/uploads\/2023\/10\/caminhada-quantas-vezes-por-semana.webp\" class=\"attachment-large size-large\" alt=\"caminhada quantas vezes por semana\" decoding=\"async\" srcset=\"\/\/almafitness.com.br\/wp-content\/uploads\/2023\/10\/caminhada-quantas-vezes-por-semana.webp 1023w, \/\/almafitness.com.br\/wp-content\/uploads\/2023\/10\/caminhada-quantas-vezes-por-semana-150x92.webp 150w, \/\/almafitness.com.br\/wp-content\/uploads\/2023\/10\/caminhada-quantas-vezes-por-semana-300x185.webp 300w, \/\/almafitness.com.br\/wp-content\/uploads\/2023\/10\/caminhada-quantas-vezes-por-semana-768x473.webp 768w\" sizes=\"(max-width: 1023px) 100vw, 1023px\" \/>\t\t\t\t\t\t\t\t<\/a>\n\t\t\t\t\t\t\t<\/div>\n\t\t\t\t\t\t\t<div class=\"post-image-mask\">\n\t\t\t\t\t\t\t\t<span><\/span>\n\t\t\t\t\t\t\t<\/div>\n\n\t\t\t\t\t\t\n\t\t\t\t\t<\/figure>\n\t\t\t\t\n\t\t\t\t\t\t\t\t\t\t\t\t<div class=\"post-date wd-post-date wd-style-with-bg\" onclick=\"\">\n\t\t\t\t<span class=\"post-date-day\">\n\t\t\t\t\t23\t\t\t\t<\/span>\n\t\t\t\t<span class=\"post-date-month\">\n\t\t\t\t\tjun\t\t\t\t<\/span>\n\t\t\t<\/div>\n\t\t\t\t\t\t\n\t\t\t<\/header><!-- .entry-header -->\n\n\t\t<div class=\"article-body-container\">\n\t\t\t\n\t\t\t\t\n\t\t\t\t\t\t\t\t\t<h3 class=\"wd-entities-title title post-title\">\n\t\t\t\t\t\t<a href=\"https:\/\/almafitness.com.br\/caminhada-quantas-vezes-por-semana\/\" rel=\"bookmark\">Descubra a import\u00e2ncia de caminhar quantas vezes por semana<\/a>\n\t\t\t\t\t<\/h3>\n\t\t\t\t\n\t\t\t\t\t\t\t\n\t\t\t\t\t\t\t\n\t\t\t\t                    <div class=\"entry-content wd-entry-content\">\n\t\t\t\t\t\t<p>Para manter uma vida saud\u00e1vel, \u00e9 recomendado fazer caminhada quantas vezes por semana, no m\u00ednimo tr\u00eas vezes.<\/p>\n\n\t\t\t\t\t\t\t\t\t\t\t<\/div><!-- .entry-content -->\n\t\t\t\t\n\t\t\t\t\t\t\t\t\t\t\t\t\t\t<p class=\"read-more-section\">\n\t\t\t\t\t\t<a class=\"btn-read-more more-link\" href=\"https:\/\/almafitness.com.br\/caminhada-quantas-vezes-por-semana\/\">Continue lendo<\/a>\t\t\t\t\t<\/p>\n\t\t\t\t\t\t\t\t\t\t\t\n\t\t\t\n\t\t\t\t\t<\/div>\n\t<\/div>\n<\/article><!-- #post -->\n\n\n\t\t\t\t\t\t\t\t\t\t\t\n<article id=\"post-20396\" class=\"blog-design-masonry blog-post-loop blog-style-bg wd-add-shadow  col-lg-4 col-md-4 col-sm-6 col-12 post-20396 post type-post status-publish format-standard has-post-thumbnail hentry category-corrida-e-caminhada\">\n\t<div class=\"article-inner\">\n\t\t\t\t\t<header class=\"entry-header\">\n\t\t\t\t\t\t\t\t\t\n\t\t\t\t\t<figure id=\"carousel-547\" class=\"entry-thumbnail\" data-owl-carousel data-hide_pagination_control=\"yes\" data-desktop=\"1\" data-tablet=\"1\" data-tablet_landscape=\"1\" data-mobile=\"1\">\n\t\t\t\t\t\t\n\t\t\t\t\t\t\t<div class=\"post-img-wrapp\">\n\t\t\t\t\t\t\t\t<a href=\"https:\/\/almafitness.com.br\/caminhada-mensagem\/\">\n\t\t\t\t\t\t\t\t\t<img width=\"949\" height=\"630\" src=\"https:\/\/almafitness.com.br\/wp-content\/uploads\/2023\/10\/caminhada-mensagem.webp\" class=\"attachment-large size-large\" alt=\"caminhada mensagem\" decoding=\"async\" srcset=\"\/\/almafitness.com.br\/wp-content\/uploads\/2023\/10\/caminhada-mensagem.webp 949w, \/\/almafitness.com.br\/wp-content\/uploads\/2023\/10\/caminhada-mensagem-150x100.webp 150w, \/\/almafitness.com.br\/wp-content\/uploads\/2023\/10\/caminhada-mensagem-300x199.webp 300w, \/\/almafitness.com.br\/wp-content\/uploads\/2023\/10\/caminhada-mensagem-768x510.webp 768w\" sizes=\"(max-width: 949px) 100vw, 949px\" \/>\t\t\t\t\t\t\t\t<\/a>\n\t\t\t\t\t\t\t<\/div>\n\t\t\t\t\t\t\t<div class=\"post-image-mask\">\n\t\t\t\t\t\t\t\t<span><\/span>\n\t\t\t\t\t\t\t<\/div>\n\n\t\t\t\t\t\t\n\t\t\t\t\t<\/figure>\n\t\t\t\t\n\t\t\t\t\t\t\t\t\t\t\t\t<div class=\"post-date wd-post-date wd-style-with-bg\" onclick=\"\">\n\t\t\t\t<span class=\"post-date-day\">\n\t\t\t\t\t23\t\t\t\t<\/span>\n\t\t\t\t<span class=\"post-date-month\">\n\t\t\t\t\tjun\t\t\t\t<\/span>\n\t\t\t<\/div>\n\t\t\t\t\t\t\n\t\t\t<\/header><!-- .entry-header -->\n\n\t\t<div class=\"article-body-container\">\n\t\t\t\n\t\t\t\t\n\t\t\t\t\t\t\t\t\t<h3 class=\"wd-entities-title title post-title\">\n\t\t\t\t\t\t<a href=\"https:\/\/almafitness.com.br\/caminhada-mensagem\/\" rel=\"bookmark\">Descubra os benef\u00edcios da caminhada para o corpo e mente &#8211; Caminhada Mensagem<\/a>\n\t\t\t\t\t<\/h3>\n\t\t\t\t\n\t\t\t\t\t\t\t\n\t\t\t\t\t\t\t\n\t\t\t\t                    <div class=\"entry-content wd-entry-content\">\n\t\t\t\t\t\t<p>Uma caminhada revigorante para limpar a mente e receber uma mensagem inspiradora e motivacional.<\/p>\n\n\t\t\t\t\t\t\t\t\t\t\t<\/div><!-- .entry-content -->\n\t\t\t\t\n\t\t\t\t\t\t\t\t\t\t\t\t\t\t<p class=\"read-more-section\">\n\t\t\t\t\t\t<a class=\"btn-read-more more-link\" href=\"https:\/\/almafitness.com.br\/caminhada-mensagem\/\">Continue lendo<\/a>\t\t\t\t\t<\/p>\n\t\t\t\t\t\t\t\t\t\t\t\n\t\t\t\n\t\t\t\t\t<\/div>\n\t<\/div>\n<\/article><!-- #post -->\n\n\n\t\t\t\t\t\t\t\t\t\t\t\n<article id=\"post-20382\" class=\"blog-design-masonry blog-post-loop blog-style-bg wd-add-shadow  col-lg-4 col-md-4 col-sm-6 col-12 last  post-20382 post type-post status-publish format-standard has-post-thumbnail hentry category-corrida-e-caminhada\">\n\t<div class=\"article-inner\">\n\t\t\t\t\t<header class=\"entry-header\">\n\t\t\t\t\t\t\t\t\t\n\t\t\t\t\t<figure id=\"carousel-844\" class=\"entry-thumbnail\" data-owl-carousel data-hide_pagination_control=\"yes\" data-desktop=\"1\" data-tablet=\"1\" data-tablet_landscape=\"1\" data-mobile=\"1\">\n\t\t\t\t\t\t\n\t\t\t\t\t\t\t<div class=\"post-img-wrapp\">\n\t\t\t\t\t\t\t\t<a href=\"https:\/\/almafitness.com.br\/caminhada-moderada\/\">\n\t\t\t\t\t\t\t\t\t<img width=\"940\" height=\"626\" src=\"https:\/\/almafitness.com.br\/wp-content\/uploads\/2023\/10\/caminhada-moderada.webp\" class=\"attachment-large size-large\" alt=\"caminhada moderada\" decoding=\"async\" srcset=\"\/\/almafitness.com.br\/wp-content\/uploads\/2023\/10\/caminhada-moderada.webp 940w, \/\/almafitness.com.br\/wp-content\/uploads\/2023\/10\/caminhada-moderada-150x100.webp 150w, \/\/almafitness.com.br\/wp-content\/uploads\/2023\/10\/caminhada-moderada-300x200.webp 300w, \/\/almafitness.com.br\/wp-content\/uploads\/2023\/10\/caminhada-moderada-768x511.webp 768w\" sizes=\"(max-width: 940px) 100vw, 940px\" \/>\t\t\t\t\t\t\t\t<\/a>\n\t\t\t\t\t\t\t<\/div>\n\t\t\t\t\t\t\t<div class=\"post-image-mask\">\n\t\t\t\t\t\t\t\t<span><\/span>\n\t\t\t\t\t\t\t<\/div>\n\n\t\t\t\t\t\t\n\t\t\t\t\t<\/figure>\n\t\t\t\t\n\t\t\t\t\t\t\t\t\t\t\t\t<div class=\"post-date wd-post-date wd-style-with-bg\" onclick=\"\">\n\t\t\t\t<span class=\"post-date-day\">\n\t\t\t\t\t23\t\t\t\t<\/span>\n\t\t\t\t<span class=\"post-date-month\">\n\t\t\t\t\tjun\t\t\t\t<\/span>\n\t\t\t<\/div>\n\t\t\t\t\t\t\n\t\t\t<\/header><!-- .entry-header -->\n\n\t\t<div class=\"article-body-container\">\n\t\t\t\n\t\t\t\t\n\t\t\t\t\t\t\t\t\t<h3 class=\"wd-entities-title title post-title\">\n\t\t\t\t\t\t<a href=\"https:\/\/almafitness.com.br\/caminhada-moderada\/\" rel=\"bookmark\">Caminhada Moderada: Os Benef\u00edcios para a Sa\u00fade em 45 Minutos<\/a>\n\t\t\t\t\t<\/h3>\n\t\t\t\t\n\t\t\t\t\t\t\t\n\t\t\t\t\t\t\t\n\t\t\t\t                    <div class=\"entry-content wd-entry-content\">\n\t\t\t\t\t\t<p>Desfrute de uma caminhada moderada, ideal para melhorar a sa\u00fade f\u00edsica e mental, em meio \u00e0 natureza.<\/p>\n\n\t\t\t\t\t\t\t\t\t\t\t<\/div><!-- .entry-content -->\n\t\t\t\t\n\t\t\t\t\t\t\t\t\t\t\t\t\t\t<p class=\"read-more-section\">\n\t\t\t\t\t\t<a class=\"btn-read-more more-link\" href=\"https:\/\/almafitness.com.br\/caminhada-moderada\/\">Continue lendo<\/a>\t\t\t\t\t<\/p>\n\t\t\t\t\t\t\t\t\t\t\t\n\t\t\t\n\t\t\t\t\t<\/div>\n\t<\/div>\n<\/article><!-- #post -->\n\n\n\t\t\t\t\t\t\t\t\t\t\t\n<article id=\"post-20389\" class=\"blog-design-masonry blog-post-loop blog-style-bg wd-add-shadow  col-lg-4 col-md-4 col-sm-6 col-12 first  post-20389 post type-post status-publish format-standard has-post-thumbnail hentry category-corrida-e-caminhada\">\n\t<div class=\"article-inner\">\n\t\t\t\t\t<header class=\"entry-header\">\n\t\t\t\t\t\t\t\t\t\n\t\t\t\t\t<figure id=\"carousel-506\" class=\"entry-thumbnail\" data-owl-carousel data-hide_pagination_control=\"yes\" data-desktop=\"1\" data-tablet=\"1\" data-tablet_landscape=\"1\" data-mobile=\"1\">\n\t\t\t\t\t\t\n\t\t\t\t\t\t\t<div class=\"post-img-wrapp\">\n\t\t\t\t\t\t\t\t<a href=\"https:\/\/almafitness.com.br\/caminhada-moderada-2\/\">\n\t\t\t\t\t\t\t\t\t<img width=\"944\" height=\"630\" src=\"https:\/\/almafitness.com.br\/wp-content\/uploads\/2023\/10\/caminhada-moderada-1.webp\" class=\"attachment-large size-large\" alt=\"caminhada moderada\" decoding=\"async\" srcset=\"\/\/almafitness.com.br\/wp-content\/uploads\/2023\/10\/caminhada-moderada-1.webp 944w, \/\/almafitness.com.br\/wp-content\/uploads\/2023\/10\/caminhada-moderada-1-150x100.webp 150w, \/\/almafitness.com.br\/wp-content\/uploads\/2023\/10\/caminhada-moderada-1-300x200.webp 300w, \/\/almafitness.com.br\/wp-content\/uploads\/2023\/10\/caminhada-moderada-1-768x513.webp 768w\" sizes=\"(max-width: 944px) 100vw, 944px\" \/>\t\t\t\t\t\t\t\t<\/a>\n\t\t\t\t\t\t\t<\/div>\n\t\t\t\t\t\t\t<div class=\"post-image-mask\">\n\t\t\t\t\t\t\t\t<span><\/span>\n\t\t\t\t\t\t\t<\/div>\n\n\t\t\t\t\t\t\n\t\t\t\t\t<\/figure>\n\t\t\t\t\n\t\t\t\t\t\t\t\t\t\t\t\t<div class=\"post-date wd-post-date wd-style-with-bg\" onclick=\"\">\n\t\t\t\t<span class=\"post-date-day\">\n\t\t\t\t\t23\t\t\t\t<\/span>\n\t\t\t\t<span class=\"post-date-month\">\n\t\t\t\t\tjun\t\t\t\t<\/span>\n\t\t\t<\/div>\n\t\t\t\t\t\t\n\t\t\t<\/header><!-- .entry-header -->\n\n\t\t<div class=\"article-body-container\">\n\t\t\t\n\t\t\t\t\n\t\t\t\t\t\t\t\t\t<h3 class=\"wd-entities-title title post-title\">\n\t\t\t\t\t\t<a href=\"https:\/\/almafitness.com.br\/caminhada-moderada-2\/\" rel=\"bookmark\">Melhore sua sa\u00fade com a caminhada moderada: benef\u00edcios e dicas<\/a>\n\t\t\t\t\t<\/h3>\n\t\t\t\t\n\t\t\t\t\t\t\t\n\t\t\t\t\t\t\t\n\t\t\t\t                    <div class=\"entry-content wd-entry-content\">\n\t\t\t\t\t\t<p>A caminhada moderada \u00e9 uma atividade f\u00edsica saud\u00e1vel que promove bem-estar e condicionamento f\u00edsico.<\/p>\n\n\t\t\t\t\t\t\t\t\t\t\t<\/div><!-- .entry-content -->\n\t\t\t\t\n\t\t\t\t\t\t\t\t\t\t\t\t\t\t<p class=\"read-more-section\">\n\t\t\t\t\t\t<a class=\"btn-read-more more-link\" href=\"https:\/\/almafitness.com.br\/caminhada-moderada-2\/\">Continue lendo<\/a>\t\t\t\t\t<\/p>\n\t\t\t\t\t\t\t\t\t\t\t\n\t\t\t\n\t\t\t\t\t<\/div>\n\t<\/div>\n<\/article><!-- #post -->\n\n\n\t\t\t\t\t\t\t\t\t\t\t\n<article id=\"post-20375\" class=\"blog-design-masonry blog-post-loop blog-style-bg wd-add-shadow  col-lg-4 col-md-4 col-sm-6 col-12 post-20375 post type-post status-publish format-standard has-post-thumbnail hentry category-corrida-e-caminhada\">\n\t<div class=\"article-inner\">\n\t\t\t\t\t<header class=\"entry-header\">\n\t\t\t\t\t\t\t\t\t\n\t\t\t\t\t<figure id=\"carousel-125\" class=\"entry-thumbnail\" data-owl-carousel data-hide_pagination_control=\"yes\" data-desktop=\"1\" data-tablet=\"1\" data-tablet_landscape=\"1\" data-mobile=\"1\">\n\t\t\t\t\t\t\n\t\t\t\t\t\t\t<div class=\"post-img-wrapp\">\n\t\t\t\t\t\t\t\t<a href=\"https:\/\/almafitness.com.br\/caminhada-libera-serotonina\/\">\n\t\t\t\t\t\t\t\t\t<img width=\"1024\" height=\"538\" src=\"https:\/\/almafitness.com.br\/wp-content\/uploads\/2023\/10\/caminhada-libera-serotonina-1024x538.webp\" class=\"attachment-large size-large\" alt=\"caminhada libera serotonina\" decoding=\"async\" srcset=\"\/\/almafitness.com.br\/wp-content\/uploads\/2023\/10\/caminhada-libera-serotonina-1024x538.webp 1024w, \/\/almafitness.com.br\/wp-content\/uploads\/2023\/10\/caminhada-libera-serotonina-150x79.webp 150w, \/\/almafitness.com.br\/wp-content\/uploads\/2023\/10\/caminhada-libera-serotonina-300x158.webp 300w, \/\/almafitness.com.br\/wp-content\/uploads\/2023\/10\/caminhada-libera-serotonina-768x403.webp 768w, \/\/almafitness.com.br\/wp-content\/uploads\/2023\/10\/caminhada-libera-serotonina.webp 1200w\" sizes=\"(max-width: 1024px) 100vw, 1024px\" \/>\t\t\t\t\t\t\t\t<\/a>\n\t\t\t\t\t\t\t<\/div>\n\t\t\t\t\t\t\t<div class=\"post-image-mask\">\n\t\t\t\t\t\t\t\t<span><\/span>\n\t\t\t\t\t\t\t<\/div>\n\n\t\t\t\t\t\t\n\t\t\t\t\t<\/figure>\n\t\t\t\t\n\t\t\t\t\t\t\t\t\t\t\t\t<div class=\"post-date wd-post-date wd-style-with-bg\" onclick=\"\">\n\t\t\t\t<span class=\"post-date-day\">\n\t\t\t\t\t22\t\t\t\t<\/span>\n\t\t\t\t<span class=\"post-date-month\">\n\t\t\t\t\tjun\t\t\t\t<\/span>\n\t\t\t<\/div>\n\t\t\t\t\t\t\n\t\t\t<\/header><!-- .entry-header -->\n\n\t\t<div class=\"article-body-container\">\n\t\t\t\n\t\t\t\t\n\t\t\t\t\t\t\t\t\t<h3 class=\"wd-entities-title title post-title\">\n\t\t\t\t\t\t<a href=\"https:\/\/almafitness.com.br\/caminhada-libera-serotonina\/\" rel=\"bookmark\">Caminhada: descubra como liberar serotonina<\/a>\n\t\t\t\t\t<\/h3>\n\t\t\t\t\n\t\t\t\t\t\t\t\n\t\t\t\t\t\t\t\n\t\t\t\t                    <div class=\"entry-content wd-entry-content\">\n\t\t\t\t\t\t<p>A pr\u00e1tica constante de caminhada libera serotonina e promove um bem-estar f\u00edsico e mental.<\/p>\n\n\t\t\t\t\t\t\t\t\t\t\t<\/div><!-- .entry-content -->\n\t\t\t\t\n\t\t\t\t\t\t\t\t\t\t\t\t\t\t<p class=\"read-more-section\">\n\t\t\t\t\t\t<a class=\"btn-read-more more-link\" href=\"https:\/\/almafitness.com.br\/caminhada-libera-serotonina\/\">Continue lendo<\/a>\t\t\t\t\t<\/p>\n\t\t\t\t\t\t\t\t\t\t\t\n\t\t\t\n\t\t\t\t\t<\/div>\n\t<\/div>\n<\/article><!-- #post -->\n\n\n\t\t\t\t\t\t\t\t\t\t\t\n<article id=\"post-20361\" class=\"blog-design-masonry blog-post-loop blog-style-bg wd-add-shadow  col-lg-4 col-md-4 col-sm-6 col-12 last  post-20361 post type-post status-publish format-standard has-post-thumbnail hentry category-corrida-e-caminhada\">\n\t<div class=\"article-inner\">\n\t\t\t\t\t<header class=\"entry-header\">\n\t\t\t\t\t\t\t\t\t\n\t\t\t\t\t<figure id=\"carousel-456\" class=\"entry-thumbnail\" data-owl-carousel data-hide_pagination_control=\"yes\" data-desktop=\"1\" data-tablet=\"1\" data-tablet_landscape=\"1\" data-mobile=\"1\">\n\t\t\t\t\t\t\n\t\t\t\t\t\t\t<div class=\"post-img-wrapp\">\n\t\t\t\t\t\t\t\t<a href=\"https:\/\/almafitness.com.br\/caminhada-leve\/\">\n\t\t\t\t\t\t\t\t\t<img width=\"998\" height=\"500\" src=\"https:\/\/almafitness.com.br\/wp-content\/uploads\/2023\/10\/caminhada-leve.webp\" class=\"attachment-large size-large\" alt=\"caminhada leve\" decoding=\"async\" srcset=\"\/\/almafitness.com.br\/wp-content\/uploads\/2023\/10\/caminhada-leve.webp 998w, \/\/almafitness.com.br\/wp-content\/uploads\/2023\/10\/caminhada-leve-150x75.webp 150w, \/\/almafitness.com.br\/wp-content\/uploads\/2023\/10\/caminhada-leve-300x150.webp 300w, \/\/almafitness.com.br\/wp-content\/uploads\/2023\/10\/caminhada-leve-768x385.webp 768w\" sizes=\"(max-width: 998px) 100vw, 998px\" \/>\t\t\t\t\t\t\t\t<\/a>\n\t\t\t\t\t\t\t<\/div>\n\t\t\t\t\t\t\t<div class=\"post-image-mask\">\n\t\t\t\t\t\t\t\t<span><\/span>\n\t\t\t\t\t\t\t<\/div>\n\n\t\t\t\t\t\t\n\t\t\t\t\t<\/figure>\n\t\t\t\t\n\t\t\t\t\t\t\t\t\t\t\t\t<div class=\"post-date wd-post-date wd-style-with-bg\" onclick=\"\">\n\t\t\t\t<span class=\"post-date-day\">\n\t\t\t\t\t22\t\t\t\t<\/span>\n\t\t\t\t<span class=\"post-date-month\">\n\t\t\t\t\tjun\t\t\t\t<\/span>\n\t\t\t<\/div>\n\t\t\t\t\t\t\n\t\t\t<\/header><!-- .entry-header -->\n\n\t\t<div class=\"article-body-container\">\n\t\t\t\n\t\t\t\t\n\t\t\t\t\t\t\t\t\t<h3 class=\"wd-entities-title title post-title\">\n\t\t\t\t\t\t<a href=\"https:\/\/almafitness.com.br\/caminhada-leve\/\" rel=\"bookmark\">Descubra os benef\u00edcios da caminhada leve para a sa\u00fade<\/a>\n\t\t\t\t\t<\/h3>\n\t\t\t\t\n\t\t\t\t\t\t\t\n\t\t\t\t\t\t\t\n\t\t\t\t                    <div class=\"entry-content wd-entry-content\">\n\t\t\t\t\t\t<p>Caminhada leve \u00e9 um passeio tranquilo, que pode ser feito em qualquer lugar, perfeito para relaxar e desfrutar da natureza.<\/p>\n\n\t\t\t\t\t\t\t\t\t\t\t<\/div><!-- .entry-content -->\n\t\t\t\t\n\t\t\t\t\t\t\t\t\t\t\t\t\t\t<p class=\"read-more-section\">\n\t\t\t\t\t\t<a class=\"btn-read-more more-link\" href=\"https:\/\/almafitness.com.br\/caminhada-leve\/\">Continue lendo<\/a>\t\t\t\t\t<\/p>\n\t\t\t\t\t\t\t\t\t\t\t\n\t\t\t\n\t\t\t\t\t<\/div>\n\t<\/div>\n<\/article><!-- #post -->\n\n\n\t\t\t\t\t\t\t\t\t\t\t\n<article id=\"post-20354\" class=\"blog-design-masonry blog-post-loop blog-style-bg wd-add-shadow  col-lg-4 col-md-4 col-sm-6 col-12 first  post-20354 post type-post status-publish format-standard has-post-thumbnail hentry category-corrida-e-caminhada\">\n\t<div class=\"article-inner\">\n\t\t\t\t\t<header class=\"entry-header\">\n\t\t\t\t\t\t\t\t\t\n\t\t\t\t\t<figure id=\"carousel-793\" class=\"entry-thumbnail\" data-owl-carousel data-hide_pagination_control=\"yes\" data-desktop=\"1\" data-tablet=\"1\" data-tablet_landscape=\"1\" data-mobile=\"1\">\n\t\t\t\t\t\t\n\t\t\t\t\t\t\t<div class=\"post-img-wrapp\">\n\t\t\t\t\t\t\t\t<a href=\"https:\/\/almafitness.com.br\/caminhada-lateral\/\">\n\t\t\t\t\t\t\t\t\t<img width=\"875\" height=\"584\" src=\"https:\/\/almafitness.com.br\/wp-content\/uploads\/2023\/10\/caminhada-lateral.webp\" class=\"attachment-large size-large\" alt=\"caminhada lateral\" decoding=\"async\" srcset=\"\/\/almafitness.com.br\/wp-content\/uploads\/2023\/10\/caminhada-lateral.webp 875w, \/\/almafitness.com.br\/wp-content\/uploads\/2023\/10\/caminhada-lateral-150x100.webp 150w, \/\/almafitness.com.br\/wp-content\/uploads\/2023\/10\/caminhada-lateral-300x200.webp 300w, \/\/almafitness.com.br\/wp-content\/uploads\/2023\/10\/caminhada-lateral-768x513.webp 768w\" sizes=\"(max-width: 875px) 100vw, 875px\" \/>\t\t\t\t\t\t\t\t<\/a>\n\t\t\t\t\t\t\t<\/div>\n\t\t\t\t\t\t\t<div class=\"post-image-mask\">\n\t\t\t\t\t\t\t\t<span><\/span>\n\t\t\t\t\t\t\t<\/div>\n\n\t\t\t\t\t\t\n\t\t\t\t\t<\/figure>\n\t\t\t\t\n\t\t\t\t\t\t\t\t\t\t\t\t<div class=\"post-date wd-post-date wd-style-with-bg\" onclick=\"\">\n\t\t\t\t<span class=\"post-date-day\">\n\t\t\t\t\t21\t\t\t\t<\/span>\n\t\t\t\t<span class=\"post-date-month\">\n\t\t\t\t\tjun\t\t\t\t<\/span>\n\t\t\t<\/div>\n\t\t\t\t\t\t\n\t\t\t<\/header><!-- .entry-header -->\n\n\t\t<div class=\"article-body-container\">\n\t\t\t\n\t\t\t\t\n\t\t\t\t\t\t\t\t\t<h3 class=\"wd-entities-title title post-title\">\n\t\t\t\t\t\t<a href=\"https:\/\/almafitness.com.br\/caminhada-lateral\/\" rel=\"bookmark\">Caminhada Lateral: Melhore sua sa\u00fade com este exerc\u00edcio<\/a>\n\t\t\t\t\t<\/h3>\n\t\t\t\t\n\t\t\t\t\t\t\t\n\t\t\t\t\t\t\t\n\t\t\t\t                    <div class=\"entry-content wd-entry-content\">\n\t\t\t\t\t\t<p>A caminhada lateral \u00e9 um \u00f3timo exerc\u00edcio para tonificar e fortalecer os m\u00fasculos do quadril e gl\u00fateos.<\/p>\n\n\t\t\t\t\t\t\t\t\t\t\t<\/div><!-- .entry-content -->\n\t\t\t\t\n\t\t\t\t\t\t\t\t\t\t\t\t\t\t<p class=\"read-more-section\">\n\t\t\t\t\t\t<a class=\"btn-read-more more-link\" href=\"https:\/\/almafitness.com.br\/caminhada-lateral\/\">Continue lendo<\/a>\t\t\t\t\t<\/p>\n\t\t\t\t\t\t\t\t\t\t\t\n\t\t\t\n\t\t\t\t\t<\/div>\n\t<\/div>\n<\/article><!-- #post -->\n\n\n\t\t\t\t\t\t\t\t\t\t\t\n<article id=\"post-20347\" class=\"blog-design-masonry blog-post-loop blog-style-bg wd-add-shadow  col-lg-4 col-md-4 col-sm-6 col-12 post-20347 post type-post status-publish format-standard has-post-thumbnail hentry category-corrida-e-caminhada\">\n\t<div class=\"article-inner\">\n\t\t\t\t\t<header class=\"entry-header\">\n\t\t\t\t\t\t\t\t\t\n\t\t\t\t\t<figure id=\"carousel-918\" class=\"entry-thumbnail\" data-owl-carousel data-hide_pagination_control=\"yes\" data-desktop=\"1\" data-tablet=\"1\" data-tablet_landscape=\"1\" data-mobile=\"1\">\n\t\t\t\t\t\t\n\t\t\t\t\t\t\t<div class=\"post-img-wrapp\">\n\t\t\t\t\t\t\t\t<a href=\"https:\/\/almafitness.com.br\/caminhada-faz-bem-para-coluna\/\">\n\t\t\t\t\t\t\t\t\t<img width=\"1024\" height=\"576\" src=\"https:\/\/almafitness.com.br\/wp-content\/uploads\/2023\/10\/caminhada-faz-bem-para-coluna-1024x576.webp\" class=\"attachment-large size-large\" alt=\"caminhada faz bem para coluna\" decoding=\"async\" srcset=\"\/\/almafitness.com.br\/wp-content\/uploads\/2023\/10\/caminhada-faz-bem-para-coluna-1024x576.webp 1024w, \/\/almafitness.com.br\/wp-content\/uploads\/2023\/10\/caminhada-faz-bem-para-coluna-150x84.webp 150w, \/\/almafitness.com.br\/wp-content\/uploads\/2023\/10\/caminhada-faz-bem-para-coluna-300x169.webp 300w, \/\/almafitness.com.br\/wp-content\/uploads\/2023\/10\/caminhada-faz-bem-para-coluna-768x432.webp 768w, \/\/almafitness.com.br\/wp-content\/uploads\/2023\/10\/caminhada-faz-bem-para-coluna.webp 1120w\" sizes=\"(max-width: 1024px) 100vw, 1024px\" \/>\t\t\t\t\t\t\t\t<\/a>\n\t\t\t\t\t\t\t<\/div>\n\t\t\t\t\t\t\t<div class=\"post-image-mask\">\n\t\t\t\t\t\t\t\t<span><\/span>\n\t\t\t\t\t\t\t<\/div>\n\n\t\t\t\t\t\t\n\t\t\t\t\t<\/figure>\n\t\t\t\t\n\t\t\t\t\t\t\t\t\t\t\t\t<div class=\"post-date wd-post-date wd-style-with-bg\" onclick=\"\">\n\t\t\t\t<span class=\"post-date-day\">\n\t\t\t\t\t21\t\t\t\t<\/span>\n\t\t\t\t<span class=\"post-date-month\">\n\t\t\t\t\tjun\t\t\t\t<\/span>\n\t\t\t<\/div>\n\t\t\t\t\t\t\n\t\t\t<\/header><!-- .entry-header -->\n\n\t\t<div class=\"article-body-container\">\n\t\t\t\n\t\t\t\t\n\t\t\t\t\t\t\t\t\t<h3 class=\"wd-entities-title title post-title\">\n\t\t\t\t\t\t<a href=\"https:\/\/almafitness.com.br\/caminhada-faz-bem-para-coluna\/\" rel=\"bookmark\">Caminhada: Benef\u00edcios para a coluna em poucos passos<\/a>\n\t\t\t\t\t<\/h3>\n\t\t\t\t\n\t\t\t\t\t\t\t\n\t\t\t\t\t\t\t\n\t\t\t\t                    <div class=\"entry-content wd-entry-content\">\n\t\t\t\t\t\t<p>Ficar ativo e praticar caminhadas regularmente \u00e9 essencial para manter a sa\u00fade da sua coluna.<\/p>\n\n\t\t\t\t\t\t\t\t\t\t\t<\/div><!-- .entry-content -->\n\t\t\t\t\n\t\t\t\t\t\t\t\t\t\t\t\t\t\t<p class=\"read-more-section\">\n\t\t\t\t\t\t<a class=\"btn-read-more more-link\" href=\"https:\/\/almafitness.com.br\/caminhada-faz-bem-para-coluna\/\">Continue lendo<\/a>\t\t\t\t\t<\/p>\n\t\t\t\t\t\t\t\t\t\t\t\n\t\t\t\n\t\t\t\t\t<\/div>\n\t<\/div>\n<\/article><!-- #post -->\n\n\n\t\t\t\t\t\t\t\t\t\t\t\n<article id=\"post-20340\" class=\"blog-design-masonry blog-post-loop blog-style-bg wd-add-shadow  col-lg-4 col-md-4 col-sm-6 col-12 last  post-20340 post type-post status-publish format-standard has-post-thumbnail hentry category-corrida-e-caminhada\">\n\t<div class=\"article-inner\">\n\t\t\t\t\t<header class=\"entry-header\">\n\t\t\t\t\t\t\t\t\t\n\t\t\t\t\t<figure id=\"carousel-589\" class=\"entry-thumbnail\" data-owl-carousel data-hide_pagination_control=\"yes\" data-desktop=\"1\" data-tablet=\"1\" data-tablet_landscape=\"1\" data-mobile=\"1\">\n\t\t\t\t\t\t\n\t\t\t\t\t\t\t<div class=\"post-img-wrapp\">\n\t\t\t\t\t\t\t\t<a href=\"https:\/\/almafitness.com.br\/caminhada-em-casa-para-emagrecer\/\">\n\t\t\t\t\t\t\t\t\t<img width=\"1024\" height=\"487\" src=\"https:\/\/almafitness.com.br\/wp-content\/uploads\/2023\/10\/caminhada-em-casa-para-emagrecer-1024x487.webp\" class=\"attachment-large size-large\" alt=\"caminhada em casa para emagrecer\" decoding=\"async\" srcset=\"\/\/almafitness.com.br\/wp-content\/uploads\/2023\/10\/caminhada-em-casa-para-emagrecer-1024x487.webp 1024w, \/\/almafitness.com.br\/wp-content\/uploads\/2023\/10\/caminhada-em-casa-para-emagrecer-150x71.webp 150w, \/\/almafitness.com.br\/wp-content\/uploads\/2023\/10\/caminhada-em-casa-para-emagrecer-300x143.webp 300w, \/\/almafitness.com.br\/wp-content\/uploads\/2023\/10\/caminhada-em-casa-para-emagrecer-768x365.webp 768w, \/\/almafitness.com.br\/wp-content\/uploads\/2023\/10\/caminhada-em-casa-para-emagrecer.webp 1200w\" sizes=\"(max-width: 1024px) 100vw, 1024px\" \/>\t\t\t\t\t\t\t\t<\/a>\n\t\t\t\t\t\t\t<\/div>\n\t\t\t\t\t\t\t<div class=\"post-image-mask\">\n\t\t\t\t\t\t\t\t<span><\/span>\n\t\t\t\t\t\t\t<\/div>\n\n\t\t\t\t\t\t\n\t\t\t\t\t<\/figure>\n\t\t\t\t\n\t\t\t\t\t\t\t\t\t\t\t\t<div class=\"post-date wd-post-date wd-style-with-bg\" onclick=\"\">\n\t\t\t\t<span class=\"post-date-day\">\n\t\t\t\t\t21\t\t\t\t<\/span>\n\t\t\t\t<span class=\"post-date-month\">\n\t\t\t\t\tjun\t\t\t\t<\/span>\n\t\t\t<\/div>\n\t\t\t\t\t\t\n\t\t\t<\/header><!-- .entry-header -->\n\n\t\t<div class=\"article-body-container\">\n\t\t\t\n\t\t\t\t\n\t\t\t\t\t\t\t\t\t<h3 class=\"wd-entities-title title post-title\">\n\t\t\t\t\t\t<a href=\"https:\/\/almafitness.com.br\/caminhada-em-casa-para-emagrecer\/\" rel=\"bookmark\">Caminhada em Casa: O Melhor Exerc\u00edcio Para Emagrecer!<\/a>\n\t\t\t\t\t<\/h3>\n\t\t\t\t\n\t\t\t\t\t\t\t\n\t\t\t\t\t\t\t\n\t\t\t\t                    <div class=\"entry-content wd-entry-content\">\n\t\t\t\t\t\t<p>Transforme sua casa em uma academia com a caminhada em casa para emagrecer de forma pr\u00e1tica e eficiente.<\/p>\n\n\t\t\t\t\t\t\t\t\t\t\t<\/div><!-- .entry-content -->\n\t\t\t\t\n\t\t\t\t\t\t\t\t\t\t\t\t\t\t<p class=\"read-more-section\">\n\t\t\t\t\t\t<a class=\"btn-read-more more-link\" href=\"https:\/\/almafitness.com.br\/caminhada-em-casa-para-emagrecer\/\">Continue lendo<\/a>\t\t\t\t\t<\/p>\n\t\t\t\t\t\t\t\t\t\t\t\n\t\t\t\n\t\t\t\t\t<\/div>\n\t<\/div>\n<\/article><!-- #post -->\n\n\n\t\t\t\t\t\t\t\t\t\t\t\n<article id=\"post-20333\" class=\"blog-design-masonry blog-post-loop blog-style-bg wd-add-shadow  col-lg-4 col-md-4 col-sm-6 col-12 first  post-20333 post type-post status-publish format-standard has-post-thumbnail hentry category-corrida-e-caminhada\">\n\t<div class=\"article-inner\">\n\t\t\t\t\t<header class=\"entry-header\">\n\t\t\t\t\t\t\t\t\t\n\t\t\t\t\t<figure id=\"carousel-254\" class=\"entry-thumbnail\" data-owl-carousel data-hide_pagination_control=\"yes\" data-desktop=\"1\" data-tablet=\"1\" data-tablet_landscape=\"1\" data-mobile=\"1\">\n\t\t\t\t\t\t\n\t\t\t\t\t\t\t<div class=\"post-img-wrapp\">\n\t\t\t\t\t\t\t\t<a href=\"https:\/\/almafitness.com.br\/caminhada-estrada-velha-de-santos\/\">\n\t\t\t\t\t\t\t\t\t<img width=\"724\" height=\"483\" src=\"https:\/\/almafitness.com.br\/wp-content\/uploads\/2023\/10\/caminhada-estrada-velha-de-santos.webp\" class=\"attachment-large size-large\" alt=\"caminhada estrada velha de santos\" decoding=\"async\" srcset=\"\/\/almafitness.com.br\/wp-content\/uploads\/2023\/10\/caminhada-estrada-velha-de-santos.webp 724w, \/\/almafitness.com.br\/wp-content\/uploads\/2023\/10\/caminhada-estrada-velha-de-santos-150x100.webp 150w, \/\/almafitness.com.br\/wp-content\/uploads\/2023\/10\/caminhada-estrada-velha-de-santos-300x200.webp 300w\" sizes=\"(max-width: 724px) 100vw, 724px\" \/>\t\t\t\t\t\t\t\t<\/a>\n\t\t\t\t\t\t\t<\/div>\n\t\t\t\t\t\t\t<div class=\"post-image-mask\">\n\t\t\t\t\t\t\t\t<span><\/span>\n\t\t\t\t\t\t\t<\/div>\n\n\t\t\t\t\t\t\n\t\t\t\t\t<\/figure>\n\t\t\t\t\n\t\t\t\t\t\t\t\t\t\t\t\t<div class=\"post-date wd-post-date wd-style-with-bg\" onclick=\"\">\n\t\t\t\t<span class=\"post-date-day\">\n\t\t\t\t\t20\t\t\t\t<\/span>\n\t\t\t\t<span class=\"post-date-month\">\n\t\t\t\t\tjun\t\t\t\t<\/span>\n\t\t\t<\/div>\n\t\t\t\t\t\t\n\t\t\t<\/header><!-- .entry-header -->\n\n\t\t<div class=\"article-body-container\">\n\t\t\t\n\t\t\t\t\n\t\t\t\t\t\t\t\t\t<h3 class=\"wd-entities-title title post-title\">\n\t\t\t\t\t\t<a href=\"https:\/\/almafitness.com.br\/caminhada-estrada-velha-de-santos\/\" rel=\"bookmark\">Descubra a hist\u00f3ria e natureza na caminhada pela estrada velha de Santos<\/a>\n\t\t\t\t\t<\/h3>\n\t\t\t\t\n\t\t\t\t\t\t\t\n\t\t\t\t\t\t\t\n\t\t\t\t                    <div class=\"entry-content wd-entry-content\">\n\t\t\t\t\t\t<p>A caminhada pela estrada velha de Santos \u00e9 uma experi\u00eancia \u00fanica e desafiadora, repleta de hist\u00f3rias e paisagens incr\u00edveis.<\/p>\n\n\t\t\t\t\t\t\t\t\t\t\t<\/div><!-- .entry-content -->\n\t\t\t\t\n\t\t\t\t\t\t\t\t\t\t\t\t\t\t<p class=\"read-more-section\">\n\t\t\t\t\t\t<a class=\"btn-read-more more-link\" href=\"https:\/\/almafitness.com.br\/caminhada-estrada-velha-de-santos\/\">Continue lendo<\/a>\t\t\t\t\t<\/p>\n\t\t\t\t\t\t\t\t\t\t\t\n\t\t\t\n\t\t\t\t\t<\/div>\n\t<\/div>\n<\/article><!-- #post -->\n\n\n\t\t\t\t\t\t\t\t\t\t\t\n<article id=\"post-20312\" class=\"blog-design-masonry blog-post-loop blog-style-bg wd-add-shadow  col-lg-4 col-md-4 col-sm-6 col-12 post-20312 post type-post status-publish format-standard has-post-thumbnail hentry category-corrida-e-caminhada\">\n\t<div class=\"article-inner\">\n\t\t\t\t\t<header class=\"entry-header\">\n\t\t\t\t\t\t\t\t\t\n\t\t\t\t\t<figure id=\"carousel-117\" class=\"entry-thumbnail\" data-owl-carousel data-hide_pagination_control=\"yes\" data-desktop=\"1\" data-tablet=\"1\" data-tablet_landscape=\"1\" data-mobile=\"1\">\n\t\t\t\t\t\t\n\t\t\t\t\t\t\t<div class=\"post-img-wrapp\">\n\t\t\t\t\t\t\t\t<a href=\"https:\/\/almafitness.com.br\/caminhada-baixa-triglicerides\/\">\n\t\t\t\t\t\t\t\t\t<img width=\"650\" height=\"487\" src=\"https:\/\/almafitness.com.br\/wp-content\/uploads\/2023\/10\/caminhada-baixa-triglicerides.webp\" class=\"attachment-large size-large\" alt=\"caminhada baixa triglic\u00e9rides\" decoding=\"async\" srcset=\"\/\/almafitness.com.br\/wp-content\/uploads\/2023\/10\/caminhada-baixa-triglicerides.webp 650w, \/\/almafitness.com.br\/wp-content\/uploads\/2023\/10\/caminhada-baixa-triglicerides-150x112.webp 150w, \/\/almafitness.com.br\/wp-content\/uploads\/2023\/10\/caminhada-baixa-triglicerides-300x225.webp 300w\" sizes=\"(max-width: 650px) 100vw, 650px\" \/>\t\t\t\t\t\t\t\t<\/a>\n\t\t\t\t\t\t\t<\/div>\n\t\t\t\t\t\t\t<div class=\"post-image-mask\">\n\t\t\t\t\t\t\t\t<span><\/span>\n\t\t\t\t\t\t\t<\/div>\n\n\t\t\t\t\t\t\n\t\t\t\t\t<\/figure>\n\t\t\t\t\n\t\t\t\t\t\t\t\t\t\t\t\t<div class=\"post-date wd-post-date wd-style-with-bg\" onclick=\"\">\n\t\t\t\t<span class=\"post-date-day\">\n\t\t\t\t\t19\t\t\t\t<\/span>\n\t\t\t\t<span class=\"post-date-month\">\n\t\t\t\t\tjun\t\t\t\t<\/span>\n\t\t\t<\/div>\n\t\t\t\t\t\t\n\t\t\t<\/header><!-- .entry-header -->\n\n\t\t<div class=\"article-body-container\">\n\t\t\t\n\t\t\t\t\n\t\t\t\t\t\t\t\t\t<h3 class=\"wd-entities-title title post-title\">\n\t\t\t\t\t\t<a href=\"https:\/\/almafitness.com.br\/caminhada-baixa-triglicerides\/\" rel=\"bookmark\">Como a caminhada pode ajudar a baixar os triglic\u00e9rides em seu corpo<\/a>\n\t\t\t\t\t<\/h3>\n\t\t\t\t\n\t\t\t\t\t\t\t\n\t\t\t\t\t\t\t\n\t\t\t\t                    <div class=\"entry-content wd-entry-content\">\n\t\t\t\t\t\t<p>A caminhada regular \u00e9 uma \u00f3tima forma de reduzir os n\u00edveis de triglic\u00e9rides no organismo.<\/p>\n\n\t\t\t\t\t\t\t\t\t\t\t<\/div><!-- .entry-content -->\n\t\t\t\t\n\t\t\t\t\t\t\t\t\t\t\t\t\t\t<p class=\"read-more-section\">\n\t\t\t\t\t\t<a class=\"btn-read-more more-link\" href=\"https:\/\/almafitness.com.br\/caminhada-baixa-triglicerides\/\">Continue lendo<\/a>\t\t\t\t\t<\/p>\n\t\t\t\t\t\t\t\t\t\t\t\n\t\t\t\n\t\t\t\t\t<\/div>\n\t<\/div>\n<\/article><!-- #post -->\n\n\n\t\t\t\t\t\t\t\t\t\t\t\n<article id=\"post-20305\" class=\"blog-design-masonry blog-post-loop blog-style-bg wd-add-shadow  col-lg-4 col-md-4 col-sm-6 col-12 last  post-20305 post type-post status-publish format-standard has-post-thumbnail hentry category-corrida-e-caminhada\">\n\t<div class=\"article-inner\">\n\t\t\t\t\t<header class=\"entry-header\">\n\t\t\t\t\t\t\t\t\t\n\t\t\t\t\t<figure id=\"carousel-193\" class=\"entry-thumbnail\" data-owl-carousel data-hide_pagination_control=\"yes\" data-desktop=\"1\" data-tablet=\"1\" data-tablet_landscape=\"1\" data-mobile=\"1\">\n\t\t\t\t\t\t\n\t\t\t\t\t\t\t<div class=\"post-img-wrapp\">\n\t\t\t\t\t\t\t\t<a href=\"https:\/\/almafitness.com.br\/caminhada-aparecida\/\">\n\t\t\t\t\t\t\t\t\t<img width=\"730\" height=\"445\" src=\"https:\/\/almafitness.com.br\/wp-content\/uploads\/2023\/10\/caminhada-aparecida.webp\" class=\"attachment-large size-large\" alt=\"caminhada aparecida\" decoding=\"async\" srcset=\"\/\/almafitness.com.br\/wp-content\/uploads\/2023\/10\/caminhada-aparecida.webp 730w, \/\/almafitness.com.br\/wp-content\/uploads\/2023\/10\/caminhada-aparecida-150x91.webp 150w, \/\/almafitness.com.br\/wp-content\/uploads\/2023\/10\/caminhada-aparecida-300x183.webp 300w\" sizes=\"(max-width: 730px) 100vw, 730px\" \/>\t\t\t\t\t\t\t\t<\/a>\n\t\t\t\t\t\t\t<\/div>\n\t\t\t\t\t\t\t<div class=\"post-image-mask\">\n\t\t\t\t\t\t\t\t<span><\/span>\n\t\t\t\t\t\t\t<\/div>\n\n\t\t\t\t\t\t\n\t\t\t\t\t<\/figure>\n\t\t\t\t\n\t\t\t\t\t\t\t\t\t\t\t\t<div class=\"post-date wd-post-date wd-style-with-bg\" onclick=\"\">\n\t\t\t\t<span class=\"post-date-day\">\n\t\t\t\t\t19\t\t\t\t<\/span>\n\t\t\t\t<span class=\"post-date-month\">\n\t\t\t\t\tjun\t\t\t\t<\/span>\n\t\t\t<\/div>\n\t\t\t\t\t\t\n\t\t\t<\/header><!-- .entry-header -->\n\n\t\t<div class=\"article-body-container\">\n\t\t\t\n\t\t\t\t\n\t\t\t\t\t\t\t\t\t<h3 class=\"wd-entities-title title post-title\">\n\t\t\t\t\t\t<a href=\"https:\/\/almafitness.com.br\/caminhada-aparecida\/\" rel=\"bookmark\">Descubra os encantos da caminhada aparecida: uma aventura inesquec\u00edvel<\/a>\n\t\t\t\t\t<\/h3>\n\t\t\t\t\n\t\t\t\t\t\t\t\n\t\t\t\t\t\t\t\n\t\t\t\t                    <div class=\"entry-content wd-entry-content\">\n\t\t\t\t\t\t<p>Caminhada Aparecida: uma jornada revigorante que nos leva a contemplar a natureza e renovar as energias.<\/p>\n\n\t\t\t\t\t\t\t\t\t\t\t<\/div><!-- .entry-content -->\n\t\t\t\t\n\t\t\t\t\t\t\t\t\t\t\t\t\t\t<p class=\"read-more-section\">\n\t\t\t\t\t\t<a class=\"btn-read-more more-link\" href=\"https:\/\/almafitness.com.br\/caminhada-aparecida\/\">Continue lendo<\/a>\t\t\t\t\t<\/p>\n\t\t\t\t\t\t\t\t\t\t\t\n\t\t\t\n\t\t\t\t\t<\/div>\n\t<\/div>\n<\/article><!-- #post -->\n\n\n\t\t\t\t\t\t\t\t\t\t\t\n<article id=\"post-20277\" class=\"blog-design-masonry blog-post-loop blog-style-bg wd-add-shadow  col-lg-4 col-md-4 col-sm-6 col-12 first  post-20277 post type-post status-publish format-standard has-post-thumbnail hentry category-corrida-e-caminhada\">\n\t<div class=\"article-inner\">\n\t\t\t\t\t<header class=\"entry-header\">\n\t\t\t\t\t\t\t\t\t\n\t\t\t\t\t<figure id=\"carousel-363\" class=\"entry-thumbnail\" data-owl-carousel data-hide_pagination_control=\"yes\" data-desktop=\"1\" data-tablet=\"1\" data-tablet_landscape=\"1\" data-mobile=\"1\">\n\t\t\t\t\t\t\n\t\t\t\t\t\t\t<div class=\"post-img-wrapp\">\n\t\t\t\t\t\t\t\t<a href=\"https:\/\/almafitness.com.br\/caminhada-virtual\/\">\n\t\t\t\t\t\t\t\t\t<img width=\"840\" height=\"630\" src=\"https:\/\/almafitness.com.br\/wp-content\/uploads\/2023\/10\/caminhada-virtual.webp\" class=\"attachment-large size-large\" alt=\"caminhada virtual\" decoding=\"async\" srcset=\"\/\/almafitness.com.br\/wp-content\/uploads\/2023\/10\/caminhada-virtual.webp 840w, \/\/almafitness.com.br\/wp-content\/uploads\/2023\/10\/caminhada-virtual-150x113.webp 150w, \/\/almafitness.com.br\/wp-content\/uploads\/2023\/10\/caminhada-virtual-300x225.webp 300w, \/\/almafitness.com.br\/wp-content\/uploads\/2023\/10\/caminhada-virtual-768x576.webp 768w\" sizes=\"(max-width: 840px) 100vw, 840px\" \/>\t\t\t\t\t\t\t\t<\/a>\n\t\t\t\t\t\t\t<\/div>\n\t\t\t\t\t\t\t<div class=\"post-image-mask\">\n\t\t\t\t\t\t\t\t<span><\/span>\n\t\t\t\t\t\t\t<\/div>\n\n\t\t\t\t\t\t\n\t\t\t\t\t<\/figure>\n\t\t\t\t\n\t\t\t\t\t\t\t\t\t\t\t\t<div class=\"post-date wd-post-date wd-style-with-bg\" onclick=\"\">\n\t\t\t\t<span class=\"post-date-day\">\n\t\t\t\t\t18\t\t\t\t<\/span>\n\t\t\t\t<span class=\"post-date-month\">\n\t\t\t\t\tjun\t\t\t\t<\/span>\n\t\t\t<\/div>\n\t\t\t\t\t\t\n\t\t\t<\/header><!-- .entry-header -->\n\n\t\t<div class=\"article-body-container\">\n\t\t\t\n\t\t\t\t\n\t\t\t\t\t\t\t\t\t<h3 class=\"wd-entities-title title post-title\">\n\t\t\t\t\t\t<a href=\"https:\/\/almafitness.com.br\/caminhada-virtual\/\" rel=\"bookmark\">Caminhada Virtual: Descubra os Benef\u00edcios e Como Praticar!<\/a>\n\t\t\t\t\t<\/h3>\n\t\t\t\t\n\t\t\t\t\t\t\t\n\t\t\t\t\t\t\t\n\t\t\t\t                    <div class=\"entry-content wd-entry-content\">\n\t\t\t\t\t\t<p>Desfrute de paisagens incr\u00edveis em uma caminhada virtual por cen\u00e1rios deslumbrantes ao redor do mundo.<\/p>\n\n\t\t\t\t\t\t\t\t\t\t\t<\/div><!-- .entry-content -->\n\t\t\t\t\n\t\t\t\t\t\t\t\t\t\t\t\t\t\t<p class=\"read-more-section\">\n\t\t\t\t\t\t<a class=\"btn-read-more more-link\" href=\"https:\/\/almafitness.com.br\/caminhada-virtual\/\">Continue lendo<\/a>\t\t\t\t\t<\/p>\n\t\t\t\t\t\t\t\t\t\t\t\n\t\t\t\n\t\t\t\t\t<\/div>\n\t<\/div>\n<\/article><!-- #post -->\n\n\n\t\t\t\t\t\t\t\t\t\t\t\n<article id=\"post-20270\" class=\"blog-design-masonry blog-post-loop blog-style-bg wd-add-shadow  col-lg-4 col-md-4 col-sm-6 col-12 post-20270 post type-post status-publish format-standard has-post-thumbnail hentry category-corrida-e-caminhada\">\n\t<div class=\"article-inner\">\n\t\t\t\t\t<header class=\"entry-header\">\n\t\t\t\t\t\t\t\t\t\n\t\t\t\t\t<figure id=\"carousel-742\" class=\"entry-thumbnail\" data-owl-carousel data-hide_pagination_control=\"yes\" data-desktop=\"1\" data-tablet=\"1\" data-tablet_landscape=\"1\" data-mobile=\"1\">\n\t\t\t\t\t\t\n\t\t\t\t\t\t\t<div class=\"post-img-wrapp\">\n\t\t\t\t\t\t\t\t<a href=\"https:\/\/almafitness.com.br\/caminhada-vetor\/\">\n\t\t\t\t\t\t\t\t\t<img width=\"945\" height=\"630\" src=\"https:\/\/almafitness.com.br\/wp-content\/uploads\/2023\/10\/caminhada-vetor.webp\" class=\"attachment-large size-large\" alt=\"caminhada vetor\" decoding=\"async\" srcset=\"\/\/almafitness.com.br\/wp-content\/uploads\/2023\/10\/caminhada-vetor.webp 945w, \/\/almafitness.com.br\/wp-content\/uploads\/2023\/10\/caminhada-vetor-150x100.webp 150w, \/\/almafitness.com.br\/wp-content\/uploads\/2023\/10\/caminhada-vetor-300x200.webp 300w, \/\/almafitness.com.br\/wp-content\/uploads\/2023\/10\/caminhada-vetor-768x512.webp 768w\" sizes=\"(max-width: 945px) 100vw, 945px\" \/>\t\t\t\t\t\t\t\t<\/a>\n\t\t\t\t\t\t\t<\/div>\n\t\t\t\t\t\t\t<div class=\"post-image-mask\">\n\t\t\t\t\t\t\t\t<span><\/span>\n\t\t\t\t\t\t\t<\/div>\n\n\t\t\t\t\t\t\n\t\t\t\t\t<\/figure>\n\t\t\t\t\n\t\t\t\t\t\t\t\t\t\t\t\t<div class=\"post-date wd-post-date wd-style-with-bg\" onclick=\"\">\n\t\t\t\t<span class=\"post-date-day\">\n\t\t\t\t\t17\t\t\t\t<\/span>\n\t\t\t\t<span class=\"post-date-month\">\n\t\t\t\t\tjun\t\t\t\t<\/span>\n\t\t\t<\/div>\n\t\t\t\t\t\t\n\t\t\t<\/header><!-- .entry-header -->\n\n\t\t<div class=\"article-body-container\">\n\t\t\t\n\t\t\t\t\n\t\t\t\t\t\t\t\t\t<h3 class=\"wd-entities-title title post-title\">\n\t\t\t\t\t\t<a href=\"https:\/\/almafitness.com.br\/caminhada-vetor\/\" rel=\"bookmark\">Descubra os benef\u00edcios da caminhada vetor para a sua sa\u00fade!<\/a>\n\t\t\t\t\t<\/h3>\n\t\t\t\t\n\t\t\t\t\t\t\t\n\t\t\t\t\t\t\t\n\t\t\t\t                    <div class=\"entry-content wd-entry-content\">\n\t\t\t\t\t\t<p>Desfrute de uma caminhada revigorante rodeado por uma variedade de paisagens ecol\u00f3gicas com este vetor \u00fanico.<\/p>\n\n\t\t\t\t\t\t\t\t\t\t\t<\/div><!-- .entry-content -->\n\t\t\t\t\n\t\t\t\t\t\t\t\t\t\t\t\t\t\t<p class=\"read-more-section\">\n\t\t\t\t\t\t<a class=\"btn-read-more more-link\" href=\"https:\/\/almafitness.com.br\/caminhada-vetor\/\">Continue lendo<\/a>\t\t\t\t\t<\/p>\n\t\t\t\t\t\t\t\t\t\t\t\n\t\t\t\n\t\t\t\t\t<\/div>\n\t<\/div>\n<\/article><!-- #post -->\n\n\n\t\t\t\t\t\t\t\t\t\t\t\n<article id=\"post-20263\" class=\"blog-design-masonry blog-post-loop blog-style-bg wd-add-shadow  col-lg-4 col-md-4 col-sm-6 col-12 last  post-20263 post type-post status-publish format-standard has-post-thumbnail hentry category-corrida-e-caminhada\">\n\t<div class=\"article-inner\">\n\t\t\t\t\t<header class=\"entry-header\">\n\t\t\t\t\t\t\t\t\t\n\t\t\t\t\t<figure id=\"carousel-274\" class=\"entry-thumbnail\" data-owl-carousel data-hide_pagination_control=\"yes\" data-desktop=\"1\" data-tablet=\"1\" data-tablet_landscape=\"1\" data-mobile=\"1\">\n\t\t\t\t\t\t\n\t\t\t\t\t\t\t<div class=\"post-img-wrapp\">\n\t\t\t\t\t\t\t\t<a href=\"https:\/\/almafitness.com.br\/caminhada-trabalha-quais-musculos\/\">\n\t\t\t\t\t\t\t\t\t<img width=\"1024\" height=\"576\" src=\"https:\/\/almafitness.com.br\/wp-content\/uploads\/2023\/10\/caminhada-trabalha-quais-musculos-1024x576.webp\" class=\"attachment-large size-large\" alt=\"caminhada trabalha quais musculos\" decoding=\"async\" srcset=\"\/\/almafitness.com.br\/wp-content\/uploads\/2023\/10\/caminhada-trabalha-quais-musculos-1024x576.webp 1024w, \/\/almafitness.com.br\/wp-content\/uploads\/2023\/10\/caminhada-trabalha-quais-musculos-150x84.webp 150w, \/\/almafitness.com.br\/wp-content\/uploads\/2023\/10\/caminhada-trabalha-quais-musculos-300x169.webp 300w, \/\/almafitness.com.br\/wp-content\/uploads\/2023\/10\/caminhada-trabalha-quais-musculos-768x432.webp 768w, \/\/almafitness.com.br\/wp-content\/uploads\/2023\/10\/caminhada-trabalha-quais-musculos.webp 1120w\" sizes=\"(max-width: 1024px) 100vw, 1024px\" \/>\t\t\t\t\t\t\t\t<\/a>\n\t\t\t\t\t\t\t<\/div>\n\t\t\t\t\t\t\t<div class=\"post-image-mask\">\n\t\t\t\t\t\t\t\t<span><\/span>\n\t\t\t\t\t\t\t<\/div>\n\n\t\t\t\t\t\t\n\t\t\t\t\t<\/figure>\n\t\t\t\t\n\t\t\t\t\t\t\t\t\t\t\t\t<div class=\"post-date wd-post-date wd-style-with-bg\" onclick=\"\">\n\t\t\t\t<span class=\"post-date-day\">\n\t\t\t\t\t17\t\t\t\t<\/span>\n\t\t\t\t<span class=\"post-date-month\">\n\t\t\t\t\tjun\t\t\t\t<\/span>\n\t\t\t<\/div>\n\t\t\t\t\t\t\n\t\t\t<\/header><!-- .entry-header -->\n\n\t\t<div class=\"article-body-container\">\n\t\t\t\n\t\t\t\t\n\t\t\t\t\t\t\t\t\t<h3 class=\"wd-entities-title title post-title\">\n\t\t\t\t\t\t<a href=\"https:\/\/almafitness.com.br\/caminhada-trabalha-quais-musculos\/\" rel=\"bookmark\">Caminhada: Benef\u00edcios e M\u00fasculos Trabalhados &#8211; Descubra Agora!<\/a>\n\t\t\t\t\t<\/h3>\n\t\t\t\t\n\t\t\t\t\t\t\t\n\t\t\t\t\t\t\t\n\t\t\t\t                    <div class=\"entry-content wd-entry-content\">\n\t\t\t\t\t\t<p>A caminhada \u00e9 uma atividade f\u00edsica que trabalha diversos m\u00fasculos do corpo, proporcionando benef\u00edcios para a sa\u00fade e o bem-estar.<\/p>\n\n\t\t\t\t\t\t\t\t\t\t\t<\/div><!-- .entry-content -->\n\t\t\t\t\n\t\t\t\t\t\t\t\t\t\t\t\t\t\t<p class=\"read-more-section\">\n\t\t\t\t\t\t<a class=\"btn-read-more more-link\" href=\"https:\/\/almafitness.com.br\/caminhada-trabalha-quais-musculos\/\">Continue lendo<\/a>\t\t\t\t\t<\/p>\n\t\t\t\t\t\t\t\t\t\t\t\n\t\t\t\n\t\t\t\t\t<\/div>\n\t<\/div>\n<\/article><!-- #post -->\n\n\n\t\t\t\t\t\t\t\t\t\t\t\n<article id=\"post-20256\" class=\"blog-design-masonry blog-post-loop blog-style-bg wd-add-shadow  col-lg-4 col-md-4 col-sm-6 col-12 first  post-20256 post type-post status-publish format-standard has-post-thumbnail hentry category-corrida-e-caminhada\">\n\t<div class=\"article-inner\">\n\t\t\t\t\t<header class=\"entry-header\">\n\t\t\t\t\t\t\t\t\t\n\t\t\t\t\t<figure id=\"carousel-897\" class=\"entry-thumbnail\" data-owl-carousel data-hide_pagination_control=\"yes\" data-desktop=\"1\" data-tablet=\"1\" data-tablet_landscape=\"1\" data-mobile=\"1\">\n\t\t\t\t\t\t\n\t\t\t\t\t\t\t<div class=\"post-img-wrapp\">\n\t\t\t\t\t\t\t\t<a href=\"https:\/\/almafitness.com.br\/caminhada-tonifica-as-pernas\/\">\n\t\t\t\t\t\t\t\t\t<img width=\"992\" height=\"630\" src=\"https:\/\/almafitness.com.br\/wp-content\/uploads\/2023\/10\/caminhada-tonifica-as-pernas.webp\" class=\"attachment-large size-large\" alt=\"caminhada tonifica as pernas\" decoding=\"async\" srcset=\"\/\/almafitness.com.br\/wp-content\/uploads\/2023\/10\/caminhada-tonifica-as-pernas.webp 992w, \/\/almafitness.com.br\/wp-content\/uploads\/2023\/10\/caminhada-tonifica-as-pernas-150x95.webp 150w, \/\/almafitness.com.br\/wp-content\/uploads\/2023\/10\/caminhada-tonifica-as-pernas-300x191.webp 300w, \/\/almafitness.com.br\/wp-content\/uploads\/2023\/10\/caminhada-tonifica-as-pernas-768x488.webp 768w\" sizes=\"(max-width: 992px) 100vw, 992px\" \/>\t\t\t\t\t\t\t\t<\/a>\n\t\t\t\t\t\t\t<\/div>\n\t\t\t\t\t\t\t<div class=\"post-image-mask\">\n\t\t\t\t\t\t\t\t<span><\/span>\n\t\t\t\t\t\t\t<\/div>\n\n\t\t\t\t\t\t\n\t\t\t\t\t<\/figure>\n\t\t\t\t\n\t\t\t\t\t\t\t\t\t\t\t\t<div class=\"post-date wd-post-date wd-style-with-bg\" onclick=\"\">\n\t\t\t\t<span class=\"post-date-day\">\n\t\t\t\t\t17\t\t\t\t<\/span>\n\t\t\t\t<span class=\"post-date-month\">\n\t\t\t\t\tjun\t\t\t\t<\/span>\n\t\t\t<\/div>\n\t\t\t\t\t\t\n\t\t\t<\/header><!-- .entry-header -->\n\n\t\t<div class=\"article-body-container\">\n\t\t\t\n\t\t\t\t\n\t\t\t\t\t\t\t\t\t<h3 class=\"wd-entities-title title post-title\">\n\t\t\t\t\t\t<a href=\"https:\/\/almafitness.com.br\/caminhada-tonifica-as-pernas\/\" rel=\"bookmark\">Descubra como a caminhada tonifica as pernas e melhora sua sa\u00fade<\/a>\n\t\t\t\t\t<\/h3>\n\t\t\t\t\n\t\t\t\t\t\t\t\n\t\t\t\t\t\t\t\n\t\t\t\t                    <div class=\"entry-content wd-entry-content\">\n\t\t\t\t\t\t<p>A caminhada \u00e9 um exerc\u00edcio simples e eficaz que tonifica as pernas e melhora a sa\u00fade f\u00edsica e mental.<\/p>\n\n\t\t\t\t\t\t\t\t\t\t\t<\/div><!-- .entry-content -->\n\t\t\t\t\n\t\t\t\t\t\t\t\t\t\t\t\t\t\t<p class=\"read-more-section\">\n\t\t\t\t\t\t<a class=\"btn-read-more more-link\" href=\"https:\/\/almafitness.com.br\/caminhada-tonifica-as-pernas\/\">Continue lendo<\/a>\t\t\t\t\t<\/p>\n\t\t\t\t\t\t\t\t\t\t\t\n\t\t\t\n\t\t\t\t\t<\/div>\n\t<\/div>\n<\/article><!-- #post -->\n\n\n\t\t\t\t\t\t\t\t\t\t\t\n<article id=\"post-20249\" class=\"blog-design-masonry blog-post-loop blog-style-bg wd-add-shadow  col-lg-4 col-md-4 col-sm-6 col-12 post-20249 post type-post status-publish format-standard has-post-thumbnail hentry category-corrida-e-caminhada\">\n\t<div class=\"article-inner\">\n\t\t\t\t\t<header class=\"entry-header\">\n\t\t\t\t\t\t\t\t\t\n\t\t\t\t\t<figure id=\"carousel-581\" class=\"entry-thumbnail\" data-owl-carousel data-hide_pagination_control=\"yes\" data-desktop=\"1\" data-tablet=\"1\" data-tablet_landscape=\"1\" data-mobile=\"1\">\n\t\t\t\t\t\t\n\t\t\t\t\t\t\t<div class=\"post-img-wrapp\">\n\t\t\t\t\t\t\t\t<a href=\"https:\/\/almafitness.com.br\/caminhada-quantos-minutos-por-dia\/\">\n\t\t\t\t\t\t\t\t\t<img width=\"998\" height=\"500\" src=\"https:\/\/almafitness.com.br\/wp-content\/uploads\/2023\/10\/caminhada-quantos-minutos-por-dia.webp\" class=\"attachment-large size-large\" alt=\"caminhada quantos minutos por dia\" decoding=\"async\" srcset=\"\/\/almafitness.com.br\/wp-content\/uploads\/2023\/10\/caminhada-quantos-minutos-por-dia.webp 998w, \/\/almafitness.com.br\/wp-content\/uploads\/2023\/10\/caminhada-quantos-minutos-por-dia-150x75.webp 150w, \/\/almafitness.com.br\/wp-content\/uploads\/2023\/10\/caminhada-quantos-minutos-por-dia-300x150.webp 300w, \/\/almafitness.com.br\/wp-content\/uploads\/2023\/10\/caminhada-quantos-minutos-por-dia-768x385.webp 768w\" sizes=\"(max-width: 998px) 100vw, 998px\" \/>\t\t\t\t\t\t\t\t<\/a>\n\t\t\t\t\t\t\t<\/div>\n\t\t\t\t\t\t\t<div class=\"post-image-mask\">\n\t\t\t\t\t\t\t\t<span><\/span>\n\t\t\t\t\t\t\t<\/div>\n\n\t\t\t\t\t\t\n\t\t\t\t\t<\/figure>\n\t\t\t\t\n\t\t\t\t\t\t\t\t\t\t\t\t<div class=\"post-date wd-post-date wd-style-with-bg\" onclick=\"\">\n\t\t\t\t<span class=\"post-date-day\">\n\t\t\t\t\t16\t\t\t\t<\/span>\n\t\t\t\t<span class=\"post-date-month\">\n\t\t\t\t\tjun\t\t\t\t<\/span>\n\t\t\t<\/div>\n\t\t\t\t\t\t\n\t\t\t<\/header><!-- .entry-header -->\n\n\t\t<div class=\"article-body-container\">\n\t\t\t\n\t\t\t\t\n\t\t\t\t\t\t\t\t\t<h3 class=\"wd-entities-title title post-title\">\n\t\t\t\t\t\t<a href=\"https:\/\/almafitness.com.br\/caminhada-quantos-minutos-por-dia\/\" rel=\"bookmark\">Descubra os benef\u00edcios da caminhada: Quantos minutos por dia?<\/a>\n\t\t\t\t\t<\/h3>\n\t\t\t\t\n\t\t\t\t\t\t\t\n\t\t\t\t\t\t\t\n\t\t\t\t                    <div class=\"entry-content wd-entry-content\">\n\t\t\t\t\t\t<p>Melhore sua sa\u00fade e bem-estar com uma caminhada di\u00e1ria de, pelo menos, 30 minutos por dia.<\/p>\n\n\t\t\t\t\t\t\t\t\t\t\t<\/div><!-- .entry-content -->\n\t\t\t\t\n\t\t\t\t\t\t\t\t\t\t\t\t\t\t<p class=\"read-more-section\">\n\t\t\t\t\t\t<a class=\"btn-read-more more-link\" href=\"https:\/\/almafitness.com.br\/caminhada-quantos-minutos-por-dia\/\">Continue lendo<\/a>\t\t\t\t\t<\/p>\n\t\t\t\t\t\t\t\t\t\t\t\n\t\t\t\n\t\t\t\t\t<\/div>\n\t<\/div>\n<\/article><!-- #post -->\n\n\n\t\t\t\t\t\t\t\t\t\t\t\n<article id=\"post-20242\" class=\"blog-design-masonry blog-post-loop blog-style-bg wd-add-shadow  col-lg-4 col-md-4 col-sm-6 col-12 last  post-20242 post type-post status-publish format-standard has-post-thumbnail hentry category-corrida-e-caminhada\">\n\t<div class=\"article-inner\">\n\t\t\t\t\t<header class=\"entry-header\">\n\t\t\t\t\t\t\t\t\t\n\t\t\t\t\t<figure id=\"carousel-352\" class=\"entry-thumbnail\" data-owl-carousel data-hide_pagination_control=\"yes\" data-desktop=\"1\" data-tablet=\"1\" data-tablet_landscape=\"1\" data-mobile=\"1\">\n\t\t\t\t\t\t\n\t\t\t\t\t\t\t<div class=\"post-img-wrapp\">\n\t\t\t\t\t\t\t\t<a href=\"https:\/\/almafitness.com.br\/caminhada-pela-vida\/\">\n\t\t\t\t\t\t\t\t\t<img width=\"945\" height=\"630\" src=\"https:\/\/almafitness.com.br\/wp-content\/uploads\/2023\/10\/caminhada-pela-vida.webp\" class=\"attachment-large size-large\" alt=\"caminhada pela vida\" decoding=\"async\" srcset=\"\/\/almafitness.com.br\/wp-content\/uploads\/2023\/10\/caminhada-pela-vida.webp 945w, \/\/almafitness.com.br\/wp-content\/uploads\/2023\/10\/caminhada-pela-vida-150x100.webp 150w, \/\/almafitness.com.br\/wp-content\/uploads\/2023\/10\/caminhada-pela-vida-300x200.webp 300w, \/\/almafitness.com.br\/wp-content\/uploads\/2023\/10\/caminhada-pela-vida-768x512.webp 768w\" sizes=\"(max-width: 945px) 100vw, 945px\" \/>\t\t\t\t\t\t\t\t<\/a>\n\t\t\t\t\t\t\t<\/div>\n\t\t\t\t\t\t\t<div class=\"post-image-mask\">\n\t\t\t\t\t\t\t\t<span><\/span>\n\t\t\t\t\t\t\t<\/div>\n\n\t\t\t\t\t\t\n\t\t\t\t\t<\/figure>\n\t\t\t\t\n\t\t\t\t\t\t\t\t\t\t\t\t<div class=\"post-date wd-post-date wd-style-with-bg\" onclick=\"\">\n\t\t\t\t<span class=\"post-date-day\">\n\t\t\t\t\t16\t\t\t\t<\/span>\n\t\t\t\t<span class=\"post-date-month\">\n\t\t\t\t\tjun\t\t\t\t<\/span>\n\t\t\t<\/div>\n\t\t\t\t\t\t\n\t\t\t<\/header><!-- .entry-header -->\n\n\t\t<div class=\"article-body-container\">\n\t\t\t\n\t\t\t\t\n\t\t\t\t\t\t\t\t\t<h3 class=\"wd-entities-title title post-title\">\n\t\t\t\t\t\t<a href=\"https:\/\/almafitness.com.br\/caminhada-pela-vida\/\" rel=\"bookmark\">Caminhada Pela Vida: Descubra os Benef\u00edcios dessa Atividade<\/a>\n\t\t\t\t\t<\/h3>\n\t\t\t\t\n\t\t\t\t\t\t\t\n\t\t\t\t\t\t\t\n\t\t\t\t                    <div class=\"entry-content wd-entry-content\">\n\t\t\t\t\t\t<p>Uma jornada de supera\u00e7\u00e3o, conex\u00e3o com a natureza e valoriza\u00e7\u00e3o da vida atrav\u00e9s da caminhada pela vida.<\/p>\n\n\t\t\t\t\t\t\t\t\t\t\t<\/div><!-- .entry-content -->\n\t\t\t\t\n\t\t\t\t\t\t\t\t\t\t\t\t\t\t<p class=\"read-more-section\">\n\t\t\t\t\t\t<a class=\"btn-read-more more-link\" href=\"https:\/\/almafitness.com.br\/caminhada-pela-vida\/\">Continue lendo<\/a>\t\t\t\t\t<\/p>\n\t\t\t\t\t\t\t\t\t\t\t\n\t\t\t\n\t\t\t\t\t<\/div>\n\t<\/div>\n<\/article><!-- #post -->\n\n\n\t\t\t\t\t\t\t\t\t\t\t\n<article id=\"post-20235\" class=\"blog-design-masonry blog-post-loop blog-style-bg wd-add-shadow  col-lg-4 col-md-4 col-sm-6 col-12 first  post-20235 post type-post status-publish format-standard has-post-thumbnail hentry category-corrida-e-caminhada\">\n\t<div class=\"article-inner\">\n\t\t\t\t\t<header class=\"entry-header\">\n\t\t\t\t\t\t\t\t\t\n\t\t\t\t\t<figure id=\"carousel-652\" class=\"entry-thumbnail\" data-owl-carousel data-hide_pagination_control=\"yes\" data-desktop=\"1\" data-tablet=\"1\" data-tablet_landscape=\"1\" data-mobile=\"1\">\n\t\t\t\t\t\t\n\t\t\t\t\t\t\t<div class=\"post-img-wrapp\">\n\t\t\t\t\t\t\t\t<a href=\"https:\/\/almafitness.com.br\/caminhada-orientada\/\">\n\t\t\t\t\t\t\t\t\t<img width=\"832\" height=\"520\" src=\"https:\/\/almafitness.com.br\/wp-content\/uploads\/2023\/10\/caminhada-orientada.webp\" class=\"attachment-large size-large\" alt=\"caminhada orientada\" decoding=\"async\" srcset=\"\/\/almafitness.com.br\/wp-content\/uploads\/2023\/10\/caminhada-orientada.webp 832w, \/\/almafitness.com.br\/wp-content\/uploads\/2023\/10\/caminhada-orientada-150x94.webp 150w, \/\/almafitness.com.br\/wp-content\/uploads\/2023\/10\/caminhada-orientada-300x188.webp 300w, \/\/almafitness.com.br\/wp-content\/uploads\/2023\/10\/caminhada-orientada-768x480.webp 768w\" sizes=\"(max-width: 832px) 100vw, 832px\" \/>\t\t\t\t\t\t\t\t<\/a>\n\t\t\t\t\t\t\t<\/div>\n\t\t\t\t\t\t\t<div class=\"post-image-mask\">\n\t\t\t\t\t\t\t\t<span><\/span>\n\t\t\t\t\t\t\t<\/div>\n\n\t\t\t\t\t\t\n\t\t\t\t\t<\/figure>\n\t\t\t\t\n\t\t\t\t\t\t\t\t\t\t\t\t<div class=\"post-date wd-post-date wd-style-with-bg\" onclick=\"\">\n\t\t\t\t<span class=\"post-date-day\">\n\t\t\t\t\t16\t\t\t\t<\/span>\n\t\t\t\t<span class=\"post-date-month\">\n\t\t\t\t\tjun\t\t\t\t<\/span>\n\t\t\t<\/div>\n\t\t\t\t\t\t\n\t\t\t<\/header><!-- .entry-header -->\n\n\t\t<div class=\"article-body-container\">\n\t\t\t\n\t\t\t\t\n\t\t\t\t\t\t\t\t\t<h3 class=\"wd-entities-title title post-title\">\n\t\t\t\t\t\t<a href=\"https:\/\/almafitness.com.br\/caminhada-orientada\/\" rel=\"bookmark\">Descubra os Benef\u00edcios da Caminhada Orientada: Guia Completo<\/a>\n\t\t\t\t\t<\/h3>\n\t\t\t\t\n\t\t\t\t\t\t\t\n\t\t\t\t\t\t\t\n\t\t\t\t                    <div class=\"entry-content wd-entry-content\">\n\t\t\t\t\t\t<p>A caminhada orientada \u00e9 uma atividade f\u00edsica que promove o bem-estar e melhora a sa\u00fade do corpo e mente.<\/p>\n\n\t\t\t\t\t\t\t\t\t\t\t<\/div><!-- .entry-content -->\n\t\t\t\t\n\t\t\t\t\t\t\t\t\t\t\t\t\t\t<p class=\"read-more-section\">\n\t\t\t\t\t\t<a class=\"btn-read-more more-link\" href=\"https:\/\/almafitness.com.br\/caminhada-orientada\/\">Continue lendo<\/a>\t\t\t\t\t<\/p>\n\t\t\t\t\t\t\t\t\t\t\t\n\t\t\t\n\t\t\t\t\t<\/div>\n\t<\/div>\n<\/article><!-- #post -->\n\n\n\t\t\t\t\t\t\t\t\t\t\t\n<article id=\"post-20228\" class=\"blog-design-masonry blog-post-loop blog-style-bg wd-add-shadow  col-lg-4 col-md-4 col-sm-6 col-12 post-20228 post type-post status-publish format-standard has-post-thumbnail hentry category-corrida-e-caminhada\">\n\t<div class=\"article-inner\">\n\t\t\t\t\t<header class=\"entry-header\">\n\t\t\t\t\t\t\t\t\t\n\t\t\t\t\t<figure id=\"carousel-117\" class=\"entry-thumbnail\" data-owl-carousel data-hide_pagination_control=\"yes\" data-desktop=\"1\" data-tablet=\"1\" data-tablet_landscape=\"1\" data-mobile=\"1\">\n\t\t\t\t\t\t\n\t\t\t\t\t\t\t<div class=\"post-img-wrapp\">\n\t\t\t\t\t\t\t\t<a href=\"https:\/\/almafitness.com.br\/caminhada-nossa-senhora-aparecida\/\">\n\t\t\t\t\t\t\t\t\t<img width=\"628\" height=\"393\" src=\"https:\/\/almafitness.com.br\/wp-content\/uploads\/2023\/10\/caminhada-nossa-senhora-aparecida.webp\" class=\"attachment-large size-large\" alt=\"caminhada nossa senhora aparecida\" decoding=\"async\" srcset=\"\/\/almafitness.com.br\/wp-content\/uploads\/2023\/10\/caminhada-nossa-senhora-aparecida.webp 628w, \/\/almafitness.com.br\/wp-content\/uploads\/2023\/10\/caminhada-nossa-senhora-aparecida-150x94.webp 150w, \/\/almafitness.com.br\/wp-content\/uploads\/2023\/10\/caminhada-nossa-senhora-aparecida-300x188.webp 300w\" sizes=\"(max-width: 628px) 100vw, 628px\" \/>\t\t\t\t\t\t\t\t<\/a>\n\t\t\t\t\t\t\t<\/div>\n\t\t\t\t\t\t\t<div class=\"post-image-mask\">\n\t\t\t\t\t\t\t\t<span><\/span>\n\t\t\t\t\t\t\t<\/div>\n\n\t\t\t\t\t\t\n\t\t\t\t\t<\/figure>\n\t\t\t\t\n\t\t\t\t\t\t\t\t\t\t\t\t<div class=\"post-date wd-post-date wd-style-with-bg\" onclick=\"\">\n\t\t\t\t<span class=\"post-date-day\">\n\t\t\t\t\t15\t\t\t\t<\/span>\n\t\t\t\t<span class=\"post-date-month\">\n\t\t\t\t\tjun\t\t\t\t<\/span>\n\t\t\t<\/div>\n\t\t\t\t\t\t\n\t\t\t<\/header><!-- .entry-header -->\n\n\t\t<div class=\"article-body-container\">\n\t\t\t\n\t\t\t\t\n\t\t\t\t\t\t\t\t\t<h3 class=\"wd-entities-title title post-title\">\n\t\t\t\t\t\t<a href=\"https:\/\/almafitness.com.br\/caminhada-nossa-senhora-aparecida\/\" rel=\"bookmark\">Caminhada Nossa Senhora Aparecida: Uma Jornada de F\u00e9<\/a>\n\t\t\t\t\t<\/h3>\n\t\t\t\t\n\t\t\t\t\t\t\t\n\t\t\t\t\t\t\t\n\t\t\t\t                    <div class=\"entry-content wd-entry-content\">\n\t\t\t\t\t\t<p>Um momento de reflex\u00e3o e devo\u00e7\u00e3o na linda caminhada at\u00e9 o santu\u00e1rio de Nossa Senhora Aparecida.<\/p>\n\n\t\t\t\t\t\t\t\t\t\t\t<\/div><!-- .entry-content -->\n\t\t\t\t\n\t\t\t\t\t\t\t\t\t\t\t\t\t\t<p class=\"read-more-section\">\n\t\t\t\t\t\t<a class=\"btn-read-more more-link\" href=\"https:\/\/almafitness.com.br\/caminhada-nossa-senhora-aparecida\/\">Continue lendo<\/a>\t\t\t\t\t<\/p>\n\t\t\t\t\t\t\t\t\t\t\t\n\t\t\t\n\t\t\t\t\t<\/div>\n\t<\/div>\n<\/article><!-- #post -->\n\n\n\t\t\t\t\t\n\t\t\t\t\t","status":"have-posts","nextPage":"https:\/\/almafitness.com.br\/blog\/page\/15\/?woo_ajax=1","currentPage":"https:\/\/almafitness.com.br\/blog\/page\/14"}