
			
				
				
					
				

			
		{"items":"\n\t\t\t\t\t\t\t\t\t\t\t\n<article id=\"post-20731\" class=\"blog-design-masonry blog-post-loop blog-style-bg wd-add-shadow  col-lg-4 col-md-4 col-sm-6 col-12 post-20731 post type-post status-publish format-standard has-post-thumbnail hentry category-corrida-e-caminhada\">\n\t<div class=\"article-inner\">\n\t\t\t\t\t<header class=\"entry-header\">\n\t\t\t\t\t\t\t\t\t\n\t\t\t\t\t<figure id=\"carousel-617\" class=\"entry-thumbnail\" data-owl-carousel data-hide_pagination_control=\"yes\" data-desktop=\"1\" data-tablet=\"1\" data-tablet_landscape=\"1\" data-mobile=\"1\">\n\t\t\t\t\t\t\n\t\t\t\t\t\t\t<div class=\"post-img-wrapp\">\n\t\t\t\t\t\t\t\t<a href=\"https:\/\/almafitness.com.br\/caminhada-queima-gordura-da-barriga\/\">\n\t\t\t\t\t\t\t\t\t<img width=\"600\" height=\"354\" src=\"https:\/\/almafitness.com.br\/wp-content\/uploads\/2023\/10\/caminhada-queima-gordura-da-barriga.webp\" class=\"attachment-large size-large\" alt=\"caminhada queima gordura da barriga\" decoding=\"async\" srcset=\"\/\/almafitness.com.br\/wp-content\/uploads\/2023\/10\/caminhada-queima-gordura-da-barriga.webp 600w, \/\/almafitness.com.br\/wp-content\/uploads\/2023\/10\/caminhada-queima-gordura-da-barriga-150x89.webp 150w, \/\/almafitness.com.br\/wp-content\/uploads\/2023\/10\/caminhada-queima-gordura-da-barriga-300x177.webp 300w\" sizes=\"(max-width: 600px) 100vw, 600px\" \/>\t\t\t\t\t\t\t\t<\/a>\n\t\t\t\t\t\t\t<\/div>\n\t\t\t\t\t\t\t<div class=\"post-image-mask\">\n\t\t\t\t\t\t\t\t<span><\/span>\n\t\t\t\t\t\t\t<\/div>\n\n\t\t\t\t\t\t\n\t\t\t\t\t<\/figure>\n\t\t\t\t\n\t\t\t\t\t\t\t\t\t\t\t\t<div class=\"post-date wd-post-date wd-style-with-bg\" onclick=\"\">\n\t\t\t\t<span class=\"post-date-day\">\n\t\t\t\t\t09\t\t\t\t<\/span>\n\t\t\t\t<span class=\"post-date-month\">\n\t\t\t\t\tjul\t\t\t\t<\/span>\n\t\t\t<\/div>\n\t\t\t\t\t\t\n\t\t\t<\/header><!-- .entry-header -->\n\n\t\t<div class=\"article-body-container\">\n\t\t\t\n\t\t\t\t\n\t\t\t\t\t\t\t\t\t<h3 class=\"wd-entities-title title post-title\">\n\t\t\t\t\t\t<a href=\"https:\/\/almafitness.com.br\/caminhada-queima-gordura-da-barriga\/\" rel=\"bookmark\">Caminhada para Eliminar Barriga: Queime Gordura com Sa\u00fade!<\/a>\n\t\t\t\t\t<\/h3>\n\t\t\t\t\n\t\t\t\t\t\t\t\n\t\t\t\t\t\t\t\n\t\t\t\t                    <div class=\"entry-content wd-entry-content\">\n\t\t\t\t\t\t<p>A caminhada \u00e9 um exerc\u00edcio simples e eficaz que ajuda a queimar a gordura da barriga. Experimente!<\/p>\n\n\t\t\t\t\t\t\t\t\t\t\t<\/div><!-- .entry-content -->\n\t\t\t\t\n\t\t\t\t\t\t\t\t\t\t\t\t\t\t<p class=\"read-more-section\">\n\t\t\t\t\t\t<a class=\"btn-read-more more-link\" href=\"https:\/\/almafitness.com.br\/caminhada-queima-gordura-da-barriga\/\">Continue lendo<\/a>\t\t\t\t\t<\/p>\n\t\t\t\t\t\t\t\t\t\t\t\n\t\t\t\n\t\t\t\t\t<\/div>\n\t<\/div>\n<\/article><!-- #post -->\n\n\n\t\t\t\t\t\t\t\t\t\t\t\n<article id=\"post-20717\" class=\"blog-design-masonry blog-post-loop blog-style-bg wd-add-shadow  col-lg-4 col-md-4 col-sm-6 col-12 first  post-20717 post type-post status-publish format-standard has-post-thumbnail hentry category-corrida-e-caminhada\">\n\t<div class=\"article-inner\">\n\t\t\t\t\t<header class=\"entry-header\">\n\t\t\t\t\t\t\t\t\t\n\t\t\t\t\t<figure id=\"carousel-753\" class=\"entry-thumbnail\" data-owl-carousel data-hide_pagination_control=\"yes\" data-desktop=\"1\" data-tablet=\"1\" data-tablet_landscape=\"1\" data-mobile=\"1\">\n\t\t\t\t\t\t\n\t\t\t\t\t\t\t<div class=\"post-img-wrapp\">\n\t\t\t\t\t\t\t\t<a href=\"https:\/\/almafitness.com.br\/caminhada-o-que-e\/\">\n\t\t\t\t\t\t\t\t\t<img width=\"1024\" height=\"576\" src=\"https:\/\/almafitness.com.br\/wp-content\/uploads\/2023\/10\/caminhada-o-que-e-1024x576.webp\" class=\"attachment-large size-large\" alt=\"caminhada o que \u00e9\" decoding=\"async\" srcset=\"\/\/almafitness.com.br\/wp-content\/uploads\/2023\/10\/caminhada-o-que-e-1024x576.webp 1024w, \/\/almafitness.com.br\/wp-content\/uploads\/2023\/10\/caminhada-o-que-e-150x84.webp 150w, \/\/almafitness.com.br\/wp-content\/uploads\/2023\/10\/caminhada-o-que-e-300x169.webp 300w, \/\/almafitness.com.br\/wp-content\/uploads\/2023\/10\/caminhada-o-que-e-768x432.webp 768w, \/\/almafitness.com.br\/wp-content\/uploads\/2023\/10\/caminhada-o-que-e.webp 1120w\" sizes=\"(max-width: 1024px) 100vw, 1024px\" \/>\t\t\t\t\t\t\t\t<\/a>\n\t\t\t\t\t\t\t<\/div>\n\t\t\t\t\t\t\t<div class=\"post-image-mask\">\n\t\t\t\t\t\t\t\t<span><\/span>\n\t\t\t\t\t\t\t<\/div>\n\n\t\t\t\t\t\t\n\t\t\t\t\t<\/figure>\n\t\t\t\t\n\t\t\t\t\t\t\t\t\t\t\t\t<div class=\"post-date wd-post-date wd-style-with-bg\" onclick=\"\">\n\t\t\t\t<span class=\"post-date-day\">\n\t\t\t\t\t08\t\t\t\t<\/span>\n\t\t\t\t<span class=\"post-date-month\">\n\t\t\t\t\tjul\t\t\t\t<\/span>\n\t\t\t<\/div>\n\t\t\t\t\t\t\n\t\t\t<\/header><!-- .entry-header -->\n\n\t\t<div class=\"article-body-container\">\n\t\t\t\n\t\t\t\t\n\t\t\t\t\t\t\t\t\t<h3 class=\"wd-entities-title title post-title\">\n\t\t\t\t\t\t<a href=\"https:\/\/almafitness.com.br\/caminhada-o-que-e\/\" rel=\"bookmark\">Descubra os benef\u00edcios da caminhada: o que \u00e9 e por que \u00e9 t\u00e3o importante<\/a>\n\t\t\t\t\t<\/h3>\n\t\t\t\t\n\t\t\t\t\t\t\t\n\t\t\t\t\t\t\t\n\t\t\t\t                    <div class=\"entry-content wd-entry-content\">\n\t\t\t\t\t\t<p>A caminhada \u00e9 uma atividade f\u00edsica que consiste em andar a p\u00e9, proporcionando diversos benef\u00edcios \u00e0 sa\u00fade.<\/p>\n\n\t\t\t\t\t\t\t\t\t\t\t<\/div><!-- .entry-content -->\n\t\t\t\t\n\t\t\t\t\t\t\t\t\t\t\t\t\t\t<p class=\"read-more-section\">\n\t\t\t\t\t\t<a class=\"btn-read-more more-link\" href=\"https:\/\/almafitness.com.br\/caminhada-o-que-e\/\">Continue lendo<\/a>\t\t\t\t\t<\/p>\n\t\t\t\t\t\t\t\t\t\t\t\n\t\t\t\n\t\t\t\t\t<\/div>\n\t<\/div>\n<\/article><!-- #post -->\n\n\n\t\t\t\t\t\t\t\t\t\t\t\n<article id=\"post-20710\" class=\"blog-design-masonry blog-post-loop blog-style-bg wd-add-shadow  col-lg-4 col-md-4 col-sm-6 col-12 post-20710 post type-post status-publish format-standard has-post-thumbnail hentry category-corrida-e-caminhada\">\n\t<div class=\"article-inner\">\n\t\t\t\t\t<header class=\"entry-header\">\n\t\t\t\t\t\t\t\t\t\n\t\t\t\t\t<figure id=\"carousel-942\" class=\"entry-thumbnail\" data-owl-carousel data-hide_pagination_control=\"yes\" data-desktop=\"1\" data-tablet=\"1\" data-tablet_landscape=\"1\" data-mobile=\"1\">\n\t\t\t\t\t\t\n\t\t\t\t\t\t\t<div class=\"post-img-wrapp\">\n\t\t\t\t\t\t\t\t<a href=\"https:\/\/almafitness.com.br\/caminhada-no-lugar\/\">\n\t\t\t\t\t\t\t\t\t<img width=\"929\" height=\"517\" src=\"https:\/\/almafitness.com.br\/wp-content\/uploads\/2023\/10\/caminhada-no-lugar.webp\" class=\"attachment-large size-large\" alt=\"caminhada no lugar\" decoding=\"async\" srcset=\"\/\/almafitness.com.br\/wp-content\/uploads\/2023\/10\/caminhada-no-lugar.webp 929w, \/\/almafitness.com.br\/wp-content\/uploads\/2023\/10\/caminhada-no-lugar-150x83.webp 150w, \/\/almafitness.com.br\/wp-content\/uploads\/2023\/10\/caminhada-no-lugar-300x167.webp 300w, \/\/almafitness.com.br\/wp-content\/uploads\/2023\/10\/caminhada-no-lugar-768x427.webp 768w\" sizes=\"(max-width: 929px) 100vw, 929px\" \/>\t\t\t\t\t\t\t\t<\/a>\n\t\t\t\t\t\t\t<\/div>\n\t\t\t\t\t\t\t<div class=\"post-image-mask\">\n\t\t\t\t\t\t\t\t<span><\/span>\n\t\t\t\t\t\t\t<\/div>\n\n\t\t\t\t\t\t\n\t\t\t\t\t<\/figure>\n\t\t\t\t\n\t\t\t\t\t\t\t\t\t\t\t\t<div class=\"post-date wd-post-date wd-style-with-bg\" onclick=\"\">\n\t\t\t\t<span class=\"post-date-day\">\n\t\t\t\t\t08\t\t\t\t<\/span>\n\t\t\t\t<span class=\"post-date-month\">\n\t\t\t\t\tjul\t\t\t\t<\/span>\n\t\t\t<\/div>\n\t\t\t\t\t\t\n\t\t\t<\/header><!-- .entry-header -->\n\n\t\t<div class=\"article-body-container\">\n\t\t\t\n\t\t\t\t\n\t\t\t\t\t\t\t\t\t<h3 class=\"wd-entities-title title post-title\">\n\t\t\t\t\t\t<a href=\"https:\/\/almafitness.com.br\/caminhada-no-lugar\/\" rel=\"bookmark\">Desafie-se: Fa\u00e7a uma caminhada no lugar e descubra seus benef\u00edcios!<\/a>\n\t\t\t\t\t<\/h3>\n\t\t\t\t\n\t\t\t\t\t\t\t\n\t\t\t\t\t\t\t\n\t\t\t\t                    <div class=\"entry-content wd-entry-content\">\n\t\t\t\t\t\t<p>A caminhada no lugar \u00e9 uma pr\u00e1tica simples e eficaz para manter o corpo em movimento e saud\u00e1vel.<\/p>\n\n\t\t\t\t\t\t\t\t\t\t\t<\/div><!-- .entry-content -->\n\t\t\t\t\n\t\t\t\t\t\t\t\t\t\t\t\t\t\t<p class=\"read-more-section\">\n\t\t\t\t\t\t<a class=\"btn-read-more more-link\" href=\"https:\/\/almafitness.com.br\/caminhada-no-lugar\/\">Continue lendo<\/a>\t\t\t\t\t<\/p>\n\t\t\t\t\t\t\t\t\t\t\t\n\t\t\t\n\t\t\t\t\t<\/div>\n\t<\/div>\n<\/article><!-- #post -->\n\n\n\t\t\t\t\t\t\t\t\t\t\t\n<article id=\"post-20703\" class=\"blog-design-masonry blog-post-loop blog-style-bg wd-add-shadow  col-lg-4 col-md-4 col-sm-6 col-12 last  post-20703 post type-post status-publish format-standard has-post-thumbnail hentry category-corrida-e-caminhada\">\n\t<div class=\"article-inner\">\n\t\t\t\t\t<header class=\"entry-header\">\n\t\t\t\t\t\t\t\t\t\n\t\t\t\t\t<figure id=\"carousel-731\" class=\"entry-thumbnail\" data-owl-carousel data-hide_pagination_control=\"yes\" data-desktop=\"1\" data-tablet=\"1\" data-tablet_landscape=\"1\" data-mobile=\"1\">\n\t\t\t\t\t\t\n\t\t\t\t\t\t\t<div class=\"post-img-wrapp\">\n\t\t\t\t\t\t\t\t<a href=\"https:\/\/almafitness.com.br\/caminhada-musica-catolica\/\">\n\t\t\t\t\t\t\t\t\t<img width=\"949\" height=\"630\" src=\"https:\/\/almafitness.com.br\/wp-content\/uploads\/2023\/10\/caminhada-musica-catolica.webp\" class=\"attachment-large size-large\" alt=\"caminhada musica catolica\" decoding=\"async\" srcset=\"\/\/almafitness.com.br\/wp-content\/uploads\/2023\/10\/caminhada-musica-catolica.webp 949w, \/\/almafitness.com.br\/wp-content\/uploads\/2023\/10\/caminhada-musica-catolica-150x100.webp 150w, \/\/almafitness.com.br\/wp-content\/uploads\/2023\/10\/caminhada-musica-catolica-300x199.webp 300w, \/\/almafitness.com.br\/wp-content\/uploads\/2023\/10\/caminhada-musica-catolica-768x510.webp 768w\" sizes=\"(max-width: 949px) 100vw, 949px\" \/>\t\t\t\t\t\t\t\t<\/a>\n\t\t\t\t\t\t\t<\/div>\n\t\t\t\t\t\t\t<div class=\"post-image-mask\">\n\t\t\t\t\t\t\t\t<span><\/span>\n\t\t\t\t\t\t\t<\/div>\n\n\t\t\t\t\t\t\n\t\t\t\t\t<\/figure>\n\t\t\t\t\n\t\t\t\t\t\t\t\t\t\t\t\t<div class=\"post-date wd-post-date wd-style-with-bg\" onclick=\"\">\n\t\t\t\t<span class=\"post-date-day\">\n\t\t\t\t\t07\t\t\t\t<\/span>\n\t\t\t\t<span class=\"post-date-month\">\n\t\t\t\t\tjul\t\t\t\t<\/span>\n\t\t\t<\/div>\n\t\t\t\t\t\t\n\t\t\t<\/header><!-- .entry-header -->\n\n\t\t<div class=\"article-body-container\">\n\t\t\t\n\t\t\t\t\n\t\t\t\t\t\t\t\t\t<h3 class=\"wd-entities-title title post-title\">\n\t\t\t\t\t\t<a href=\"https:\/\/almafitness.com.br\/caminhada-musica-catolica\/\" rel=\"bookmark\">Descubra a for\u00e7a da caminhada com m\u00fasica cat\u00f3lica<\/a>\n\t\t\t\t\t<\/h3>\n\t\t\t\t\n\t\t\t\t\t\t\t\n\t\t\t\t\t\t\t\n\t\t\t\t                    <div class=\"entry-content wd-entry-content\">\n\t\t\t\t\t\t<p>Desfrute de momentos de paz e reflex\u00e3o com caminhada, m\u00fasica cat\u00f3lica e conex\u00e3o espiritual durante suas atividades.<\/p>\n\n\t\t\t\t\t\t\t\t\t\t\t<\/div><!-- .entry-content -->\n\t\t\t\t\n\t\t\t\t\t\t\t\t\t\t\t\t\t\t<p class=\"read-more-section\">\n\t\t\t\t\t\t<a class=\"btn-read-more more-link\" href=\"https:\/\/almafitness.com.br\/caminhada-musica-catolica\/\">Continue lendo<\/a>\t\t\t\t\t<\/p>\n\t\t\t\t\t\t\t\t\t\t\t\n\t\t\t\n\t\t\t\t\t<\/div>\n\t<\/div>\n<\/article><!-- #post -->\n\n\n\t\t\t\t\t\t\t\t\t\t\t\n<article id=\"post-20696\" class=\"blog-design-masonry blog-post-loop blog-style-bg wd-add-shadow  col-lg-4 col-md-4 col-sm-6 col-12 first  post-20696 post type-post status-publish format-standard has-post-thumbnail hentry category-corrida-e-caminhada\">\n\t<div class=\"article-inner\">\n\t\t\t\t\t<header class=\"entry-header\">\n\t\t\t\t\t\t\t\t\t\n\t\t\t\t\t<figure id=\"carousel-932\" class=\"entry-thumbnail\" data-owl-carousel data-hide_pagination_control=\"yes\" data-desktop=\"1\" data-tablet=\"1\" data-tablet_landscape=\"1\" data-mobile=\"1\">\n\t\t\t\t\t\t\n\t\t\t\t\t\t\t<div class=\"post-img-wrapp\">\n\t\t\t\t\t\t\t\t<a href=\"https:\/\/almafitness.com.br\/caminhada-musculos\/\">\n\t\t\t\t\t\t\t\t\t<img width=\"946\" height=\"630\" src=\"https:\/\/almafitness.com.br\/wp-content\/uploads\/2023\/10\/caminhada-musculos.webp\" class=\"attachment-large size-large\" alt=\"caminhada musculos\" decoding=\"async\" srcset=\"\/\/almafitness.com.br\/wp-content\/uploads\/2023\/10\/caminhada-musculos.webp 946w, \/\/almafitness.com.br\/wp-content\/uploads\/2023\/10\/caminhada-musculos-150x100.webp 150w, \/\/almafitness.com.br\/wp-content\/uploads\/2023\/10\/caminhada-musculos-300x200.webp 300w, \/\/almafitness.com.br\/wp-content\/uploads\/2023\/10\/caminhada-musculos-768x511.webp 768w\" sizes=\"(max-width: 946px) 100vw, 946px\" \/>\t\t\t\t\t\t\t\t<\/a>\n\t\t\t\t\t\t\t<\/div>\n\t\t\t\t\t\t\t<div class=\"post-image-mask\">\n\t\t\t\t\t\t\t\t<span><\/span>\n\t\t\t\t\t\t\t<\/div>\n\n\t\t\t\t\t\t\n\t\t\t\t\t<\/figure>\n\t\t\t\t\n\t\t\t\t\t\t\t\t\t\t\t\t<div class=\"post-date wd-post-date wd-style-with-bg\" onclick=\"\">\n\t\t\t\t<span class=\"post-date-day\">\n\t\t\t\t\t07\t\t\t\t<\/span>\n\t\t\t\t<span class=\"post-date-month\">\n\t\t\t\t\tjul\t\t\t\t<\/span>\n\t\t\t<\/div>\n\t\t\t\t\t\t\n\t\t\t<\/header><!-- .entry-header -->\n\n\t\t<div class=\"article-body-container\">\n\t\t\t\n\t\t\t\t\n\t\t\t\t\t\t\t\t\t<h3 class=\"wd-entities-title title post-title\">\n\t\t\t\t\t\t<a href=\"https:\/\/almafitness.com.br\/caminhada-musculos\/\" rel=\"bookmark\">Descubra os benef\u00edcios da caminhada para os m\u00fasculos<\/a>\n\t\t\t\t\t<\/h3>\n\t\t\t\t\n\t\t\t\t\t\t\t\n\t\t\t\t\t\t\t\n\t\t\t\t                    <div class=\"entry-content wd-entry-content\">\n\t\t\t\t\t\t<p>Uma caminhada di\u00e1ria \u00e9 ben\u00e9fica para fortalecer os m\u00fasculos, melhorando a sa\u00fade f\u00edsica e mental.<\/p>\n\n\t\t\t\t\t\t\t\t\t\t\t<\/div><!-- .entry-content -->\n\t\t\t\t\n\t\t\t\t\t\t\t\t\t\t\t\t\t\t<p class=\"read-more-section\">\n\t\t\t\t\t\t<a class=\"btn-read-more more-link\" href=\"https:\/\/almafitness.com.br\/caminhada-musculos\/\">Continue lendo<\/a>\t\t\t\t\t<\/p>\n\t\t\t\t\t\t\t\t\t\t\t\n\t\t\t\n\t\t\t\t\t<\/div>\n\t<\/div>\n<\/article><!-- #post -->\n\n\n\t\t\t\t\t\t\t\t\t\t\t\n<article id=\"post-20681\" class=\"blog-design-masonry blog-post-loop blog-style-bg wd-add-shadow  col-lg-4 col-md-4 col-sm-6 col-12 post-20681 post type-post status-publish format-standard has-post-thumbnail hentry category-corrida-e-caminhada\">\n\t<div class=\"article-inner\">\n\t\t\t\t\t<header class=\"entry-header\">\n\t\t\t\t\t\t\t\t\t\n\t\t\t\t\t<figure id=\"carousel-323\" class=\"entry-thumbnail\" data-owl-carousel data-hide_pagination_control=\"yes\" data-desktop=\"1\" data-tablet=\"1\" data-tablet_landscape=\"1\" data-mobile=\"1\">\n\t\t\t\t\t\t\n\t\t\t\t\t\t\t<div class=\"post-img-wrapp\">\n\t\t\t\t\t\t\t\t<a href=\"https:\/\/almafitness.com.br\/caminhada-hoje\/\">\n\t\t\t\t\t\t\t\t\t<img width=\"840\" height=\"630\" src=\"https:\/\/almafitness.com.br\/wp-content\/uploads\/2023\/10\/caminhada-hoje.webp\" class=\"attachment-large size-large\" alt=\"caminhada hoje\" decoding=\"async\" srcset=\"\/\/almafitness.com.br\/wp-content\/uploads\/2023\/10\/caminhada-hoje.webp 840w, \/\/almafitness.com.br\/wp-content\/uploads\/2023\/10\/caminhada-hoje-150x113.webp 150w, \/\/almafitness.com.br\/wp-content\/uploads\/2023\/10\/caminhada-hoje-300x225.webp 300w, \/\/almafitness.com.br\/wp-content\/uploads\/2023\/10\/caminhada-hoje-768x576.webp 768w\" sizes=\"(max-width: 840px) 100vw, 840px\" \/>\t\t\t\t\t\t\t\t<\/a>\n\t\t\t\t\t\t\t<\/div>\n\t\t\t\t\t\t\t<div class=\"post-image-mask\">\n\t\t\t\t\t\t\t\t<span><\/span>\n\t\t\t\t\t\t\t<\/div>\n\n\t\t\t\t\t\t\n\t\t\t\t\t<\/figure>\n\t\t\t\t\n\t\t\t\t\t\t\t\t\t\t\t\t<div class=\"post-date wd-post-date wd-style-with-bg\" onclick=\"\">\n\t\t\t\t<span class=\"post-date-day\">\n\t\t\t\t\t06\t\t\t\t<\/span>\n\t\t\t\t<span class=\"post-date-month\">\n\t\t\t\t\tjul\t\t\t\t<\/span>\n\t\t\t<\/div>\n\t\t\t\t\t\t\n\t\t\t<\/header><!-- .entry-header -->\n\n\t\t<div class=\"article-body-container\">\n\t\t\t\n\t\t\t\t\n\t\t\t\t\t\t\t\t\t<h3 class=\"wd-entities-title title post-title\">\n\t\t\t\t\t\t<a href=\"https:\/\/almafitness.com.br\/caminhada-hoje\/\" rel=\"bookmark\">Caminhada de hoje: dicas para aproveitar ao m\u00e1ximo<\/a>\n\t\t\t\t\t<\/h3>\n\t\t\t\t\n\t\t\t\t\t\t\t\n\t\t\t\t\t\t\t\n\t\t\t\t                    <div class=\"entry-content wd-entry-content\">\n\t\t\t\t\t\t<p>Hoje, aproveite o dia para praticar uma caminhada revigorante e cuidar da sua sa\u00fade f\u00edsica e mental.<\/p>\n\n\t\t\t\t\t\t\t\t\t\t\t<\/div><!-- .entry-content -->\n\t\t\t\t\n\t\t\t\t\t\t\t\t\t\t\t\t\t\t<p class=\"read-more-section\">\n\t\t\t\t\t\t<a class=\"btn-read-more more-link\" href=\"https:\/\/almafitness.com.br\/caminhada-hoje\/\">Continue lendo<\/a>\t\t\t\t\t<\/p>\n\t\t\t\t\t\t\t\t\t\t\t\n\t\t\t\n\t\t\t\t\t<\/div>\n\t<\/div>\n<\/article><!-- #post -->\n\n\n\t\t\t\t\t\t\t\t\t\t\t\n<article id=\"post-20674\" class=\"blog-design-masonry blog-post-loop blog-style-bg wd-add-shadow  col-lg-4 col-md-4 col-sm-6 col-12 last  post-20674 post type-post status-publish format-standard has-post-thumbnail hentry category-corrida-e-caminhada\">\n\t<div class=\"article-inner\">\n\t\t\t\t\t<header class=\"entry-header\">\n\t\t\t\t\t\t\t\t\t\n\t\t\t\t\t<figure id=\"carousel-119\" class=\"entry-thumbnail\" data-owl-carousel data-hide_pagination_control=\"yes\" data-desktop=\"1\" data-tablet=\"1\" data-tablet_landscape=\"1\" data-mobile=\"1\">\n\t\t\t\t\t\t\n\t\t\t\t\t\t\t<div class=\"post-img-wrapp\">\n\t\t\t\t\t\t\t\t<a href=\"https:\/\/almafitness.com.br\/caminhada-fazendeiro\/\">\n\t\t\t\t\t\t\t\t\t<img width=\"640\" height=\"275\" src=\"https:\/\/almafitness.com.br\/wp-content\/uploads\/2023\/10\/caminhada-fazendeiro.webp\" class=\"attachment-large size-large\" alt=\"caminhada fazendeiro\" decoding=\"async\" srcset=\"\/\/almafitness.com.br\/wp-content\/uploads\/2023\/10\/caminhada-fazendeiro.webp 640w, \/\/almafitness.com.br\/wp-content\/uploads\/2023\/10\/caminhada-fazendeiro-150x64.webp 150w, \/\/almafitness.com.br\/wp-content\/uploads\/2023\/10\/caminhada-fazendeiro-300x129.webp 300w\" sizes=\"(max-width: 640px) 100vw, 640px\" \/>\t\t\t\t\t\t\t\t<\/a>\n\t\t\t\t\t\t\t<\/div>\n\t\t\t\t\t\t\t<div class=\"post-image-mask\">\n\t\t\t\t\t\t\t\t<span><\/span>\n\t\t\t\t\t\t\t<\/div>\n\n\t\t\t\t\t\t\n\t\t\t\t\t<\/figure>\n\t\t\t\t\n\t\t\t\t\t\t\t\t\t\t\t\t<div class=\"post-date wd-post-date wd-style-with-bg\" onclick=\"\">\n\t\t\t\t<span class=\"post-date-day\">\n\t\t\t\t\t06\t\t\t\t<\/span>\n\t\t\t\t<span class=\"post-date-month\">\n\t\t\t\t\tjul\t\t\t\t<\/span>\n\t\t\t<\/div>\n\t\t\t\t\t\t\n\t\t\t<\/header><!-- .entry-header -->\n\n\t\t<div class=\"article-body-container\">\n\t\t\t\n\t\t\t\t\n\t\t\t\t\t\t\t\t\t<h3 class=\"wd-entities-title title post-title\">\n\t\t\t\t\t\t<a href=\"https:\/\/almafitness.com.br\/caminhada-fazendeiro\/\" rel=\"bookmark\">Descubra os benef\u00edcios da caminhada fazendeiro: dicas e pr\u00e1tica<\/a>\n\t\t\t\t\t<\/h3>\n\t\t\t\t\n\t\t\t\t\t\t\t\n\t\t\t\t\t\t\t\n\t\t\t\t                    <div class=\"entry-content wd-entry-content\">\n\t\t\t\t\t\t<p>A caminhada fazendeiro \u00e9 um exerc\u00edcio que melhora a sa\u00fade f\u00edsica e mental, praticado em meio \u00e0 natureza.<\/p>\n\n\t\t\t\t\t\t\t\t\t\t\t<\/div><!-- .entry-content -->\n\t\t\t\t\n\t\t\t\t\t\t\t\t\t\t\t\t\t\t<p class=\"read-more-section\">\n\t\t\t\t\t\t<a class=\"btn-read-more more-link\" href=\"https:\/\/almafitness.com.br\/caminhada-fazendeiro\/\">Continue lendo<\/a>\t\t\t\t\t<\/p>\n\t\t\t\t\t\t\t\t\t\t\t\n\t\t\t\n\t\t\t\t\t<\/div>\n\t<\/div>\n<\/article><!-- #post -->\n\n\n\t\t\t\t\t\t\t\t\t\t\t\n<article id=\"post-20667\" class=\"blog-design-masonry blog-post-loop blog-style-bg wd-add-shadow  col-lg-4 col-md-4 col-sm-6 col-12 first  post-20667 post type-post status-publish format-standard has-post-thumbnail hentry category-corrida-e-caminhada\">\n\t<div class=\"article-inner\">\n\t\t\t\t\t<header class=\"entry-header\">\n\t\t\t\t\t\t\t\t\t\n\t\t\t\t\t<figure id=\"carousel-882\" class=\"entry-thumbnail\" data-owl-carousel data-hide_pagination_control=\"yes\" data-desktop=\"1\" data-tablet=\"1\" data-tablet_landscape=\"1\" data-mobile=\"1\">\n\t\t\t\t\t\t\n\t\t\t\t\t\t\t<div class=\"post-img-wrapp\">\n\t\t\t\t\t\t\t\t<a href=\"https:\/\/almafitness.com.br\/caminhada-faz-bem-para-ansiedade\/\">\n\t\t\t\t\t\t\t\t\t<img width=\"945\" height=\"630\" src=\"https:\/\/almafitness.com.br\/wp-content\/uploads\/2023\/10\/caminhada-faz-bem-para-ansiedade.webp\" class=\"attachment-large size-large\" alt=\"caminhada faz bem para ansiedade\" decoding=\"async\" srcset=\"\/\/almafitness.com.br\/wp-content\/uploads\/2023\/10\/caminhada-faz-bem-para-ansiedade.webp 945w, \/\/almafitness.com.br\/wp-content\/uploads\/2023\/10\/caminhada-faz-bem-para-ansiedade-150x100.webp 150w, \/\/almafitness.com.br\/wp-content\/uploads\/2023\/10\/caminhada-faz-bem-para-ansiedade-300x200.webp 300w, \/\/almafitness.com.br\/wp-content\/uploads\/2023\/10\/caminhada-faz-bem-para-ansiedade-768x512.webp 768w\" sizes=\"(max-width: 945px) 100vw, 945px\" \/>\t\t\t\t\t\t\t\t<\/a>\n\t\t\t\t\t\t\t<\/div>\n\t\t\t\t\t\t\t<div class=\"post-image-mask\">\n\t\t\t\t\t\t\t\t<span><\/span>\n\t\t\t\t\t\t\t<\/div>\n\n\t\t\t\t\t\t\n\t\t\t\t\t<\/figure>\n\t\t\t\t\n\t\t\t\t\t\t\t\t\t\t\t\t<div class=\"post-date wd-post-date wd-style-with-bg\" onclick=\"\">\n\t\t\t\t<span class=\"post-date-day\">\n\t\t\t\t\t06\t\t\t\t<\/span>\n\t\t\t\t<span class=\"post-date-month\">\n\t\t\t\t\tjul\t\t\t\t<\/span>\n\t\t\t<\/div>\n\t\t\t\t\t\t\n\t\t\t<\/header><!-- .entry-header -->\n\n\t\t<div class=\"article-body-container\">\n\t\t\t\n\t\t\t\t\n\t\t\t\t\t\t\t\t\t<h3 class=\"wd-entities-title title post-title\">\n\t\t\t\t\t\t<a href=\"https:\/\/almafitness.com.br\/caminhada-faz-bem-para-ansiedade\/\" rel=\"bookmark\">Como a caminhada alivia a ansiedade<\/a>\n\t\t\t\t\t<\/h3>\n\t\t\t\t\n\t\t\t\t\t\t\t\n\t\t\t\t\t\t\t\n\t\t\t\t                    <div class=\"entry-content wd-entry-content\">\n\t\t\t\t\t\t<p>A pr\u00e1tica regular de caminhada traz benef\u00edcios para a sa\u00fade mental, reduzindo a ansiedade e promovendo bem-estar.<\/p>\n\n\t\t\t\t\t\t\t\t\t\t\t<\/div><!-- .entry-content -->\n\t\t\t\t\n\t\t\t\t\t\t\t\t\t\t\t\t\t\t<p class=\"read-more-section\">\n\t\t\t\t\t\t<a class=\"btn-read-more more-link\" href=\"https:\/\/almafitness.com.br\/caminhada-faz-bem-para-ansiedade\/\">Continue lendo<\/a>\t\t\t\t\t<\/p>\n\t\t\t\t\t\t\t\t\t\t\t\n\t\t\t\n\t\t\t\t\t<\/div>\n\t<\/div>\n<\/article><!-- #post -->\n\n\n\t\t\t\t\t\t\t\t\t\t\t\n<article id=\"post-20660\" class=\"blog-design-masonry blog-post-loop blog-style-bg wd-add-shadow  col-lg-4 col-md-4 col-sm-6 col-12 post-20660 post type-post status-publish format-standard has-post-thumbnail hentry category-corrida-e-caminhada\">\n\t<div class=\"article-inner\">\n\t\t\t\t\t<header class=\"entry-header\">\n\t\t\t\t\t\t\t\t\t\n\t\t\t\t\t<figure id=\"carousel-598\" class=\"entry-thumbnail\" data-owl-carousel data-hide_pagination_control=\"yes\" data-desktop=\"1\" data-tablet=\"1\" data-tablet_landscape=\"1\" data-mobile=\"1\">\n\t\t\t\t\t\t\n\t\t\t\t\t\t\t<div class=\"post-img-wrapp\">\n\t\t\t\t\t\t\t\t<a href=\"https:\/\/almafitness.com.br\/caminhada-faz-bem-para-pressao-alta\/\">\n\t\t\t\t\t\t\t\t\t<img width=\"730\" height=\"445\" src=\"https:\/\/almafitness.com.br\/wp-content\/uploads\/2023\/10\/caminhada-faz-bem-para-pressao-alta.webp\" class=\"attachment-large size-large\" alt=\"caminhada faz bem para press\u00e3o alta\" decoding=\"async\" srcset=\"\/\/almafitness.com.br\/wp-content\/uploads\/2023\/10\/caminhada-faz-bem-para-pressao-alta.webp 730w, \/\/almafitness.com.br\/wp-content\/uploads\/2023\/10\/caminhada-faz-bem-para-pressao-alta-150x91.webp 150w, \/\/almafitness.com.br\/wp-content\/uploads\/2023\/10\/caminhada-faz-bem-para-pressao-alta-300x183.webp 300w\" sizes=\"(max-width: 730px) 100vw, 730px\" \/>\t\t\t\t\t\t\t\t<\/a>\n\t\t\t\t\t\t\t<\/div>\n\t\t\t\t\t\t\t<div class=\"post-image-mask\">\n\t\t\t\t\t\t\t\t<span><\/span>\n\t\t\t\t\t\t\t<\/div>\n\n\t\t\t\t\t\t\n\t\t\t\t\t<\/figure>\n\t\t\t\t\n\t\t\t\t\t\t\t\t\t\t\t\t<div class=\"post-date wd-post-date wd-style-with-bg\" onclick=\"\">\n\t\t\t\t<span class=\"post-date-day\">\n\t\t\t\t\t05\t\t\t\t<\/span>\n\t\t\t\t<span class=\"post-date-month\">\n\t\t\t\t\tjul\t\t\t\t<\/span>\n\t\t\t<\/div>\n\t\t\t\t\t\t\n\t\t\t<\/header><!-- .entry-header -->\n\n\t\t<div class=\"article-body-container\">\n\t\t\t\n\t\t\t\t\n\t\t\t\t\t\t\t\t\t<h3 class=\"wd-entities-title title post-title\">\n\t\t\t\t\t\t<a href=\"https:\/\/almafitness.com.br\/caminhada-faz-bem-para-pressao-alta\/\" rel=\"bookmark\">Caminhada: aliada contra press\u00e3o alta<\/a>\n\t\t\t\t\t<\/h3>\n\t\t\t\t\n\t\t\t\t\t\t\t\n\t\t\t\t\t\t\t\n\t\t\t\t                    <div class=\"entry-content wd-entry-content\">\n\t\t\t\t\t\t<p>Caminhada regular melhora a press\u00e3o alta, ajudando a manter a sa\u00fade cardiovascular e o bem-estar.<\/p>\n\n\t\t\t\t\t\t\t\t\t\t\t<\/div><!-- .entry-content -->\n\t\t\t\t\n\t\t\t\t\t\t\t\t\t\t\t\t\t\t<p class=\"read-more-section\">\n\t\t\t\t\t\t<a class=\"btn-read-more more-link\" href=\"https:\/\/almafitness.com.br\/caminhada-faz-bem-para-pressao-alta\/\">Continue lendo<\/a>\t\t\t\t\t<\/p>\n\t\t\t\t\t\t\t\t\t\t\t\n\t\t\t\n\t\t\t\t\t<\/div>\n\t<\/div>\n<\/article><!-- #post -->\n\n\n\t\t\t\t\t\t\t\t\t\t\t\n<article id=\"post-20646\" class=\"blog-design-masonry blog-post-loop blog-style-bg wd-add-shadow  col-lg-4 col-md-4 col-sm-6 col-12 last  post-20646 post type-post status-publish format-standard has-post-thumbnail hentry category-corrida-e-caminhada\">\n\t<div class=\"article-inner\">\n\t\t\t\t\t<header class=\"entry-header\">\n\t\t\t\t\t\t\t\t\t\n\t\t\t\t\t<figure id=\"carousel-744\" class=\"entry-thumbnail\" data-owl-carousel data-hide_pagination_control=\"yes\" data-desktop=\"1\" data-tablet=\"1\" data-tablet_landscape=\"1\" data-mobile=\"1\">\n\t\t\t\t\t\t\n\t\t\t\t\t\t\t<div class=\"post-img-wrapp\">\n\t\t\t\t\t\t\t\t<a href=\"https:\/\/almafitness.com.br\/caminhar-7-km-por-dia-emagrece\/\">\n\t\t\t\t\t\t\t\t\t<img width=\"945\" height=\"630\" src=\"https:\/\/almafitness.com.br\/wp-content\/uploads\/2023\/10\/caminhar-7-km-por-dia-emagrece.webp\" class=\"attachment-large size-large\" alt=\"caminhar 7 km por dia emagrece\" decoding=\"async\" srcset=\"\/\/almafitness.com.br\/wp-content\/uploads\/2023\/10\/caminhar-7-km-por-dia-emagrece.webp 945w, \/\/almafitness.com.br\/wp-content\/uploads\/2023\/10\/caminhar-7-km-por-dia-emagrece-150x100.webp 150w, \/\/almafitness.com.br\/wp-content\/uploads\/2023\/10\/caminhar-7-km-por-dia-emagrece-300x200.webp 300w, \/\/almafitness.com.br\/wp-content\/uploads\/2023\/10\/caminhar-7-km-por-dia-emagrece-768x512.webp 768w\" sizes=\"(max-width: 945px) 100vw, 945px\" \/>\t\t\t\t\t\t\t\t<\/a>\n\t\t\t\t\t\t\t<\/div>\n\t\t\t\t\t\t\t<div class=\"post-image-mask\">\n\t\t\t\t\t\t\t\t<span><\/span>\n\t\t\t\t\t\t\t<\/div>\n\n\t\t\t\t\t\t\n\t\t\t\t\t<\/figure>\n\t\t\t\t\n\t\t\t\t\t\t\t\t\t\t\t\t<div class=\"post-date wd-post-date wd-style-with-bg\" onclick=\"\">\n\t\t\t\t<span class=\"post-date-day\">\n\t\t\t\t\t05\t\t\t\t<\/span>\n\t\t\t\t<span class=\"post-date-month\">\n\t\t\t\t\tjul\t\t\t\t<\/span>\n\t\t\t<\/div>\n\t\t\t\t\t\t\n\t\t\t<\/header><!-- .entry-header -->\n\n\t\t<div class=\"article-body-container\">\n\t\t\t\n\t\t\t\t\n\t\t\t\t\t\t\t\t\t<h3 class=\"wd-entities-title title post-title\">\n\t\t\t\t\t\t<a href=\"https:\/\/almafitness.com.br\/caminhar-7-km-por-dia-emagrece\/\" rel=\"bookmark\">Descubra como caminhar 7 km por dia pode te fazer emagrecer<\/a>\n\t\t\t\t\t<\/h3>\n\t\t\t\t\n\t\t\t\t\t\t\t\n\t\t\t\t\t\t\t\n\t\t\t\t                    <div class=\"entry-content wd-entry-content\">\n\t\t\t\t\t\t<p>Com disciplina e const\u00e2ncia, caminhar 7 km por dia pode ser uma \u00f3tima maneira de emagrecer.<\/p>\n\n\t\t\t\t\t\t\t\t\t\t\t<\/div><!-- .entry-content -->\n\t\t\t\t\n\t\t\t\t\t\t\t\t\t\t\t\t\t\t<p class=\"read-more-section\">\n\t\t\t\t\t\t<a class=\"btn-read-more more-link\" href=\"https:\/\/almafitness.com.br\/caminhar-7-km-por-dia-emagrece\/\">Continue lendo<\/a>\t\t\t\t\t<\/p>\n\t\t\t\t\t\t\t\t\t\t\t\n\t\t\t\n\t\t\t\t\t<\/div>\n\t<\/div>\n<\/article><!-- #post -->\n\n\n\t\t\t\t\t\t\t\t\t\t\t\n<article id=\"post-20639\" class=\"blog-design-masonry blog-post-loop blog-style-bg wd-add-shadow  col-lg-4 col-md-4 col-sm-6 col-12 first  post-20639 post type-post status-publish format-standard has-post-thumbnail hentry category-corrida-e-caminhada\">\n\t<div class=\"article-inner\">\n\t\t\t\t\t<header class=\"entry-header\">\n\t\t\t\t\t\t\t\t\t\n\t\t\t\t\t<figure id=\"carousel-326\" class=\"entry-thumbnail\" data-owl-carousel data-hide_pagination_control=\"yes\" data-desktop=\"1\" data-tablet=\"1\" data-tablet_landscape=\"1\" data-mobile=\"1\">\n\t\t\t\t\t\t\n\t\t\t\t\t\t\t<div class=\"post-img-wrapp\">\n\t\t\t\t\t\t\t\t<a href=\"https:\/\/almafitness.com.br\/caminhada-6-km-calorias\/\">\n\t\t\t\t\t\t\t\t\t<img width=\"1024\" height=\"576\" src=\"https:\/\/almafitness.com.br\/wp-content\/uploads\/2023\/10\/caminhada-6-km-calorias-1024x576.webp\" class=\"attachment-large size-large\" alt=\"caminhada 6 km calorias\" decoding=\"async\" srcset=\"\/\/almafitness.com.br\/wp-content\/uploads\/2023\/10\/caminhada-6-km-calorias-1024x576.webp 1024w, \/\/almafitness.com.br\/wp-content\/uploads\/2023\/10\/caminhada-6-km-calorias-150x84.webp 150w, \/\/almafitness.com.br\/wp-content\/uploads\/2023\/10\/caminhada-6-km-calorias-300x169.webp 300w, \/\/almafitness.com.br\/wp-content\/uploads\/2023\/10\/caminhada-6-km-calorias-768x432.webp 768w, \/\/almafitness.com.br\/wp-content\/uploads\/2023\/10\/caminhada-6-km-calorias.webp 1120w\" sizes=\"(max-width: 1024px) 100vw, 1024px\" \/>\t\t\t\t\t\t\t\t<\/a>\n\t\t\t\t\t\t\t<\/div>\n\t\t\t\t\t\t\t<div class=\"post-image-mask\">\n\t\t\t\t\t\t\t\t<span><\/span>\n\t\t\t\t\t\t\t<\/div>\n\n\t\t\t\t\t\t\n\t\t\t\t\t<\/figure>\n\t\t\t\t\n\t\t\t\t\t\t\t\t\t\t\t\t<div class=\"post-date wd-post-date wd-style-with-bg\" onclick=\"\">\n\t\t\t\t<span class=\"post-date-day\">\n\t\t\t\t\t04\t\t\t\t<\/span>\n\t\t\t\t<span class=\"post-date-month\">\n\t\t\t\t\tjul\t\t\t\t<\/span>\n\t\t\t<\/div>\n\t\t\t\t\t\t\n\t\t\t<\/header><!-- .entry-header -->\n\n\t\t<div class=\"article-body-container\">\n\t\t\t\n\t\t\t\t\n\t\t\t\t\t\t\t\t\t<h3 class=\"wd-entities-title title post-title\">\n\t\t\t\t\t\t<a href=\"https:\/\/almafitness.com.br\/caminhada-6-km-calorias\/\" rel=\"bookmark\">Queime calorias com uma caminhada de 6 km: benef\u00edcios e dicas<\/a>\n\t\t\t\t\t<\/h3>\n\t\t\t\t\n\t\t\t\t\t\t\t\n\t\t\t\t\t\t\t\n\t\t\t\t                    <div class=\"entry-content wd-entry-content\">\n\t\t\t\t\t\t<p>Caminhada de 6 km queima muitas calorias e \u00e9 uma \u00f3tima op\u00e7\u00e3o de exerc\u00edcio ao ar livre.<\/p>\n\n\t\t\t\t\t\t\t\t\t\t\t<\/div><!-- .entry-content -->\n\t\t\t\t\n\t\t\t\t\t\t\t\t\t\t\t\t\t\t<p class=\"read-more-section\">\n\t\t\t\t\t\t<a class=\"btn-read-more more-link\" href=\"https:\/\/almafitness.com.br\/caminhada-6-km-calorias\/\">Continue lendo<\/a>\t\t\t\t\t<\/p>\n\t\t\t\t\t\t\t\t\t\t\t\n\t\t\t\n\t\t\t\t\t<\/div>\n\t<\/div>\n<\/article><!-- #post -->\n\n\n\t\t\t\t\t\t\t\t\t\t\t\n<article id=\"post-20632\" class=\"blog-design-masonry blog-post-loop blog-style-bg wd-add-shadow  col-lg-4 col-md-4 col-sm-6 col-12 post-20632 post type-post status-publish format-standard has-post-thumbnail hentry category-corrida-e-caminhada\">\n\t<div class=\"article-inner\">\n\t\t\t\t\t<header class=\"entry-header\">\n\t\t\t\t\t\t\t\t\t\n\t\t\t\t\t<figure id=\"carousel-427\" class=\"entry-thumbnail\" data-owl-carousel data-hide_pagination_control=\"yes\" data-desktop=\"1\" data-tablet=\"1\" data-tablet_landscape=\"1\" data-mobile=\"1\">\n\t\t\t\t\t\t\n\t\t\t\t\t\t\t<div class=\"post-img-wrapp\">\n\t\t\t\t\t\t\t\t<a href=\"https:\/\/almafitness.com.br\/caminhar-4-horas-por-dia-faz-mal\/\">\n\t\t\t\t\t\t\t\t\t<img width=\"942\" height=\"630\" src=\"https:\/\/almafitness.com.br\/wp-content\/uploads\/2023\/10\/caminhar-4-horas-por-dia-faz-mal.webp\" class=\"attachment-large size-large\" alt=\"caminhar 4 horas por dia faz mal\" decoding=\"async\" srcset=\"\/\/almafitness.com.br\/wp-content\/uploads\/2023\/10\/caminhar-4-horas-por-dia-faz-mal.webp 942w, \/\/almafitness.com.br\/wp-content\/uploads\/2023\/10\/caminhar-4-horas-por-dia-faz-mal-150x100.webp 150w, \/\/almafitness.com.br\/wp-content\/uploads\/2023\/10\/caminhar-4-horas-por-dia-faz-mal-300x201.webp 300w, \/\/almafitness.com.br\/wp-content\/uploads\/2023\/10\/caminhar-4-horas-por-dia-faz-mal-768x514.webp 768w\" sizes=\"(max-width: 942px) 100vw, 942px\" \/>\t\t\t\t\t\t\t\t<\/a>\n\t\t\t\t\t\t\t<\/div>\n\t\t\t\t\t\t\t<div class=\"post-image-mask\">\n\t\t\t\t\t\t\t\t<span><\/span>\n\t\t\t\t\t\t\t<\/div>\n\n\t\t\t\t\t\t\n\t\t\t\t\t<\/figure>\n\t\t\t\t\n\t\t\t\t\t\t\t\t\t\t\t\t<div class=\"post-date wd-post-date wd-style-with-bg\" onclick=\"\">\n\t\t\t\t<span class=\"post-date-day\">\n\t\t\t\t\t04\t\t\t\t<\/span>\n\t\t\t\t<span class=\"post-date-month\">\n\t\t\t\t\tjul\t\t\t\t<\/span>\n\t\t\t<\/div>\n\t\t\t\t\t\t\n\t\t\t<\/header><!-- .entry-header -->\n\n\t\t<div class=\"article-body-container\">\n\t\t\t\n\t\t\t\t\n\t\t\t\t\t\t\t\t\t<h3 class=\"wd-entities-title title post-title\">\n\t\t\t\t\t\t<a href=\"https:\/\/almafitness.com.br\/caminhar-4-horas-por-dia-faz-mal\/\" rel=\"bookmark\">Caminhar 4 horas por dia: quando o excesso pode ser prejudicial<\/a>\n\t\t\t\t\t<\/h3>\n\t\t\t\t\n\t\t\t\t\t\t\t\n\t\t\t\t\t\t\t\n\t\t\t\t                    <div class=\"entry-content wd-entry-content\">\n\t\t\t\t\t\t<p>Caminhar por 4 horas di\u00e1rias pode causar fadiga muscular e impactos nas articula\u00e7\u00f5es e coluna.<\/p>\n\n\t\t\t\t\t\t\t\t\t\t\t<\/div><!-- .entry-content -->\n\t\t\t\t\n\t\t\t\t\t\t\t\t\t\t\t\t\t\t<p class=\"read-more-section\">\n\t\t\t\t\t\t<a class=\"btn-read-more more-link\" href=\"https:\/\/almafitness.com.br\/caminhar-4-horas-por-dia-faz-mal\/\">Continue lendo<\/a>\t\t\t\t\t<\/p>\n\t\t\t\t\t\t\t\t\t\t\t\n\t\t\t\n\t\t\t\t\t<\/div>\n\t<\/div>\n<\/article><!-- #post -->\n\n\n\t\t\t\t\t\t\t\t\t\t\t\n<article id=\"post-20625\" class=\"blog-design-masonry blog-post-loop blog-style-bg wd-add-shadow  col-lg-4 col-md-4 col-sm-6 col-12 last  post-20625 post type-post status-publish format-standard has-post-thumbnail hentry category-corrida-e-caminhada\">\n\t<div class=\"article-inner\">\n\t\t\t\t\t<header class=\"entry-header\">\n\t\t\t\t\t\t\t\t\t\n\t\t\t\t\t<figure id=\"carousel-405\" class=\"entry-thumbnail\" data-owl-carousel data-hide_pagination_control=\"yes\" data-desktop=\"1\" data-tablet=\"1\" data-tablet_landscape=\"1\" data-mobile=\"1\">\n\t\t\t\t\t\t\n\t\t\t\t\t\t\t<div class=\"post-img-wrapp\">\n\t\t\t\t\t\t\t\t<a href=\"https:\/\/almafitness.com.br\/caminhar-40-minutos-perde-quantas-calorias\/\">\n\t\t\t\t\t\t\t\t\t<img width=\"992\" height=\"630\" src=\"https:\/\/almafitness.com.br\/wp-content\/uploads\/2023\/10\/caminhar-40-minutos-perde-quantas-calorias.webp\" class=\"attachment-large size-large\" alt=\"caminhar 40 minutos perde quantas calorias\" decoding=\"async\" srcset=\"\/\/almafitness.com.br\/wp-content\/uploads\/2023\/10\/caminhar-40-minutos-perde-quantas-calorias.webp 992w, \/\/almafitness.com.br\/wp-content\/uploads\/2023\/10\/caminhar-40-minutos-perde-quantas-calorias-150x95.webp 150w, \/\/almafitness.com.br\/wp-content\/uploads\/2023\/10\/caminhar-40-minutos-perde-quantas-calorias-300x191.webp 300w, \/\/almafitness.com.br\/wp-content\/uploads\/2023\/10\/caminhar-40-minutos-perde-quantas-calorias-768x488.webp 768w\" sizes=\"(max-width: 992px) 100vw, 992px\" \/>\t\t\t\t\t\t\t\t<\/a>\n\t\t\t\t\t\t\t<\/div>\n\t\t\t\t\t\t\t<div class=\"post-image-mask\">\n\t\t\t\t\t\t\t\t<span><\/span>\n\t\t\t\t\t\t\t<\/div>\n\n\t\t\t\t\t\t\n\t\t\t\t\t<\/figure>\n\t\t\t\t\n\t\t\t\t\t\t\t\t\t\t\t\t<div class=\"post-date wd-post-date wd-style-with-bg\" onclick=\"\">\n\t\t\t\t<span class=\"post-date-day\">\n\t\t\t\t\t04\t\t\t\t<\/span>\n\t\t\t\t<span class=\"post-date-month\">\n\t\t\t\t\tjul\t\t\t\t<\/span>\n\t\t\t<\/div>\n\t\t\t\t\t\t\n\t\t\t<\/header><!-- .entry-header -->\n\n\t\t<div class=\"article-body-container\">\n\t\t\t\n\t\t\t\t\n\t\t\t\t\t\t\t\t\t<h3 class=\"wd-entities-title title post-title\">\n\t\t\t\t\t\t<a href=\"https:\/\/almafitness.com.br\/caminhar-40-minutos-perde-quantas-calorias\/\" rel=\"bookmark\">Descubra quantas calorias voc\u00ea queima em 40 minutos de caminhada!<\/a>\n\t\t\t\t\t<\/h3>\n\t\t\t\t\n\t\t\t\t\t\t\t\n\t\t\t\t\t\t\t\n\t\t\t\t                    <div class=\"entry-content wd-entry-content\">\n\t\t\t\t\t\t<p>Descubra quantas calorias \u00e9 poss\u00edvel perder ao caminhar 40 minutos com esta informa\u00e7\u00e3o r\u00e1pida e \u00fatil.<\/p>\n\n\t\t\t\t\t\t\t\t\t\t\t<\/div><!-- .entry-content -->\n\t\t\t\t\n\t\t\t\t\t\t\t\t\t\t\t\t\t\t<p class=\"read-more-section\">\n\t\t\t\t\t\t<a class=\"btn-read-more more-link\" href=\"https:\/\/almafitness.com.br\/caminhar-40-minutos-perde-quantas-calorias\/\">Continue lendo<\/a>\t\t\t\t\t<\/p>\n\t\t\t\t\t\t\t\t\t\t\t\n\t\t\t\n\t\t\t\t\t<\/div>\n\t<\/div>\n<\/article><!-- #post -->\n\n\n\t\t\t\t\t\t\t\t\t\t\t\n<article id=\"post-20618\" class=\"blog-design-masonry blog-post-loop blog-style-bg wd-add-shadow  col-lg-4 col-md-4 col-sm-6 col-12 first  post-20618 post type-post status-publish format-standard has-post-thumbnail hentry category-corrida-e-caminhada\">\n\t<div class=\"article-inner\">\n\t\t\t\t\t<header class=\"entry-header\">\n\t\t\t\t\t\t\t\t\t\n\t\t\t\t\t<figure id=\"carousel-350\" class=\"entry-thumbnail\" data-owl-carousel data-hide_pagination_control=\"yes\" data-desktop=\"1\" data-tablet=\"1\" data-tablet_landscape=\"1\" data-mobile=\"1\">\n\t\t\t\t\t\t\n\t\t\t\t\t\t\t<div class=\"post-img-wrapp\">\n\t\t\t\t\t\t\t\t<a href=\"https:\/\/almafitness.com.br\/caminhar-45-minutos-por-dia-emagrece\/\">\n\t\t\t\t\t\t\t\t\t<img width=\"800\" height=\"533\" src=\"https:\/\/almafitness.com.br\/wp-content\/uploads\/2023\/10\/caminhar-45-minutos-por-dia-emagrece.webp\" class=\"attachment-large size-large\" alt=\"caminhar 45 minutos por dia emagrece\" decoding=\"async\" srcset=\"\/\/almafitness.com.br\/wp-content\/uploads\/2023\/10\/caminhar-45-minutos-por-dia-emagrece.webp 800w, \/\/almafitness.com.br\/wp-content\/uploads\/2023\/10\/caminhar-45-minutos-por-dia-emagrece-150x100.webp 150w, \/\/almafitness.com.br\/wp-content\/uploads\/2023\/10\/caminhar-45-minutos-por-dia-emagrece-300x200.webp 300w, \/\/almafitness.com.br\/wp-content\/uploads\/2023\/10\/caminhar-45-minutos-por-dia-emagrece-768x512.webp 768w\" sizes=\"(max-width: 800px) 100vw, 800px\" \/>\t\t\t\t\t\t\t\t<\/a>\n\t\t\t\t\t\t\t<\/div>\n\t\t\t\t\t\t\t<div class=\"post-image-mask\">\n\t\t\t\t\t\t\t\t<span><\/span>\n\t\t\t\t\t\t\t<\/div>\n\n\t\t\t\t\t\t\n\t\t\t\t\t<\/figure>\n\t\t\t\t\n\t\t\t\t\t\t\t\t\t\t\t\t<div class=\"post-date wd-post-date wd-style-with-bg\" onclick=\"\">\n\t\t\t\t<span class=\"post-date-day\">\n\t\t\t\t\t03\t\t\t\t<\/span>\n\t\t\t\t<span class=\"post-date-month\">\n\t\t\t\t\tjul\t\t\t\t<\/span>\n\t\t\t<\/div>\n\t\t\t\t\t\t\n\t\t\t<\/header><!-- .entry-header -->\n\n\t\t<div class=\"article-body-container\">\n\t\t\t\n\t\t\t\t\n\t\t\t\t\t\t\t\t\t<h3 class=\"wd-entities-title title post-title\">\n\t\t\t\t\t\t<a href=\"https:\/\/almafitness.com.br\/caminhar-45-minutos-por-dia-emagrece\/\" rel=\"bookmark\">Descubra como caminhar 45 minutos di\u00e1rios pode te ajudar a emagrecer!<\/a>\n\t\t\t\t\t<\/h3>\n\t\t\t\t\n\t\t\t\t\t\t\t\n\t\t\t\t\t\t\t\n\t\t\t\t                    <div class=\"entry-content wd-entry-content\">\n\t\t\t\t\t\t<p>Rotina saud\u00e1vel comprovada por especialistas, caminhar 45 minutos por dia emagrece e traz benef\u00edcios para o corpo e mente.<\/p>\n\n\t\t\t\t\t\t\t\t\t\t\t<\/div><!-- .entry-content -->\n\t\t\t\t\n\t\t\t\t\t\t\t\t\t\t\t\t\t\t<p class=\"read-more-section\">\n\t\t\t\t\t\t<a class=\"btn-read-more more-link\" href=\"https:\/\/almafitness.com.br\/caminhar-45-minutos-por-dia-emagrece\/\">Continue lendo<\/a>\t\t\t\t\t<\/p>\n\t\t\t\t\t\t\t\t\t\t\t\n\t\t\t\n\t\t\t\t\t<\/div>\n\t<\/div>\n<\/article><!-- #post -->\n\n\n\t\t\t\t\t\t\t\t\t\t\t\n<article id=\"post-20604\" class=\"blog-design-masonry blog-post-loop blog-style-bg wd-add-shadow  col-lg-4 col-md-4 col-sm-6 col-12 post-20604 post type-post status-publish format-standard has-post-thumbnail hentry category-corrida-e-caminhada\">\n\t<div class=\"article-inner\">\n\t\t\t\t\t<header class=\"entry-header\">\n\t\t\t\t\t\t\t\t\t\n\t\t\t\t\t<figure id=\"carousel-918\" class=\"entry-thumbnail\" data-owl-carousel data-hide_pagination_control=\"yes\" data-desktop=\"1\" data-tablet=\"1\" data-tablet_landscape=\"1\" data-mobile=\"1\">\n\t\t\t\t\t\t\n\t\t\t\t\t\t\t<div class=\"post-img-wrapp\">\n\t\t\t\t\t\t\t\t<a href=\"https:\/\/almafitness.com.br\/caminhada-30-minutos-3-vezes-por-semana\/\">\n\t\t\t\t\t\t\t\t\t<img width=\"945\" height=\"630\" src=\"https:\/\/almafitness.com.br\/wp-content\/uploads\/2023\/10\/caminhada-30-minutos-3-vezes-por-semana.webp\" class=\"attachment-large size-large\" alt=\"caminhada 30 minutos 3 vezes por semana\" decoding=\"async\" srcset=\"\/\/almafitness.com.br\/wp-content\/uploads\/2023\/10\/caminhada-30-minutos-3-vezes-por-semana.webp 945w, \/\/almafitness.com.br\/wp-content\/uploads\/2023\/10\/caminhada-30-minutos-3-vezes-por-semana-150x100.webp 150w, \/\/almafitness.com.br\/wp-content\/uploads\/2023\/10\/caminhada-30-minutos-3-vezes-por-semana-300x200.webp 300w, \/\/almafitness.com.br\/wp-content\/uploads\/2023\/10\/caminhada-30-minutos-3-vezes-por-semana-768x512.webp 768w\" sizes=\"(max-width: 945px) 100vw, 945px\" \/>\t\t\t\t\t\t\t\t<\/a>\n\t\t\t\t\t\t\t<\/div>\n\t\t\t\t\t\t\t<div class=\"post-image-mask\">\n\t\t\t\t\t\t\t\t<span><\/span>\n\t\t\t\t\t\t\t<\/div>\n\n\t\t\t\t\t\t\n\t\t\t\t\t<\/figure>\n\t\t\t\t\n\t\t\t\t\t\t\t\t\t\t\t\t<div class=\"post-date wd-post-date wd-style-with-bg\" onclick=\"\">\n\t\t\t\t<span class=\"post-date-day\">\n\t\t\t\t\t03\t\t\t\t<\/span>\n\t\t\t\t<span class=\"post-date-month\">\n\t\t\t\t\tjul\t\t\t\t<\/span>\n\t\t\t<\/div>\n\t\t\t\t\t\t\n\t\t\t<\/header><!-- .entry-header -->\n\n\t\t<div class=\"article-body-container\">\n\t\t\t\n\t\t\t\t\n\t\t\t\t\t\t\t\t\t<h3 class=\"wd-entities-title title post-title\">\n\t\t\t\t\t\t<a href=\"https:\/\/almafitness.com.br\/caminhada-30-minutos-3-vezes-por-semana\/\" rel=\"bookmark\">Melhore sua sa\u00fade com caminhada 30 min 3 vezes\/semana<\/a>\n\t\t\t\t\t<\/h3>\n\t\t\t\t\n\t\t\t\t\t\t\t\n\t\t\t\t\t\t\t\n\t\t\t\t                    <div class=\"entry-content wd-entry-content\">\n\t\t\t\t\t\t<p>Melhore sua sa\u00fade com a pr\u00e1tica regular de caminhada, 30 minutos, 3 vezes por semana.<\/p>\n\n\t\t\t\t\t\t\t\t\t\t\t<\/div><!-- .entry-content -->\n\t\t\t\t\n\t\t\t\t\t\t\t\t\t\t\t\t\t\t<p class=\"read-more-section\">\n\t\t\t\t\t\t<a class=\"btn-read-more more-link\" href=\"https:\/\/almafitness.com.br\/caminhada-30-minutos-3-vezes-por-semana\/\">Continue lendo<\/a>\t\t\t\t\t<\/p>\n\t\t\t\t\t\t\t\t\t\t\t\n\t\t\t\n\t\t\t\t\t<\/div>\n\t<\/div>\n<\/article><!-- #post -->\n\n\n\t\t\t\t\t\t\t\t\t\t\t\n<article id=\"post-20597\" class=\"blog-design-masonry blog-post-loop blog-style-bg wd-add-shadow  col-lg-4 col-md-4 col-sm-6 col-12 last  post-20597 post type-post status-publish format-standard has-post-thumbnail hentry category-corrida-e-caminhada\">\n\t<div class=\"article-inner\">\n\t\t\t\t\t<header class=\"entry-header\">\n\t\t\t\t\t\t\t\t\t\n\t\t\t\t\t<figure id=\"carousel-351\" class=\"entry-thumbnail\" data-owl-carousel data-hide_pagination_control=\"yes\" data-desktop=\"1\" data-tablet=\"1\" data-tablet_landscape=\"1\" data-mobile=\"1\">\n\t\t\t\t\t\t\n\t\t\t\t\t\t\t<div class=\"post-img-wrapp\">\n\t\t\t\t\t\t\t\t<a href=\"https:\/\/almafitness.com.br\/caminhada-20-minutos-calorias\/\">\n\t\t\t\t\t\t\t\t\t<img width=\"665\" height=\"600\" src=\"https:\/\/almafitness.com.br\/wp-content\/uploads\/2023\/10\/caminhada-20-minutos-calorias.webp\" class=\"attachment-large size-large\" alt=\"caminhada 20 minutos calorias\" decoding=\"async\" srcset=\"\/\/almafitness.com.br\/wp-content\/uploads\/2023\/10\/caminhada-20-minutos-calorias.webp 665w, \/\/almafitness.com.br\/wp-content\/uploads\/2023\/10\/caminhada-20-minutos-calorias-150x135.webp 150w, \/\/almafitness.com.br\/wp-content\/uploads\/2023\/10\/caminhada-20-minutos-calorias-300x271.webp 300w\" sizes=\"(max-width: 665px) 100vw, 665px\" \/>\t\t\t\t\t\t\t\t<\/a>\n\t\t\t\t\t\t\t<\/div>\n\t\t\t\t\t\t\t<div class=\"post-image-mask\">\n\t\t\t\t\t\t\t\t<span><\/span>\n\t\t\t\t\t\t\t<\/div>\n\n\t\t\t\t\t\t\n\t\t\t\t\t<\/figure>\n\t\t\t\t\n\t\t\t\t\t\t\t\t\t\t\t\t<div class=\"post-date wd-post-date wd-style-with-bg\" onclick=\"\">\n\t\t\t\t<span class=\"post-date-day\">\n\t\t\t\t\t02\t\t\t\t<\/span>\n\t\t\t\t<span class=\"post-date-month\">\n\t\t\t\t\tjul\t\t\t\t<\/span>\n\t\t\t<\/div>\n\t\t\t\t\t\t\n\t\t\t<\/header><!-- .entry-header -->\n\n\t\t<div class=\"article-body-container\">\n\t\t\t\n\t\t\t\t\n\t\t\t\t\t\t\t\t\t<h3 class=\"wd-entities-title title post-title\">\n\t\t\t\t\t\t<a href=\"https:\/\/almafitness.com.br\/caminhada-20-minutos-calorias\/\" rel=\"bookmark\">Como a caminhada de 20 minutos pode queimar calorias &#8211; Dicas e Benef\u00edcios<\/a>\n\t\t\t\t\t<\/h3>\n\t\t\t\t\n\t\t\t\t\t\t\t\n\t\t\t\t\t\t\t\n\t\t\t\t                    <div class=\"entry-content wd-entry-content\">\n\t\t\t\t\t\t<p>Uma caminhada de 20 minutos pode queimar at\u00e9 150 calorias, al\u00e9m de trazer benef\u00edcios para a sa\u00fade.<\/p>\n\n\t\t\t\t\t\t\t\t\t\t\t<\/div><!-- .entry-content -->\n\t\t\t\t\n\t\t\t\t\t\t\t\t\t\t\t\t\t\t<p class=\"read-more-section\">\n\t\t\t\t\t\t<a class=\"btn-read-more more-link\" href=\"https:\/\/almafitness.com.br\/caminhada-20-minutos-calorias\/\">Continue lendo<\/a>\t\t\t\t\t<\/p>\n\t\t\t\t\t\t\t\t\t\t\t\n\t\t\t\n\t\t\t\t\t<\/div>\n\t<\/div>\n<\/article><!-- #post -->\n\n\n\t\t\t\t\t\t\t\t\t\t\t\n<article id=\"post-20590\" class=\"blog-design-masonry blog-post-loop blog-style-bg wd-add-shadow  col-lg-4 col-md-4 col-sm-6 col-12 first  post-20590 post type-post status-publish format-standard has-post-thumbnail hentry category-corrida-e-caminhada\">\n\t<div class=\"article-inner\">\n\t\t\t\t\t<header class=\"entry-header\">\n\t\t\t\t\t\t\t\t\t\n\t\t\t\t\t<figure id=\"carousel-587\" class=\"entry-thumbnail\" data-owl-carousel data-hide_pagination_control=\"yes\" data-desktop=\"1\" data-tablet=\"1\" data-tablet_landscape=\"1\" data-mobile=\"1\">\n\t\t\t\t\t\t\n\t\t\t\t\t\t\t<div class=\"post-img-wrapp\">\n\t\t\t\t\t\t\t\t<a href=\"https:\/\/almafitness.com.br\/caminhada-wallpaper\/\">\n\t\t\t\t\t\t\t\t\t<img width=\"945\" height=\"630\" src=\"https:\/\/almafitness.com.br\/wp-content\/uploads\/2023\/10\/caminhada-wallpaper.webp\" class=\"attachment-large size-large\" alt=\"caminhada wallpaper\" decoding=\"async\" srcset=\"\/\/almafitness.com.br\/wp-content\/uploads\/2023\/10\/caminhada-wallpaper.webp 945w, \/\/almafitness.com.br\/wp-content\/uploads\/2023\/10\/caminhada-wallpaper-150x100.webp 150w, \/\/almafitness.com.br\/wp-content\/uploads\/2023\/10\/caminhada-wallpaper-300x200.webp 300w, \/\/almafitness.com.br\/wp-content\/uploads\/2023\/10\/caminhada-wallpaper-768x512.webp 768w\" sizes=\"(max-width: 945px) 100vw, 945px\" \/>\t\t\t\t\t\t\t\t<\/a>\n\t\t\t\t\t\t\t<\/div>\n\t\t\t\t\t\t\t<div class=\"post-image-mask\">\n\t\t\t\t\t\t\t\t<span><\/span>\n\t\t\t\t\t\t\t<\/div>\n\n\t\t\t\t\t\t\n\t\t\t\t\t<\/figure>\n\t\t\t\t\n\t\t\t\t\t\t\t\t\t\t\t\t<div class=\"post-date wd-post-date wd-style-with-bg\" onclick=\"\">\n\t\t\t\t<span class=\"post-date-day\">\n\t\t\t\t\t02\t\t\t\t<\/span>\n\t\t\t\t<span class=\"post-date-month\">\n\t\t\t\t\tjul\t\t\t\t<\/span>\n\t\t\t<\/div>\n\t\t\t\t\t\t\n\t\t\t<\/header><!-- .entry-header -->\n\n\t\t<div class=\"article-body-container\">\n\t\t\t\n\t\t\t\t\n\t\t\t\t\t\t\t\t\t<h3 class=\"wd-entities-title title post-title\">\n\t\t\t\t\t\t<a href=\"https:\/\/almafitness.com.br\/caminhada-wallpaper\/\" rel=\"bookmark\">Descubra a beleza da natureza com esses wallpapers de caminhada!<\/a>\n\t\t\t\t\t<\/h3>\n\t\t\t\t\n\t\t\t\t\t\t\t\n\t\t\t\t\t\t\t\n\t\t\t\t                    <div class=\"entry-content wd-entry-content\">\n\t\t\t\t\t\t<p>Apreciar a natureza durante a caminhada com um belo wallpaper de paisagem para decorar seu celular.<\/p>\n\n\t\t\t\t\t\t\t\t\t\t\t<\/div><!-- .entry-content -->\n\t\t\t\t\n\t\t\t\t\t\t\t\t\t\t\t\t\t\t<p class=\"read-more-section\">\n\t\t\t\t\t\t<a class=\"btn-read-more more-link\" href=\"https:\/\/almafitness.com.br\/caminhada-wallpaper\/\">Continue lendo<\/a>\t\t\t\t\t<\/p>\n\t\t\t\t\t\t\t\t\t\t\t\n\t\t\t\n\t\t\t\t\t<\/div>\n\t<\/div>\n<\/article><!-- #post -->\n\n\n\t\t\t\t\t\t\t\t\t\t\t\n<article id=\"post-20583\" class=\"blog-design-masonry blog-post-loop blog-style-bg wd-add-shadow  col-lg-4 col-md-4 col-sm-6 col-12 post-20583 post type-post status-publish format-standard has-post-thumbnail hentry category-corrida-e-caminhada\">\n\t<div class=\"article-inner\">\n\t\t\t\t\t<header class=\"entry-header\">\n\t\t\t\t\t\t\t\t\t\n\t\t\t\t\t<figure id=\"carousel-825\" class=\"entry-thumbnail\" data-owl-carousel data-hide_pagination_control=\"yes\" data-desktop=\"1\" data-tablet=\"1\" data-tablet_landscape=\"1\" data-mobile=\"1\">\n\t\t\t\t\t\t\n\t\t\t\t\t\t\t<div class=\"post-img-wrapp\">\n\t\t\t\t\t\t\t\t<a href=\"https:\/\/almafitness.com.br\/caminhada-vespertina\/\">\n\t\t\t\t\t\t\t\t\t<img width=\"1024\" height=\"299\" src=\"https:\/\/almafitness.com.br\/wp-content\/uploads\/2023\/10\/caminhada-vespertina-1024x299.webp\" class=\"attachment-large size-large\" alt=\"caminhada vespertina\" decoding=\"async\" srcset=\"\/\/almafitness.com.br\/wp-content\/uploads\/2023\/10\/caminhada-vespertina-1024x299.webp 1024w, \/\/almafitness.com.br\/wp-content\/uploads\/2023\/10\/caminhada-vespertina-150x44.webp 150w, \/\/almafitness.com.br\/wp-content\/uploads\/2023\/10\/caminhada-vespertina-300x88.webp 300w, \/\/almafitness.com.br\/wp-content\/uploads\/2023\/10\/caminhada-vespertina-768x224.webp 768w, \/\/almafitness.com.br\/wp-content\/uploads\/2023\/10\/caminhada-vespertina.webp 1200w\" sizes=\"(max-width: 1024px) 100vw, 1024px\" \/>\t\t\t\t\t\t\t\t<\/a>\n\t\t\t\t\t\t\t<\/div>\n\t\t\t\t\t\t\t<div class=\"post-image-mask\">\n\t\t\t\t\t\t\t\t<span><\/span>\n\t\t\t\t\t\t\t<\/div>\n\n\t\t\t\t\t\t\n\t\t\t\t\t<\/figure>\n\t\t\t\t\n\t\t\t\t\t\t\t\t\t\t\t\t<div class=\"post-date wd-post-date wd-style-with-bg\" onclick=\"\">\n\t\t\t\t<span class=\"post-date-day\">\n\t\t\t\t\t02\t\t\t\t<\/span>\n\t\t\t\t<span class=\"post-date-month\">\n\t\t\t\t\tjul\t\t\t\t<\/span>\n\t\t\t<\/div>\n\t\t\t\t\t\t\n\t\t\t<\/header><!-- .entry-header -->\n\n\t\t<div class=\"article-body-container\">\n\t\t\t\n\t\t\t\t\n\t\t\t\t\t\t\t\t\t<h3 class=\"wd-entities-title title post-title\">\n\t\t\t\t\t\t<a href=\"https:\/\/almafitness.com.br\/caminhada-vespertina\/\" rel=\"bookmark\">Descubra os benef\u00edcios da caminhada vespertina para sua sa\u00fade<\/a>\n\t\t\t\t\t<\/h3>\n\t\t\t\t\n\t\t\t\t\t\t\t\n\t\t\t\t\t\t\t\n\t\t\t\t                    <div class=\"entry-content wd-entry-content\">\n\t\t\t\t\t\t<p>Uma caminhada vespertina pode ser revigorante e proporcionar momentos de conex\u00e3o com a natureza e consigo mesmo.<\/p>\n\n\t\t\t\t\t\t\t\t\t\t\t<\/div><!-- .entry-content -->\n\t\t\t\t\n\t\t\t\t\t\t\t\t\t\t\t\t\t\t<p class=\"read-more-section\">\n\t\t\t\t\t\t<a class=\"btn-read-more more-link\" href=\"https:\/\/almafitness.com.br\/caminhada-vespertina\/\">Continue lendo<\/a>\t\t\t\t\t<\/p>\n\t\t\t\t\t\t\t\t\t\t\t\n\t\t\t\n\t\t\t\t\t<\/div>\n\t<\/div>\n<\/article><!-- #post -->\n\n\n\t\t\t\t\t\t\t\t\t\t\t\n<article id=\"post-20576\" class=\"blog-design-masonry blog-post-loop blog-style-bg wd-add-shadow  col-lg-4 col-md-4 col-sm-6 col-12 last  post-20576 post type-post status-publish format-standard has-post-thumbnail hentry category-corrida-e-caminhada\">\n\t<div class=\"article-inner\">\n\t\t\t\t\t<header class=\"entry-header\">\n\t\t\t\t\t\t\t\t\t\n\t\t\t\t\t<figure id=\"carousel-192\" class=\"entry-thumbnail\" data-owl-carousel data-hide_pagination_control=\"yes\" data-desktop=\"1\" data-tablet=\"1\" data-tablet_landscape=\"1\" data-mobile=\"1\">\n\t\t\t\t\t\t\n\t\t\t\t\t\t\t<div class=\"post-img-wrapp\">\n\t\t\t\t\t\t\t\t<a href=\"https:\/\/almafitness.com.br\/caminhada-unimed\/\">\n\t\t\t\t\t\t\t\t\t<img width=\"1024\" height=\"512\" src=\"https:\/\/almafitness.com.br\/wp-content\/uploads\/2023\/10\/caminhada-unimed-1024x512.webp\" class=\"attachment-large size-large\" alt=\"caminhada unimed\" decoding=\"async\" srcset=\"\/\/almafitness.com.br\/wp-content\/uploads\/2023\/10\/caminhada-unimed-1024x512.webp 1024w, \/\/almafitness.com.br\/wp-content\/uploads\/2023\/10\/caminhada-unimed-150x75.webp 150w, \/\/almafitness.com.br\/wp-content\/uploads\/2023\/10\/caminhada-unimed-300x150.webp 300w, \/\/almafitness.com.br\/wp-content\/uploads\/2023\/10\/caminhada-unimed-768x384.webp 768w, \/\/almafitness.com.br\/wp-content\/uploads\/2023\/10\/caminhada-unimed.webp 1200w\" sizes=\"(max-width: 1024px) 100vw, 1024px\" \/>\t\t\t\t\t\t\t\t<\/a>\n\t\t\t\t\t\t\t<\/div>\n\t\t\t\t\t\t\t<div class=\"post-image-mask\">\n\t\t\t\t\t\t\t\t<span><\/span>\n\t\t\t\t\t\t\t<\/div>\n\n\t\t\t\t\t\t\n\t\t\t\t\t<\/figure>\n\t\t\t\t\n\t\t\t\t\t\t\t\t\t\t\t\t<div class=\"post-date wd-post-date wd-style-with-bg\" onclick=\"\">\n\t\t\t\t<span class=\"post-date-day\">\n\t\t\t\t\t01\t\t\t\t<\/span>\n\t\t\t\t<span class=\"post-date-month\">\n\t\t\t\t\tjul\t\t\t\t<\/span>\n\t\t\t<\/div>\n\t\t\t\t\t\t\n\t\t\t<\/header><!-- .entry-header -->\n\n\t\t<div class=\"article-body-container\">\n\t\t\t\n\t\t\t\t\n\t\t\t\t\t\t\t\t\t<h3 class=\"wd-entities-title title post-title\">\n\t\t\t\t\t\t<a href=\"https:\/\/almafitness.com.br\/caminhada-unimed\/\" rel=\"bookmark\">Descubra os benef\u00edcios da caminhada Unimed para sua sa\u00fade<\/a>\n\t\t\t\t\t<\/h3>\n\t\t\t\t\n\t\t\t\t\t\t\t\n\t\t\t\t\t\t\t\n\t\t\t\t                    <div class=\"entry-content wd-entry-content\">\n\t\t\t\t\t\t<p>Uma parceria perfeita para promover sa\u00fade e bem-estar atrav\u00e9s da pr\u00e1tica de caminhada com a Unimed.<\/p>\n\n\t\t\t\t\t\t\t\t\t\t\t<\/div><!-- .entry-content -->\n\t\t\t\t\n\t\t\t\t\t\t\t\t\t\t\t\t\t\t<p class=\"read-more-section\">\n\t\t\t\t\t\t<a class=\"btn-read-more more-link\" href=\"https:\/\/almafitness.com.br\/caminhada-unimed\/\">Continue lendo<\/a>\t\t\t\t\t<\/p>\n\t\t\t\t\t\t\t\t\t\t\t\n\t\t\t\n\t\t\t\t\t<\/div>\n\t<\/div>\n<\/article><!-- #post -->\n\n\n\t\t\t\t\t\t\t\t\t\t\t\n<article id=\"post-20569\" class=\"blog-design-masonry blog-post-loop blog-style-bg wd-add-shadow  col-lg-4 col-md-4 col-sm-6 col-12 first  post-20569 post type-post status-publish format-standard has-post-thumbnail hentry category-corrida-e-caminhada\">\n\t<div class=\"article-inner\">\n\t\t\t\t\t<header class=\"entry-header\">\n\t\t\t\t\t\t\t\t\t\n\t\t\t\t\t<figure id=\"carousel-690\" class=\"entry-thumbnail\" data-owl-carousel data-hide_pagination_control=\"yes\" data-desktop=\"1\" data-tablet=\"1\" data-tablet_landscape=\"1\" data-mobile=\"1\">\n\t\t\t\t\t\t\n\t\t\t\t\t\t\t<div class=\"post-img-wrapp\">\n\t\t\t\t\t\t\t\t<a href=\"https:\/\/almafitness.com.br\/caminhada-trilha\/\">\n\t\t\t\t\t\t\t\t\t<img width=\"600\" height=\"354\" src=\"https:\/\/almafitness.com.br\/wp-content\/uploads\/2023\/10\/caminhada-trilha.webp\" class=\"attachment-large size-large\" alt=\"caminhada trilha\" decoding=\"async\" srcset=\"\/\/almafitness.com.br\/wp-content\/uploads\/2023\/10\/caminhada-trilha.webp 600w, \/\/almafitness.com.br\/wp-content\/uploads\/2023\/10\/caminhada-trilha-150x89.webp 150w, \/\/almafitness.com.br\/wp-content\/uploads\/2023\/10\/caminhada-trilha-300x177.webp 300w\" sizes=\"(max-width: 600px) 100vw, 600px\" \/>\t\t\t\t\t\t\t\t<\/a>\n\t\t\t\t\t\t\t<\/div>\n\t\t\t\t\t\t\t<div class=\"post-image-mask\">\n\t\t\t\t\t\t\t\t<span><\/span>\n\t\t\t\t\t\t\t<\/div>\n\n\t\t\t\t\t\t\n\t\t\t\t\t<\/figure>\n\t\t\t\t\n\t\t\t\t\t\t\t\t\t\t\t\t<div class=\"post-date wd-post-date wd-style-with-bg\" onclick=\"\">\n\t\t\t\t<span class=\"post-date-day\">\n\t\t\t\t\t01\t\t\t\t<\/span>\n\t\t\t\t<span class=\"post-date-month\">\n\t\t\t\t\tjul\t\t\t\t<\/span>\n\t\t\t<\/div>\n\t\t\t\t\t\t\n\t\t\t<\/header><!-- .entry-header -->\n\n\t\t<div class=\"article-body-container\">\n\t\t\t\n\t\t\t\t\n\t\t\t\t\t\t\t\t\t<h3 class=\"wd-entities-title title post-title\">\n\t\t\t\t\t\t<a href=\"https:\/\/almafitness.com.br\/caminhada-trilha\/\" rel=\"bookmark\">Descubra as melhores trilhas para uma caminhada inesquec\u00edvel<\/a>\n\t\t\t\t\t<\/h3>\n\t\t\t\t\n\t\t\t\t\t\t\t\n\t\t\t\t\t\t\t\n\t\t\t\t                    <div class=\"entry-content wd-entry-content\">\n\t\t\t\t\t\t<p>Uma caminhada pela trilha \u00e9 uma forma revigorante de conectar-se com a natureza e exercitar o corpo.<\/p>\n\n\t\t\t\t\t\t\t\t\t\t\t<\/div><!-- .entry-content -->\n\t\t\t\t\n\t\t\t\t\t\t\t\t\t\t\t\t\t\t<p class=\"read-more-section\">\n\t\t\t\t\t\t<a class=\"btn-read-more more-link\" href=\"https:\/\/almafitness.com.br\/caminhada-trilha\/\">Continue lendo<\/a>\t\t\t\t\t<\/p>\n\t\t\t\t\t\t\t\t\t\t\t\n\t\t\t\n\t\t\t\t\t<\/div>\n\t<\/div>\n<\/article><!-- #post -->\n\n\n\t\t\t\t\t\t\t\t\t\t\t\n<article id=\"post-20562\" class=\"blog-design-masonry blog-post-loop blog-style-bg wd-add-shadow  col-lg-4 col-md-4 col-sm-6 col-12 post-20562 post type-post status-publish format-standard has-post-thumbnail hentry category-corrida-e-caminhada\">\n\t<div class=\"article-inner\">\n\t\t\t\t\t<header class=\"entry-header\">\n\t\t\t\t\t\t\t\t\t\n\t\t\t\t\t<figure id=\"carousel-501\" class=\"entry-thumbnail\" data-owl-carousel data-hide_pagination_control=\"yes\" data-desktop=\"1\" data-tablet=\"1\" data-tablet_landscape=\"1\" data-mobile=\"1\">\n\t\t\t\t\t\t\n\t\t\t\t\t\t\t<div class=\"post-img-wrapp\">\n\t\t\t\t\t\t\t\t<a href=\"https:\/\/almafitness.com.br\/caminhada-solta-o-intestino\/\">\n\t\t\t\t\t\t\t\t\t<img width=\"949\" height=\"630\" src=\"https:\/\/almafitness.com.br\/wp-content\/uploads\/2023\/10\/caminhada-solta-o-intestino.webp\" class=\"attachment-large size-large\" alt=\"caminhada solta o intestino\" decoding=\"async\" srcset=\"\/\/almafitness.com.br\/wp-content\/uploads\/2023\/10\/caminhada-solta-o-intestino.webp 949w, \/\/almafitness.com.br\/wp-content\/uploads\/2023\/10\/caminhada-solta-o-intestino-150x100.webp 150w, \/\/almafitness.com.br\/wp-content\/uploads\/2023\/10\/caminhada-solta-o-intestino-300x199.webp 300w, \/\/almafitness.com.br\/wp-content\/uploads\/2023\/10\/caminhada-solta-o-intestino-768x510.webp 768w\" sizes=\"(max-width: 949px) 100vw, 949px\" \/>\t\t\t\t\t\t\t\t<\/a>\n\t\t\t\t\t\t\t<\/div>\n\t\t\t\t\t\t\t<div class=\"post-image-mask\">\n\t\t\t\t\t\t\t\t<span><\/span>\n\t\t\t\t\t\t\t<\/div>\n\n\t\t\t\t\t\t\n\t\t\t\t\t<\/figure>\n\t\t\t\t\n\t\t\t\t\t\t\t\t\t\t\t\t<div class=\"post-date wd-post-date wd-style-with-bg\" onclick=\"\">\n\t\t\t\t<span class=\"post-date-day\">\n\t\t\t\t\t01\t\t\t\t<\/span>\n\t\t\t\t<span class=\"post-date-month\">\n\t\t\t\t\tjul\t\t\t\t<\/span>\n\t\t\t<\/div>\n\t\t\t\t\t\t\n\t\t\t<\/header><!-- .entry-header -->\n\n\t\t<div class=\"article-body-container\">\n\t\t\t\n\t\t\t\t\n\t\t\t\t\t\t\t\t\t<h3 class=\"wd-entities-title title post-title\">\n\t\t\t\t\t\t<a href=\"https:\/\/almafitness.com.br\/caminhada-solta-o-intestino\/\" rel=\"bookmark\">Descubra como a caminhada solta o intestino<\/a>\n\t\t\t\t\t<\/h3>\n\t\t\t\t\n\t\t\t\t\t\t\t\n\t\t\t\t\t\t\t\n\t\t\t\t                    <div class=\"entry-content wd-entry-content\">\n\t\t\t\t\t\t<p>Melhore sua sa\u00fade com uma rotina de caminhada que ajuda a regular o intestino de forma natural.<\/p>\n\n\t\t\t\t\t\t\t\t\t\t\t<\/div><!-- .entry-content -->\n\t\t\t\t\n\t\t\t\t\t\t\t\t\t\t\t\t\t\t<p class=\"read-more-section\">\n\t\t\t\t\t\t<a class=\"btn-read-more more-link\" href=\"https:\/\/almafitness.com.br\/caminhada-solta-o-intestino\/\">Continue lendo<\/a>\t\t\t\t\t<\/p>\n\t\t\t\t\t\t\t\t\t\t\t\n\t\t\t\n\t\t\t\t\t<\/div>\n\t<\/div>\n<\/article><!-- #post -->\n\n\n\t\t\t\t\t\t\t\t\t\t\t\n<article id=\"post-20555\" class=\"blog-design-masonry blog-post-loop blog-style-bg wd-add-shadow  col-lg-4 col-md-4 col-sm-6 col-12 last  post-20555 post type-post status-publish format-standard has-post-thumbnail hentry category-corrida-e-caminhada\">\n\t<div class=\"article-inner\">\n\t\t\t\t\t<header class=\"entry-header\">\n\t\t\t\t\t\t\t\t\t\n\t\t\t\t\t<figure id=\"carousel-965\" class=\"entry-thumbnail\" data-owl-carousel data-hide_pagination_control=\"yes\" data-desktop=\"1\" data-tablet=\"1\" data-tablet_landscape=\"1\" data-mobile=\"1\">\n\t\t\t\t\t\t\n\t\t\t\t\t\t\t<div class=\"post-img-wrapp\">\n\t\t\t\t\t\t\t\t<a href=\"https:\/\/almafitness.com.br\/caminhada-rapida-calorias\/\">\n\t\t\t\t\t\t\t\t\t<img width=\"640\" height=\"275\" src=\"https:\/\/almafitness.com.br\/wp-content\/uploads\/2023\/10\/caminhada-rapida-calorias.webp\" class=\"attachment-large size-large\" alt=\"caminhada rapida calorias\" decoding=\"async\" srcset=\"\/\/almafitness.com.br\/wp-content\/uploads\/2023\/10\/caminhada-rapida-calorias.webp 640w, \/\/almafitness.com.br\/wp-content\/uploads\/2023\/10\/caminhada-rapida-calorias-150x64.webp 150w, \/\/almafitness.com.br\/wp-content\/uploads\/2023\/10\/caminhada-rapida-calorias-300x129.webp 300w\" sizes=\"(max-width: 640px) 100vw, 640px\" \/>\t\t\t\t\t\t\t\t<\/a>\n\t\t\t\t\t\t\t<\/div>\n\t\t\t\t\t\t\t<div class=\"post-image-mask\">\n\t\t\t\t\t\t\t\t<span><\/span>\n\t\t\t\t\t\t\t<\/div>\n\n\t\t\t\t\t\t\n\t\t\t\t\t<\/figure>\n\t\t\t\t\n\t\t\t\t\t\t\t\t\t\t\t\t<div class=\"post-date wd-post-date wd-style-with-bg\" onclick=\"\">\n\t\t\t\t<span class=\"post-date-day\">\n\t\t\t\t\t30\t\t\t\t<\/span>\n\t\t\t\t<span class=\"post-date-month\">\n\t\t\t\t\tjun\t\t\t\t<\/span>\n\t\t\t<\/div>\n\t\t\t\t\t\t\n\t\t\t<\/header><!-- .entry-header -->\n\n\t\t<div class=\"article-body-container\">\n\t\t\t\n\t\t\t\t\n\t\t\t\t\t\t\t\t\t<h3 class=\"wd-entities-title title post-title\">\n\t\t\t\t\t\t<a href=\"https:\/\/almafitness.com.br\/caminhada-rapida-calorias\/\" rel=\"bookmark\">Queime calorias com a caminhada r\u00e1pida: benef\u00edcios e dicas<\/a>\n\t\t\t\t\t<\/h3>\n\t\t\t\t\n\t\t\t\t\t\t\t\n\t\t\t\t\t\t\t\n\t\t\t\t                    <div class=\"entry-content wd-entry-content\">\n\t\t\t\t\t\t<p>A caminhada r\u00e1pida pode queimar at\u00e9 300 calorias por hora e \u00e9 ideal para manter a forma.<\/p>\n\n\t\t\t\t\t\t\t\t\t\t\t<\/div><!-- .entry-content -->\n\t\t\t\t\n\t\t\t\t\t\t\t\t\t\t\t\t\t\t<p class=\"read-more-section\">\n\t\t\t\t\t\t<a class=\"btn-read-more more-link\" href=\"https:\/\/almafitness.com.br\/caminhada-rapida-calorias\/\">Continue lendo<\/a>\t\t\t\t\t<\/p>\n\t\t\t\t\t\t\t\t\t\t\t\n\t\t\t\n\t\t\t\t\t<\/div>\n\t<\/div>\n<\/article><!-- #post -->\n\n\n\t\t\t\t\t\t\t\t\t\t\t\n<article id=\"post-20548\" class=\"blog-design-masonry blog-post-loop blog-style-bg wd-add-shadow  col-lg-4 col-md-4 col-sm-6 col-12 first  post-20548 post type-post status-publish format-standard has-post-thumbnail hentry category-corrida-e-caminhada\">\n\t<div class=\"article-inner\">\n\t\t\t\t\t<header class=\"entry-header\">\n\t\t\t\t\t\t\t\t\t\n\t\t\t\t\t<figure id=\"carousel-580\" class=\"entry-thumbnail\" data-owl-carousel data-hide_pagination_control=\"yes\" data-desktop=\"1\" data-tablet=\"1\" data-tablet_landscape=\"1\" data-mobile=\"1\">\n\t\t\t\t\t\t\n\t\t\t\t\t\t\t<div class=\"post-img-wrapp\">\n\t\t\t\t\t\t\t\t<a href=\"https:\/\/almafitness.com.br\/caminhada-reduz-colesterol\/\">\n\t\t\t\t\t\t\t\t\t<img width=\"952\" height=\"630\" src=\"https:\/\/almafitness.com.br\/wp-content\/uploads\/2023\/10\/caminhada-reduz-colesterol.webp\" class=\"attachment-large size-large\" alt=\"caminhada reduz colesterol\" decoding=\"async\" srcset=\"\/\/almafitness.com.br\/wp-content\/uploads\/2023\/10\/caminhada-reduz-colesterol.webp 952w, \/\/almafitness.com.br\/wp-content\/uploads\/2023\/10\/caminhada-reduz-colesterol-150x99.webp 150w, \/\/almafitness.com.br\/wp-content\/uploads\/2023\/10\/caminhada-reduz-colesterol-300x199.webp 300w, \/\/almafitness.com.br\/wp-content\/uploads\/2023\/10\/caminhada-reduz-colesterol-768x508.webp 768w\" sizes=\"(max-width: 952px) 100vw, 952px\" \/>\t\t\t\t\t\t\t\t<\/a>\n\t\t\t\t\t\t\t<\/div>\n\t\t\t\t\t\t\t<div class=\"post-image-mask\">\n\t\t\t\t\t\t\t\t<span><\/span>\n\t\t\t\t\t\t\t<\/div>\n\n\t\t\t\t\t\t\n\t\t\t\t\t<\/figure>\n\t\t\t\t\n\t\t\t\t\t\t\t\t\t\t\t\t<div class=\"post-date wd-post-date wd-style-with-bg\" onclick=\"\">\n\t\t\t\t<span class=\"post-date-day\">\n\t\t\t\t\t30\t\t\t\t<\/span>\n\t\t\t\t<span class=\"post-date-month\">\n\t\t\t\t\tjun\t\t\t\t<\/span>\n\t\t\t<\/div>\n\t\t\t\t\t\t\n\t\t\t<\/header><!-- .entry-header -->\n\n\t\t<div class=\"article-body-container\">\n\t\t\t\n\t\t\t\t\n\t\t\t\t\t\t\t\t\t<h3 class=\"wd-entities-title title post-title\">\n\t\t\t\t\t\t<a href=\"https:\/\/almafitness.com.br\/caminhada-reduz-colesterol\/\" rel=\"bookmark\">Descubra como a caminhada pode reduzir o colesterol<\/a>\n\t\t\t\t\t<\/h3>\n\t\t\t\t\n\t\t\t\t\t\t\t\n\t\t\t\t\t\t\t\n\t\t\t\t                    <div class=\"entry-content wd-entry-content\">\n\t\t\t\t\t\t<p>A pr\u00e1tica regular de caminhada pode diminuir os n\u00edveis de colesterol e promover uma vida mais saud\u00e1vel.<\/p>\n\n\t\t\t\t\t\t\t\t\t\t\t<\/div><!-- .entry-content -->\n\t\t\t\t\n\t\t\t\t\t\t\t\t\t\t\t\t\t\t<p class=\"read-more-section\">\n\t\t\t\t\t\t<a class=\"btn-read-more more-link\" href=\"https:\/\/almafitness.com.br\/caminhada-reduz-colesterol\/\">Continue lendo<\/a>\t\t\t\t\t<\/p>\n\t\t\t\t\t\t\t\t\t\t\t\n\t\t\t\n\t\t\t\t\t<\/div>\n\t<\/div>\n<\/article><!-- #post -->\n\n\n\t\t\t\t\t\t\t\t\t\t\t\n<article id=\"post-20541\" class=\"blog-design-masonry blog-post-loop blog-style-bg wd-add-shadow  col-lg-4 col-md-4 col-sm-6 col-12 post-20541 post type-post status-publish format-standard has-post-thumbnail hentry category-corrida-e-caminhada\">\n\t<div class=\"article-inner\">\n\t\t\t\t\t<header class=\"entry-header\">\n\t\t\t\t\t\t\t\t\t\n\t\t\t\t\t<figure id=\"carousel-633\" class=\"entry-thumbnail\" data-owl-carousel data-hide_pagination_control=\"yes\" data-desktop=\"1\" data-tablet=\"1\" data-tablet_landscape=\"1\" data-mobile=\"1\">\n\t\t\t\t\t\t\n\t\t\t\t\t\t\t<div class=\"post-img-wrapp\">\n\t\t\t\t\t\t\t\t<a href=\"https:\/\/almafitness.com.br\/caminhada-rapida-emagrece\/\">\n\t\t\t\t\t\t\t\t\t<img width=\"940\" height=\"626\" src=\"https:\/\/almafitness.com.br\/wp-content\/uploads\/2023\/10\/caminhada-rapida-emagrece.webp\" class=\"attachment-large size-large\" alt=\"caminhada rapida emagrece\" decoding=\"async\" srcset=\"\/\/almafitness.com.br\/wp-content\/uploads\/2023\/10\/caminhada-rapida-emagrece.webp 940w, \/\/almafitness.com.br\/wp-content\/uploads\/2023\/10\/caminhada-rapida-emagrece-150x100.webp 150w, \/\/almafitness.com.br\/wp-content\/uploads\/2023\/10\/caminhada-rapida-emagrece-300x200.webp 300w, \/\/almafitness.com.br\/wp-content\/uploads\/2023\/10\/caminhada-rapida-emagrece-768x511.webp 768w\" sizes=\"(max-width: 940px) 100vw, 940px\" \/>\t\t\t\t\t\t\t\t<\/a>\n\t\t\t\t\t\t\t<\/div>\n\t\t\t\t\t\t\t<div class=\"post-image-mask\">\n\t\t\t\t\t\t\t\t<span><\/span>\n\t\t\t\t\t\t\t<\/div>\n\n\t\t\t\t\t\t\n\t\t\t\t\t<\/figure>\n\t\t\t\t\n\t\t\t\t\t\t\t\t\t\t\t\t<div class=\"post-date wd-post-date wd-style-with-bg\" onclick=\"\">\n\t\t\t\t<span class=\"post-date-day\">\n\t\t\t\t\t30\t\t\t\t<\/span>\n\t\t\t\t<span class=\"post-date-month\">\n\t\t\t\t\tjun\t\t\t\t<\/span>\n\t\t\t<\/div>\n\t\t\t\t\t\t\n\t\t\t<\/header><!-- .entry-header -->\n\n\t\t<div class=\"article-body-container\">\n\t\t\t\n\t\t\t\t\n\t\t\t\t\t\t\t\t\t<h3 class=\"wd-entities-title title post-title\">\n\t\t\t\t\t\t<a href=\"https:\/\/almafitness.com.br\/caminhada-rapida-emagrece\/\" rel=\"bookmark\">Caminhada R\u00e1pida Emagrece: Descubra os Benef\u00edcios!<\/a>\n\t\t\t\t\t<\/h3>\n\t\t\t\t\n\t\t\t\t\t\t\t\n\t\t\t\t\t\t\t\n\t\t\t\t                    <div class=\"entry-content wd-entry-content\">\n\t\t\t\t\t\t<p>A pr\u00e1tica regular de caminhada r\u00e1pida pode ser eficaz para emagrecer de forma saud\u00e1vel e gradual.<\/p>\n\n\t\t\t\t\t\t\t\t\t\t\t<\/div><!-- .entry-content -->\n\t\t\t\t\n\t\t\t\t\t\t\t\t\t\t\t\t\t\t<p class=\"read-more-section\">\n\t\t\t\t\t\t<a class=\"btn-read-more more-link\" href=\"https:\/\/almafitness.com.br\/caminhada-rapida-emagrece\/\">Continue lendo<\/a>\t\t\t\t\t<\/p>\n\t\t\t\t\t\t\t\t\t\t\t\n\t\t\t\n\t\t\t\t\t<\/div>\n\t<\/div>\n<\/article><!-- #post -->\n\n\n\t\t\t\t\t\t\t\t\t\t\t\n<article id=\"post-20534\" class=\"blog-design-masonry blog-post-loop blog-style-bg wd-add-shadow  col-lg-4 col-md-4 col-sm-6 col-12 last  post-20534 post type-post status-publish format-standard has-post-thumbnail hentry category-corrida-e-caminhada\">\n\t<div class=\"article-inner\">\n\t\t\t\t\t<header class=\"entry-header\">\n\t\t\t\t\t\t\t\t\t\n\t\t\t\t\t<figure id=\"carousel-201\" class=\"entry-thumbnail\" data-owl-carousel data-hide_pagination_control=\"yes\" data-desktop=\"1\" data-tablet=\"1\" data-tablet_landscape=\"1\" data-mobile=\"1\">\n\t\t\t\t\t\t\n\t\t\t\t\t\t\t<div class=\"post-img-wrapp\">\n\t\t\t\t\t\t\t\t<a href=\"https:\/\/almafitness.com.br\/caminhada-quanto-tempo-por-dia\/\">\n\t\t\t\t\t\t\t\t\t<img width=\"945\" height=\"630\" src=\"https:\/\/almafitness.com.br\/wp-content\/uploads\/2023\/10\/caminhada-quanto-tempo-por-dia.webp\" class=\"attachment-large size-large\" alt=\"caminhada quanto tempo por dia\" decoding=\"async\" srcset=\"\/\/almafitness.com.br\/wp-content\/uploads\/2023\/10\/caminhada-quanto-tempo-por-dia.webp 945w, \/\/almafitness.com.br\/wp-content\/uploads\/2023\/10\/caminhada-quanto-tempo-por-dia-150x100.webp 150w, \/\/almafitness.com.br\/wp-content\/uploads\/2023\/10\/caminhada-quanto-tempo-por-dia-300x200.webp 300w, \/\/almafitness.com.br\/wp-content\/uploads\/2023\/10\/caminhada-quanto-tempo-por-dia-768x512.webp 768w\" sizes=\"(max-width: 945px) 100vw, 945px\" \/>\t\t\t\t\t\t\t\t<\/a>\n\t\t\t\t\t\t\t<\/div>\n\t\t\t\t\t\t\t<div class=\"post-image-mask\">\n\t\t\t\t\t\t\t\t<span><\/span>\n\t\t\t\t\t\t\t<\/div>\n\n\t\t\t\t\t\t\n\t\t\t\t\t<\/figure>\n\t\t\t\t\n\t\t\t\t\t\t\t\t\t\t\t\t<div class=\"post-date wd-post-date wd-style-with-bg\" onclick=\"\">\n\t\t\t\t<span class=\"post-date-day\">\n\t\t\t\t\t29\t\t\t\t<\/span>\n\t\t\t\t<span class=\"post-date-month\">\n\t\t\t\t\tjun\t\t\t\t<\/span>\n\t\t\t<\/div>\n\t\t\t\t\t\t\n\t\t\t<\/header><!-- .entry-header -->\n\n\t\t<div class=\"article-body-container\">\n\t\t\t\n\t\t\t\t\n\t\t\t\t\t\t\t\t\t<h3 class=\"wd-entities-title title post-title\">\n\t\t\t\t\t\t<a href=\"https:\/\/almafitness.com.br\/caminhada-quanto-tempo-por-dia\/\" rel=\"bookmark\">Descubra os benef\u00edcios da caminhada e saiba por quanto tempo voc\u00ea deve praticar por dia<\/a>\n\t\t\t\t\t<\/h3>\n\t\t\t\t\n\t\t\t\t\t\t\t\n\t\t\t\t\t\t\t\n\t\t\t\t                    <div class=\"entry-content wd-entry-content\">\n\t\t\t\t\t\t<p>Explore os benef\u00edcios da caminhada quanto tempo por dia e crie um h\u00e1bito saud\u00e1vel para sua rotina.<\/p>\n\n\t\t\t\t\t\t\t\t\t\t\t<\/div><!-- .entry-content -->\n\t\t\t\t\n\t\t\t\t\t\t\t\t\t\t\t\t\t\t<p class=\"read-more-section\">\n\t\t\t\t\t\t<a class=\"btn-read-more more-link\" href=\"https:\/\/almafitness.com.br\/caminhada-quanto-tempo-por-dia\/\">Continue lendo<\/a>\t\t\t\t\t<\/p>\n\t\t\t\t\t\t\t\t\t\t\t\n\t\t\t\n\t\t\t\t\t<\/div>\n\t<\/div>\n<\/article><!-- #post -->\n\n\n\t\t\t\t\t\t\t\t\t\t\t\n<article id=\"post-20527\" class=\"blog-design-masonry blog-post-loop blog-style-bg wd-add-shadow  col-lg-4 col-md-4 col-sm-6 col-12 first  post-20527 post type-post status-publish format-standard has-post-thumbnail hentry category-corrida-e-caminhada\">\n\t<div class=\"article-inner\">\n\t\t\t\t\t<header class=\"entry-header\">\n\t\t\t\t\t\t\t\t\t\n\t\t\t\t\t<figure id=\"carousel-150\" class=\"entry-thumbnail\" data-owl-carousel data-hide_pagination_control=\"yes\" data-desktop=\"1\" data-tablet=\"1\" data-tablet_landscape=\"1\" data-mobile=\"1\">\n\t\t\t\t\t\t\n\t\t\t\t\t\t\t<div class=\"post-img-wrapp\">\n\t\t\t\t\t\t\t\t<a href=\"https:\/\/almafitness.com.br\/caminhada-queima-calorias\/\">\n\t\t\t\t\t\t\t\t\t<img width=\"1024\" height=\"576\" src=\"https:\/\/almafitness.com.br\/wp-content\/uploads\/2023\/10\/caminhada-queima-calorias-1024x576.webp\" class=\"attachment-large size-large\" alt=\"caminhada queima calorias\" decoding=\"async\" srcset=\"\/\/almafitness.com.br\/wp-content\/uploads\/2023\/10\/caminhada-queima-calorias-1024x576.webp 1024w, \/\/almafitness.com.br\/wp-content\/uploads\/2023\/10\/caminhada-queima-calorias-150x84.webp 150w, \/\/almafitness.com.br\/wp-content\/uploads\/2023\/10\/caminhada-queima-calorias-300x169.webp 300w, \/\/almafitness.com.br\/wp-content\/uploads\/2023\/10\/caminhada-queima-calorias-768x432.webp 768w, \/\/almafitness.com.br\/wp-content\/uploads\/2023\/10\/caminhada-queima-calorias.webp 1120w\" sizes=\"(max-width: 1024px) 100vw, 1024px\" \/>\t\t\t\t\t\t\t\t<\/a>\n\t\t\t\t\t\t\t<\/div>\n\t\t\t\t\t\t\t<div class=\"post-image-mask\">\n\t\t\t\t\t\t\t\t<span><\/span>\n\t\t\t\t\t\t\t<\/div>\n\n\t\t\t\t\t\t\n\t\t\t\t\t<\/figure>\n\t\t\t\t\n\t\t\t\t\t\t\t\t\t\t\t\t<div class=\"post-date wd-post-date wd-style-with-bg\" onclick=\"\">\n\t\t\t\t<span class=\"post-date-day\">\n\t\t\t\t\t29\t\t\t\t<\/span>\n\t\t\t\t<span class=\"post-date-month\">\n\t\t\t\t\tjun\t\t\t\t<\/span>\n\t\t\t<\/div>\n\t\t\t\t\t\t\n\t\t\t<\/header><!-- .entry-header -->\n\n\t\t<div class=\"article-body-container\">\n\t\t\t\n\t\t\t\t\n\t\t\t\t\t\t\t\t\t<h3 class=\"wd-entities-title title post-title\">\n\t\t\t\t\t\t<a href=\"https:\/\/almafitness.com.br\/caminhada-queima-calorias\/\" rel=\"bookmark\">Descubra os Benef\u00edcios: Caminhada Queima Calorias<\/a>\n\t\t\t\t\t<\/h3>\n\t\t\t\t\n\t\t\t\t\t\t\t\n\t\t\t\t\t\t\t\n\t\t\t\t                    <div class=\"entry-content wd-entry-content\">\n\t\t\t\t\t\t<p>Pratique a caminhada queima calorias e tenha uma vida mais saud\u00e1vel e ativa!<\/p>\n\n\t\t\t\t\t\t\t\t\t\t\t<\/div><!-- .entry-content -->\n\t\t\t\t\n\t\t\t\t\t\t\t\t\t\t\t\t\t\t<p class=\"read-more-section\">\n\t\t\t\t\t\t<a class=\"btn-read-more more-link\" href=\"https:\/\/almafitness.com.br\/caminhada-queima-calorias\/\">Continue lendo<\/a>\t\t\t\t\t<\/p>\n\t\t\t\t\t\t\t\t\t\t\t\n\t\t\t\n\t\t\t\t\t<\/div>\n\t<\/div>\n<\/article><!-- #post -->\n\n\n\t\t\t\t\t\t\t\t\t\t\t\n<article id=\"post-20520\" class=\"blog-design-masonry blog-post-loop blog-style-bg wd-add-shadow  col-lg-4 col-md-4 col-sm-6 col-12 post-20520 post type-post status-publish format-standard has-post-thumbnail hentry category-corrida-e-caminhada\">\n\t<div class=\"article-inner\">\n\t\t\t\t\t<header class=\"entry-header\">\n\t\t\t\t\t\t\t\t\t\n\t\t\t\t\t<figure id=\"carousel-467\" class=\"entry-thumbnail\" data-owl-carousel data-hide_pagination_control=\"yes\" data-desktop=\"1\" data-tablet=\"1\" data-tablet_landscape=\"1\" data-mobile=\"1\">\n\t\t\t\t\t\t\n\t\t\t\t\t\t\t<div class=\"post-img-wrapp\">\n\t\t\t\t\t\t\t\t<a href=\"https:\/\/almafitness.com.br\/caminhada-olimpica\/\">\n\t\t\t\t\t\t\t\t\t<img width=\"750\" height=\"458\" src=\"https:\/\/almafitness.com.br\/wp-content\/uploads\/2023\/10\/caminhada-olimpica.webp\" class=\"attachment-large size-large\" alt=\"caminhada olimpica\" decoding=\"async\" srcset=\"\/\/almafitness.com.br\/wp-content\/uploads\/2023\/10\/caminhada-olimpica.webp 750w, \/\/almafitness.com.br\/wp-content\/uploads\/2023\/10\/caminhada-olimpica-150x92.webp 150w, \/\/almafitness.com.br\/wp-content\/uploads\/2023\/10\/caminhada-olimpica-300x183.webp 300w\" sizes=\"(max-width: 750px) 100vw, 750px\" \/>\t\t\t\t\t\t\t\t<\/a>\n\t\t\t\t\t\t\t<\/div>\n\t\t\t\t\t\t\t<div class=\"post-image-mask\">\n\t\t\t\t\t\t\t\t<span><\/span>\n\t\t\t\t\t\t\t<\/div>\n\n\t\t\t\t\t\t\n\t\t\t\t\t<\/figure>\n\t\t\t\t\n\t\t\t\t\t\t\t\t\t\t\t\t<div class=\"post-date wd-post-date wd-style-with-bg\" onclick=\"\">\n\t\t\t\t<span class=\"post-date-day\">\n\t\t\t\t\t29\t\t\t\t<\/span>\n\t\t\t\t<span class=\"post-date-month\">\n\t\t\t\t\tjun\t\t\t\t<\/span>\n\t\t\t<\/div>\n\t\t\t\t\t\t\n\t\t\t<\/header><!-- .entry-header -->\n\n\t\t<div class=\"article-body-container\">\n\t\t\t\n\t\t\t\t\n\t\t\t\t\t\t\t\t\t<h3 class=\"wd-entities-title title post-title\">\n\t\t\t\t\t\t<a href=\"https:\/\/almafitness.com.br\/caminhada-olimpica\/\" rel=\"bookmark\">Descubra os benef\u00edcios da caminhada ol\u00edmpica: sa\u00fade e supera\u00e7\u00e3o!<\/a>\n\t\t\t\t\t<\/h3>\n\t\t\t\t\n\t\t\t\t\t\t\t\n\t\t\t\t\t\t\t\n\t\t\t\t                    <div class=\"entry-content wd-entry-content\">\n\t\t\t\t\t\t<p>A caminhada ol\u00edmpica \u00e9 uma modalidade esportiva que combina resist\u00eancia f\u00edsica e t\u00e9cnica, presente nos Jogos Ol\u00edmpicos desde 1908.<\/p>\n\n\t\t\t\t\t\t\t\t\t\t\t<\/div><!-- .entry-content -->\n\t\t\t\t\n\t\t\t\t\t\t\t\t\t\t\t\t\t\t<p class=\"read-more-section\">\n\t\t\t\t\t\t<a class=\"btn-read-more more-link\" href=\"https:\/\/almafitness.com.br\/caminhada-olimpica\/\">Continue lendo<\/a>\t\t\t\t\t<\/p>\n\t\t\t\t\t\t\t\t\t\t\t\n\t\t\t\n\t\t\t\t\t<\/div>\n\t<\/div>\n<\/article><!-- #post -->\n\n\n\t\t\t\t\t\t\t\t\t\t\t\n<article id=\"post-20513\" class=\"blog-design-masonry blog-post-loop blog-style-bg wd-add-shadow  col-lg-4 col-md-4 col-sm-6 col-12 last  post-20513 post type-post status-publish format-standard has-post-thumbnail hentry category-corrida-e-caminhada\">\n\t<div class=\"article-inner\">\n\t\t\t\t\t<header class=\"entry-header\">\n\t\t\t\t\t\t\t\t\t\n\t\t\t\t\t<figure id=\"carousel-818\" class=\"entry-thumbnail\" data-owl-carousel data-hide_pagination_control=\"yes\" data-desktop=\"1\" data-tablet=\"1\" data-tablet_landscape=\"1\" data-mobile=\"1\">\n\t\t\t\t\t\t\n\t\t\t\t\t\t\t<div class=\"post-img-wrapp\">\n\t\t\t\t\t\t\t\t<a href=\"https:\/\/almafitness.com.br\/caminhada-melhora-ansiedade\/\">\n\t\t\t\t\t\t\t\t\t<img width=\"800\" height=\"533\" src=\"https:\/\/almafitness.com.br\/wp-content\/uploads\/2023\/10\/caminhada-melhora-ansiedade.webp\" class=\"attachment-large size-large\" alt=\"caminhada melhora ansiedade\" decoding=\"async\" srcset=\"\/\/almafitness.com.br\/wp-content\/uploads\/2023\/10\/caminhada-melhora-ansiedade.webp 800w, \/\/almafitness.com.br\/wp-content\/uploads\/2023\/10\/caminhada-melhora-ansiedade-150x100.webp 150w, \/\/almafitness.com.br\/wp-content\/uploads\/2023\/10\/caminhada-melhora-ansiedade-300x200.webp 300w, \/\/almafitness.com.br\/wp-content\/uploads\/2023\/10\/caminhada-melhora-ansiedade-768x512.webp 768w\" sizes=\"(max-width: 800px) 100vw, 800px\" \/>\t\t\t\t\t\t\t\t<\/a>\n\t\t\t\t\t\t\t<\/div>\n\t\t\t\t\t\t\t<div class=\"post-image-mask\">\n\t\t\t\t\t\t\t\t<span><\/span>\n\t\t\t\t\t\t\t<\/div>\n\n\t\t\t\t\t\t\n\t\t\t\t\t<\/figure>\n\t\t\t\t\n\t\t\t\t\t\t\t\t\t\t\t\t<div class=\"post-date wd-post-date wd-style-with-bg\" onclick=\"\">\n\t\t\t\t<span class=\"post-date-day\">\n\t\t\t\t\t28\t\t\t\t<\/span>\n\t\t\t\t<span class=\"post-date-month\">\n\t\t\t\t\tjun\t\t\t\t<\/span>\n\t\t\t<\/div>\n\t\t\t\t\t\t\n\t\t\t<\/header><!-- .entry-header -->\n\n\t\t<div class=\"article-body-container\">\n\t\t\t\n\t\t\t\t\n\t\t\t\t\t\t\t\t\t<h3 class=\"wd-entities-title title post-title\">\n\t\t\t\t\t\t<a href=\"https:\/\/almafitness.com.br\/caminhada-melhora-ansiedade\/\" rel=\"bookmark\">Descubra como a caminhada melhora sua ansiedade<\/a>\n\t\t\t\t\t<\/h3>\n\t\t\t\t\n\t\t\t\t\t\t\t\n\t\t\t\t\t\t\t\n\t\t\t\t                    <div class=\"entry-content wd-entry-content\">\n\t\t\t\t\t\t<p>A pr\u00e1tica regular de caminhada ajuda a reduzir a ansiedade, proporcionando bem-estar e equil\u00edbrio emocional.<\/p>\n\n\t\t\t\t\t\t\t\t\t\t\t<\/div><!-- .entry-content -->\n\t\t\t\t\n\t\t\t\t\t\t\t\t\t\t\t\t\t\t<p class=\"read-more-section\">\n\t\t\t\t\t\t<a class=\"btn-read-more more-link\" href=\"https:\/\/almafitness.com.br\/caminhada-melhora-ansiedade\/\">Continue lendo<\/a>\t\t\t\t\t<\/p>\n\t\t\t\t\t\t\t\t\t\t\t\n\t\t\t\n\t\t\t\t\t<\/div>\n\t<\/div>\n<\/article><!-- #post -->\n\n\n\t\t\t\t\t\t\t\t\t\t\t\n<article id=\"post-20506\" class=\"blog-design-masonry blog-post-loop blog-style-bg wd-add-shadow  col-lg-4 col-md-4 col-sm-6 col-12 first  post-20506 post type-post status-publish format-standard has-post-thumbnail hentry category-corrida-e-caminhada\">\n\t<div class=\"article-inner\">\n\t\t\t\t\t<header class=\"entry-header\">\n\t\t\t\t\t\t\t\t\t\n\t\t\t\t\t<figure id=\"carousel-374\" class=\"entry-thumbnail\" data-owl-carousel data-hide_pagination_control=\"yes\" data-desktop=\"1\" data-tablet=\"1\" data-tablet_landscape=\"1\" data-mobile=\"1\">\n\t\t\t\t\t\t\n\t\t\t\t\t\t\t<div class=\"post-img-wrapp\">\n\t\t\t\t\t\t\t\t<a href=\"https:\/\/almafitness.com.br\/caminhada-lateral-com-mini-band\/\">\n\t\t\t\t\t\t\t\t\t<img width=\"1024\" height=\"576\" src=\"https:\/\/almafitness.com.br\/wp-content\/uploads\/2023\/10\/caminhada-lateral-com-mini-band-1024x576.webp\" class=\"attachment-large size-large\" alt=\"caminhada lateral com mini band\" decoding=\"async\" srcset=\"\/\/almafitness.com.br\/wp-content\/uploads\/2023\/10\/caminhada-lateral-com-mini-band-1024x576.webp 1024w, \/\/almafitness.com.br\/wp-content\/uploads\/2023\/10\/caminhada-lateral-com-mini-band-150x84.webp 150w, \/\/almafitness.com.br\/wp-content\/uploads\/2023\/10\/caminhada-lateral-com-mini-band-300x169.webp 300w, \/\/almafitness.com.br\/wp-content\/uploads\/2023\/10\/caminhada-lateral-com-mini-band-768x432.webp 768w, \/\/almafitness.com.br\/wp-content\/uploads\/2023\/10\/caminhada-lateral-com-mini-band.webp 1120w\" sizes=\"(max-width: 1024px) 100vw, 1024px\" \/>\t\t\t\t\t\t\t\t<\/a>\n\t\t\t\t\t\t\t<\/div>\n\t\t\t\t\t\t\t<div class=\"post-image-mask\">\n\t\t\t\t\t\t\t\t<span><\/span>\n\t\t\t\t\t\t\t<\/div>\n\n\t\t\t\t\t\t\n\t\t\t\t\t<\/figure>\n\t\t\t\t\n\t\t\t\t\t\t\t\t\t\t\t\t<div class=\"post-date wd-post-date wd-style-with-bg\" onclick=\"\">\n\t\t\t\t<span class=\"post-date-day\">\n\t\t\t\t\t28\t\t\t\t<\/span>\n\t\t\t\t<span class=\"post-date-month\">\n\t\t\t\t\tjun\t\t\t\t<\/span>\n\t\t\t<\/div>\n\t\t\t\t\t\t\n\t\t\t<\/header><!-- .entry-header -->\n\n\t\t<div class=\"article-body-container\">\n\t\t\t\n\t\t\t\t\n\t\t\t\t\t\t\t\t\t<h3 class=\"wd-entities-title title post-title\">\n\t\t\t\t\t\t<a href=\"https:\/\/almafitness.com.br\/caminhada-lateral-com-mini-band\/\" rel=\"bookmark\">Melhore sua estabilidade com a caminhada lateral com mini band<\/a>\n\t\t\t\t\t<\/h3>\n\t\t\t\t\n\t\t\t\t\t\t\t\n\t\t\t\t\t\t\t\n\t\t\t\t                    <div class=\"entry-content wd-entry-content\">\n\t\t\t\t\t\t<p>A caminhada lateral com mini band \u00e9 um exerc\u00edcio eficaz para fortalecer os m\u00fasculos laterais das pernas e gl\u00fateos.<\/p>\n\n\t\t\t\t\t\t\t\t\t\t\t<\/div><!-- .entry-content -->\n\t\t\t\t\n\t\t\t\t\t\t\t\t\t\t\t\t\t\t<p class=\"read-more-section\">\n\t\t\t\t\t\t<a class=\"btn-read-more more-link\" href=\"https:\/\/almafitness.com.br\/caminhada-lateral-com-mini-band\/\">Continue lendo<\/a>\t\t\t\t\t<\/p>\n\t\t\t\t\t\t\t\t\t\t\t\n\t\t\t\n\t\t\t\t\t<\/div>\n\t<\/div>\n<\/article><!-- #post -->\n\n\n\t\t\t\t\t\t\t\t\t\t\t\n<article id=\"post-20499\" class=\"blog-design-masonry blog-post-loop blog-style-bg wd-add-shadow  col-lg-4 col-md-4 col-sm-6 col-12 post-20499 post type-post status-publish format-standard has-post-thumbnail hentry category-corrida-e-caminhada\">\n\t<div class=\"article-inner\">\n\t\t\t\t\t<header class=\"entry-header\">\n\t\t\t\t\t\t\t\t\t\n\t\t\t\t\t<figure id=\"carousel-602\" class=\"entry-thumbnail\" data-owl-carousel data-hide_pagination_control=\"yes\" data-desktop=\"1\" data-tablet=\"1\" data-tablet_landscape=\"1\" data-mobile=\"1\">\n\t\t\t\t\t\t\n\t\t\t\t\t\t\t<div class=\"post-img-wrapp\">\n\t\t\t\t\t\t\t\t<a href=\"https:\/\/almafitness.com.br\/caminhada-infantil\/\">\n\t\t\t\t\t\t\t\t\t<img width=\"768\" height=\"512\" src=\"https:\/\/almafitness.com.br\/wp-content\/uploads\/2023\/10\/caminhada-infantil.webp\" class=\"attachment-large size-large\" alt=\"caminhada infantil\" decoding=\"async\" srcset=\"\/\/almafitness.com.br\/wp-content\/uploads\/2023\/10\/caminhada-infantil.webp 768w, \/\/almafitness.com.br\/wp-content\/uploads\/2023\/10\/caminhada-infantil-150x100.webp 150w, \/\/almafitness.com.br\/wp-content\/uploads\/2023\/10\/caminhada-infantil-300x200.webp 300w\" sizes=\"(max-width: 768px) 100vw, 768px\" \/>\t\t\t\t\t\t\t\t<\/a>\n\t\t\t\t\t\t\t<\/div>\n\t\t\t\t\t\t\t<div class=\"post-image-mask\">\n\t\t\t\t\t\t\t\t<span><\/span>\n\t\t\t\t\t\t\t<\/div>\n\n\t\t\t\t\t\t\n\t\t\t\t\t<\/figure>\n\t\t\t\t\n\t\t\t\t\t\t\t\t\t\t\t\t<div class=\"post-date wd-post-date wd-style-with-bg\" onclick=\"\">\n\t\t\t\t<span class=\"post-date-day\">\n\t\t\t\t\t28\t\t\t\t<\/span>\n\t\t\t\t<span class=\"post-date-month\">\n\t\t\t\t\tjun\t\t\t\t<\/span>\n\t\t\t<\/div>\n\t\t\t\t\t\t\n\t\t\t<\/header><!-- .entry-header -->\n\n\t\t<div class=\"article-body-container\">\n\t\t\t\n\t\t\t\t\n\t\t\t\t\t\t\t\t\t<h3 class=\"wd-entities-title title post-title\">\n\t\t\t\t\t\t<a href=\"https:\/\/almafitness.com.br\/caminhada-infantil\/\" rel=\"bookmark\">Descubra os benef\u00edcios da caminhada infantil: um h\u00e1bito saud\u00e1vel<\/a>\n\t\t\t\t\t<\/h3>\n\t\t\t\t\n\t\t\t\t\t\t\t\n\t\t\t\t\t\t\t\n\t\t\t\t                    <div class=\"entry-content wd-entry-content\">\n\t\t\t\t\t\t<p>Uma atividade divertida e saud\u00e1vel que envolve crian\u00e7as explorando a natureza durante uma caminhada suave.<\/p>\n\n\t\t\t\t\t\t\t\t\t\t\t<\/div><!-- .entry-content -->\n\t\t\t\t\n\t\t\t\t\t\t\t\t\t\t\t\t\t\t<p class=\"read-more-section\">\n\t\t\t\t\t\t<a class=\"btn-read-more more-link\" href=\"https:\/\/almafitness.com.br\/caminhada-infantil\/\">Continue lendo<\/a>\t\t\t\t\t<\/p>\n\t\t\t\t\t\t\t\t\t\t\t\n\t\t\t\n\t\t\t\t\t<\/div>\n\t<\/div>\n<\/article><!-- #post -->\n\n\n\t\t\t\t\t\n\t\t\t\t\t","status":"have-posts","nextPage":"https:\/\/almafitness.com.br\/blog\/page\/14\/?woo_ajax=1","currentPage":"https:\/\/almafitness.com.br\/blog\/page\/13"}